{"id":8495,"date":"2016-10-08T17:17:54","date_gmt":"2016-10-08T15:17:54","guid":{"rendered":"https:\/\/oldtimer-veranstaltung.de\/service\/?p=8495"},"modified":"2022-01-19T11:22:36","modified_gmt":"2022-01-19T10:22:36","slug":"traumgaragen-und-werkstaetten","status":"publish","type":"post","link":"https:\/\/oldtimer-veranstaltung.de\/service\/traumgaragen-und-werkstaetten\/","title":{"rendered":"Traumgaragen und Werkst\u00e4tten Fotos"},"content":{"rendered":"<p>Wer viel mit Sammlern historischer Mobilit\u00e4t in Kontakt ist, kann manche Traumgaragen besichtigen. Bei dieser Traumgaragen und Werkst\u00e4tten Fotogalerie werden bewu\u00dft keine Namen und Ortsangaben mitgeteilt, um die Eigent\u00fcmer zu sch\u00fctzen.<\/p>\n<figure id=\"attachment_8663\" aria-describedby=\"caption-attachment-8663\" style=\"width: 730px\" class=\"wp-caption aligncenter\"><a href=\"https:\/\/oldtimer-veranstaltung.de\/service\/wp-content\/uploads\/2016\/10\/Garage-Service.jpg\"><img loading=\"lazy\" decoding=\"async\" src=\"https:\/\/oldtimer-veranstaltung.de\/service\/wp-content\/uploads\/2016\/10\/Garage-Service.jpg\" alt=\"Garage &amp; Service\" width=\"730\" height=\"389\" class=\"size-full wp-image-8663\" srcset=\"https:\/\/oldtimer-veranstaltung.de\/service\/wp-content\/uploads\/2016\/10\/Garage-Service.jpg 730w, https:\/\/oldtimer-veranstaltung.de\/service\/wp-content\/uploads\/2016\/10\/Garage-Service-300x160.jpg 300w\" sizes=\"auto, (max-width: 730px) 100vw, 730px\" \/><\/a><figcaption id=\"caption-attachment-8663\" class=\"wp-caption-text\">Garage &#038; Service<\/figcaption><\/figure>\n<p>In der Fotogalerie geht es um Traumgaragen, Werkst\u00e4tten, Maschinen und Werkzeuge die sich vorwiegend um historische Fahrzeuge k\u00fcmmern und nicht um modernste hygienische Werkst\u00e4tten, in denen das Notebook und die On-Board-Diagnose (OBD) heute regieren und Fehlerspeicher ausgelesen werden.<\/p>\n<p>Hinweis: Mit Klick auf ein Foto mit dem Mauszeiger (PC) oder Ber\u00fchrung mit dem Finger (Smartphone, Tablet) wird der Wechsel zum n\u00e4chsten Foto durchgef\u00fchrt.<\/p>\n<p>Fotos <a href=\"https:\/\/oldtimer-veranstaltung.de\/2011\/12\/historische-werkstatteinrichtung\/\" title=\"historische Werkstatteinrichtung\" target=\"_blank\" rel=\"noopener\">historischer Werkstatteinrichtungen<\/a> findet der interessierte Leser mit dem angegebenen Link.<\/p>\n","protected":false},"excerpt":{"rendered":"<p>Wer viel mit Sammlern historischer Mobilit\u00e4t in Kontakt ist, kann manche Traumgaragen besichtigen. Bei dieser Traumgaragen und Werkst\u00e4tten Fotogalerie werden bewu\u00dft keine Namen und Ortsangaben mitgeteilt, um die Eigent\u00fcmer zu&#8230;<\/p>\n","protected":false},"author":1,"featured_media":0,"comment_status":"closed","ping_status":"closed","sticky":false,"template":"","format":"standard","meta":{"footnotes":""},"categories":[114,27,462],"tags":[459],"class_list":["post-8495","post","type-post","status-publish","format-standard","hentry","category-fotogalerien","category-reisen-berichte","category-schrauber-tipps","tag-werkstatt"],"_links":{"self":[{"href":"https:\/\/oldtimer-veranstaltung.de\/service\/wp-json\/wp\/v2\/posts\/8495","targetHints":{"allow":["GET"]}}],"collection":[{"href":"https:\/\/oldtimer-veranstaltung.de\/service\/wp-json\/wp\/v2\/posts"}],"about":[{"href":"https:\/\/oldtimer-veranstaltung.de\/service\/wp-json\/wp\/v2\/types\/post"}],"author":[{"embeddable":true,"href":"https:\/\/oldtimer-veranstaltung.de\/service\/wp-json\/wp\/v2\/users\/1"}],"replies":[{"embeddable":true,"href":"https:\/\/oldtimer-veranstaltung.de\/service\/wp-json\/wp\/v2\/comments?post=8495"}],"version-history":[{"count":0,"href":"https:\/\/oldtimer-veranstaltung.de\/service\/wp-json\/wp\/v2\/posts\/8495\/revisions"}],"wp:attachment":[{"href":"https:\/\/oldtimer-veranstaltung.de\/service\/wp-json\/wp\/v2\/media?parent=8495"}],"wp:term":[{"taxonomy":"category","embeddable":true,"href":"https:\/\/oldtimer-veranstaltung.de\/service\/wp-json\/wp\/v2\/categories?post=8495"},{"taxonomy":"post_tag","embeddable":true,"href":"https:\/\/oldtimer-veranstaltung.de\/service\/wp-json\/wp\/v2\/tags?post=8495"}],"curies":[{"name":"wp","href":"https:\/\/api.w.org\/{rel}","templated":true}]}}