{"id":8356,"date":"2016-08-24T20:16:01","date_gmt":"2016-08-24T18:16:01","guid":{"rendered":"https:\/\/oldtimer-veranstaltung.de\/service\/?p=8356"},"modified":"2016-08-24T20:16:01","modified_gmt":"2016-08-24T18:16:01","slug":"bmw-02-50-jahre-jubilaeumstour","status":"publish","type":"post","link":"https:\/\/oldtimer-veranstaltung.de\/service\/bmw-02-50-jahre-jubilaeumstour\/","title":{"rendered":"BMW 02 &#8211; 50 Jahre Jubil\u00e4umstour"},"content":{"rendered":"<p>Vor 50 Jahren eroberte der BMW 02 von M\u00fcnchen aus die Stra\u00dfen in aller Welt, nun wird die \u201eHamburg-Berlin-Klassik\u201c 2016 f\u00fcr ihn zu einer Jubil\u00e4umstour. Zu der Oldtimer-Rallye, die vom 25. bis zum 27. August 2016 von der Elbe an die Havel f\u00fchrt, hat die BMW Group Classic f\u00fcnf Modellvarianten der 1966 eingef\u00fchrten Baureihe gemeldet. Sie repr\u00e4sentieren die gro\u00dfe Vielfalt der schon damals unverwechselbaren Freude am Fahren. <\/p>\n<figure id=\"attachment_8359\" aria-describedby=\"caption-attachment-8359\" style=\"width: 730px\" class=\"wp-caption aligncenter\"><a href=\"https:\/\/oldtimer-veranstaltung.de\/service\/wp-content\/uploads\/2016\/08\/BMW-02.jpg\"><img loading=\"lazy\" decoding=\"async\" src=\"https:\/\/oldtimer-veranstaltung.de\/service\/wp-content\/uploads\/2016\/08\/BMW-02.jpg\" alt=\"BMW 02\" width=\"730\" height=\"548\" class=\"size-full wp-image-8359\" srcset=\"https:\/\/oldtimer-veranstaltung.de\/service\/wp-content\/uploads\/2016\/08\/BMW-02.jpg 730w, https:\/\/oldtimer-veranstaltung.de\/service\/wp-content\/uploads\/2016\/08\/BMW-02-300x225.jpg 300w\" sizes=\"auto, (max-width: 730px) 100vw, 730px\" \/><\/a><figcaption id=\"caption-attachment-8359\" class=\"wp-caption-text\">BMW 02<\/figcaption><\/figure>\n<p>Der Startschuss der Rallye f\u00e4llt vor der Fischauktionshalle im Hamburger Hafen. Ziel ist die Zentrale eines Verlages in Berlin. Dazwischen liegt eine rund 750 Kilometer lange Strecke, die in sechs Etappen unterteilt ist und \u00fcber Landstra\u00dfen durch einige der sehenswertesten Naturregionen des Nordens f\u00fchrt. Zum Auftakt steuert der Konvoi von Hamburg aus \u00fcber M\u00f6lln und Neustadt-Glewe das mecklenburgische G\u00f6hren-Lebbin an. Von dort aus folgt am zweiten Rallye-Tag eine Rundfahrt durch das Gebiet der Mecklenburgischen Seenplatte. \u00dcber Zehdenick und Oranienburg geht es schlie\u00dflich die Havel entlang bis nach Potsdam und von dort aus auf den Schlussspurt nach Berlin. Auch bei der neunten Auflage der \u201eHamburg-Berlin-Klassik\u201c engagiert sich BMW als Premium-Partner der Veranstaltung, zu der insgesamt mehr als 180 Klassiker aus nahezu s\u00e4mtlichen Epochen der Automobilhistorie gemeldet wurden.<\/p>\n<p>Von den 1960er- bis zu den 1970er-Jahren erstreckt sich die Erfolgsgeschichte des BMW 02. Der 1966 vorgestellte Zweit\u00fcrer BMW 1600 bildete die Grundlage f\u00fcr eine komplette Baureihe mit zahlreichen Motor- und Karosserievarianten, von der bis 1977 mehr als 860.000 Einheiten verkauft wurden und die obendrein auch im Tourenwagensport und bei Rallyes eine beeindruckende Siegesserie verbuchen konnte. Der BMW 02 wurde zur bis dahin meistverkauften Baureihe in der Geschichte des Unternehmens. <\/p>\n<p>Zum Durchbruch der damals schon sprichw\u00f6rtlichen Freude am Fahren auf den internationalen Automobilm\u00e4rkten trug dabei vor allem der besonders kraftvoll motorisierte BMW 2002 bei. Auch an die sportliche Karriere des BMW 02 wird auf der Klassiker-Tour erinnert. Daf\u00fcr sorgt der Auftritt jenes 190 PS starken Wettbewerbsfahrzeugs auf der Basis des BMW 2002 ti, mit dem der polnische Fahrer Sobieslaw Zasada 1971 die Rallye-Europameisterschaft gewann.<\/p>\n<p>Nach der zweit\u00fcrigen Limousine und mehreren Cabrio-Versionen pr\u00e4sentierte BMW ebenfalls 1971 ein f\u00fcr freizeitorientierte Fans der Fahrfreude entwickeltes Fahrzeugkonzept. Die mit dem Namenszusatz Touring versehene Karosserievariante wies anstelle des Stufenhecks eine schr\u00e4ge, oben angeschlagene Heckklappe auf. Die lange Dachlinie und die geteilt umklappbare Fondsitzlehne sorgten f\u00fcr mehr Kopffreiheit auf den hinteren Pl\u00e4tzen sowie f\u00fcr ein variabel nutzbares Gep\u00e4ckabteil. Der BMW 1802 touring, der f\u00fcr die \u201eHamburg-Berlin-Klassik\u201c 2016 nominiert wurde, wird von einem 90 PS starken Vierzylinder-Motor angetrieben und entstammt dem Baujahr 1973.<\/p>\n<figure id=\"attachment_8357\" aria-describedby=\"caption-attachment-8357\" style=\"width: 730px\" class=\"wp-caption aligncenter\"><a href=\"https:\/\/oldtimer-veranstaltung.de\/service\/wp-content\/uploads\/2016\/08\/Frua-BMW-Sportwagen-Studie.jpg\"><img loading=\"lazy\" decoding=\"async\" src=\"https:\/\/oldtimer-veranstaltung.de\/service\/wp-content\/uploads\/2016\/08\/Frua-BMW-Sportwagen-Studie.jpg\" alt=\"BMW Sportwagen-Studie von Pietro Frua\" width=\"730\" height=\"486\" class=\"size-full wp-image-8357\" srcset=\"https:\/\/oldtimer-veranstaltung.de\/service\/wp-content\/uploads\/2016\/08\/Frua-BMW-Sportwagen-Studie.jpg 730w, https:\/\/oldtimer-veranstaltung.de\/service\/wp-content\/uploads\/2016\/08\/Frua-BMW-Sportwagen-Studie-300x200.jpg 300w\" sizes=\"auto, (max-width: 730px) 100vw, 730px\" \/><\/a><figcaption id=\"caption-attachment-8357\" class=\"wp-caption-text\">BMW Sportwagen-Studie von Pietro Frua \u00a9 Fotoquelle und Bildrechte: BMW Group<\/figcaption><\/figure>\n<p>Ein Ehrenplatz in der Modellgeschichte des BMW 02 geb\u00fchrt au\u00dferdem einem Einzelst\u00fcck, das als weiterer Beleg f\u00fcr das herausragende Potenzial dieser Baureihe gilt. Der italienische Automobildesigner Pietro Frua lie\u00df sich bereits 1969 vom BMW 02 zu einer Sportwagen-Studie inspirieren. Im Jahr darauf pr\u00e4sentierte seine Designschmiede auf dem Pariser Automobilsalon einen weiteren Prototypen, der unter seinem sportlich-elegant gezeichneten Blechkleid die Technik des BMW 2002 ti trug. Dieses Fahrzeug wurde im Jahr 2002 in den Fundus der BMW Group Classic aufgenommen und absolviert nun einen seiner seltenen Ausfl\u00fcge auf \u00f6ffentlichen Stra\u00dfen.<\/p>\n<p>Weiter Beitr\u00e4ge \u00fcber den BMW 02:<\/p>\n<ul>\n<li><a href=\"https:\/\/oldtimer-veranstaltung.de\/2011\/04\/freude-am-fahren-mit-bmw-02\/\" title=\"Freude am Fahren mit BMW 02\" target=\"_blank\">Freude am Fahren mit BMW 02<\/a><\/li>\n<li><a href=\"https:\/\/oldtimer-veranstaltung.de\/service\/50-jahre-bmw-02-freude-am-fahren-im-kompakten-zweituerer\/\" title=\"50 Jahre BMW 02 \u2013 Freude am Fahren im Zweit\u00fcrer\" target=\"_blank\">50 Jahre BMW 02 \u2013 Freude am Fahren im Zweit\u00fcrer<\/a><\/li>\n<li><a href=\"https:\/\/oldtimer-veranstaltung.de\/inserat\/die-qual-der-wahl-alfa-romeo-giulia-oder-bmw-02\/\" title=\"Die Qual der Wahl \u2013 Alfa Romeo Giulia oder BMW 02\" target=\"_blank\">Die Qual der Wahl \u2013 Alfa Romeo Giulia oder BMW 02<\/a><\/li>\n<li><a href=\"https:\/\/oldtimer-veranstaltung.de\/2012\/02\/kultauto-bmw-02\/\" title=\"Kultauto BMW 02\" target=\"_blank\">Kultauto BMW 02<\/a><\/li>\n<li><a href=\"https:\/\/oldtimer-veranstaltung.de\/inserat\/bmw-02-mit-preissteigerungen\/\" title=\"BMW 02 mit Preissteigerungen\" target=\"_blank\">BMW 02 mit Preissteigerungen<\/a><\/li>\n<li><a href=\"https:\/\/oldtimer-veranstaltung.de\/2013\/06\/bmw-02-cabriolet-an-einem-sommerabend\/\" title=\"BMW 02 Cabriolet an einem Sommerabend\" target=\"_blank\">BMW 02 Cabriolet an einem Sommerabend<\/a><\/li>\n<li><a href=\"https:\/\/oldtimer-veranstaltung.de\/inserat\/bmw-2002\/\" title=\"BMW 2002 in seiner sch\u00f6nsten Form\" target=\"_blank\">BMW 2002 in seiner sch\u00f6nsten Form<\/a><\/li>\n<li><a href=\"https:\/\/oldtimer-veranstaltung.de\/2013\/01\/bmw-2002-turbo-vor-40-jahren-vorgestellt\/\" title=\"BMW 2002 Turbo vor 40 Jahren vorgestellt\" target=\"_blank\">BMW 2002 Turbo vor 40 Jahren vorgestellt<\/a><\/li>\n<\/ul>\n","protected":false},"excerpt":{"rendered":"<p>Vor 50 Jahren eroberte der BMW 02 von M\u00fcnchen aus die Stra\u00dfen in aller Welt, nun wird die \u201eHamburg-Berlin-Klassik\u201c 2016 f\u00fcr ihn zu einer Jubil\u00e4umstour. Zu der Oldtimer-Rallye, die vom&#8230;<\/p>\n","protected":false},"author":1,"featured_media":0,"comment_status":"closed","ping_status":"closed","sticky":false,"template":"","format":"standard","meta":{"footnotes":""},"categories":[526],"tags":[480,24],"class_list":["post-8356","post","type-post","status-publish","format-standard","hentry","category-bmw","tag-50-jahre","tag-portrait"],"_links":{"self":[{"href":"https:\/\/oldtimer-veranstaltung.de\/service\/wp-json\/wp\/v2\/posts\/8356","targetHints":{"allow":["GET"]}}],"collection":[{"href":"https:\/\/oldtimer-veranstaltung.de\/service\/wp-json\/wp\/v2\/posts"}],"about":[{"href":"https:\/\/oldtimer-veranstaltung.de\/service\/wp-json\/wp\/v2\/types\/post"}],"author":[{"embeddable":true,"href":"https:\/\/oldtimer-veranstaltung.de\/service\/wp-json\/wp\/v2\/users\/1"}],"replies":[{"embeddable":true,"href":"https:\/\/oldtimer-veranstaltung.de\/service\/wp-json\/wp\/v2\/comments?post=8356"}],"version-history":[{"count":0,"href":"https:\/\/oldtimer-veranstaltung.de\/service\/wp-json\/wp\/v2\/posts\/8356\/revisions"}],"wp:attachment":[{"href":"https:\/\/oldtimer-veranstaltung.de\/service\/wp-json\/wp\/v2\/media?parent=8356"}],"wp:term":[{"taxonomy":"category","embeddable":true,"href":"https:\/\/oldtimer-veranstaltung.de\/service\/wp-json\/wp\/v2\/categories?post=8356"},{"taxonomy":"post_tag","embeddable":true,"href":"https:\/\/oldtimer-veranstaltung.de\/service\/wp-json\/wp\/v2\/tags?post=8356"}],"curies":[{"name":"wp","href":"https:\/\/api.w.org\/{rel}","templated":true}]}}