{"id":7523,"date":"2016-02-19T18:36:34","date_gmt":"2016-02-19T17:36:34","guid":{"rendered":"https:\/\/oldtimer-veranstaltung.de\/service\/?p=7523"},"modified":"2022-01-19T11:25:16","modified_gmt":"2022-01-19T10:25:16","slug":"bmw-jubilaeen-2016","status":"publish","type":"post","link":"https:\/\/oldtimer-veranstaltung.de\/service\/bmw-jubilaeen-2016\/","title":{"rendered":"BMW Jubil\u00e4en 2016"},"content":{"rendered":"<p>F\u00fcr das weltbekannte Unternehmen BMW hat das Unternehmen diverse Jubil\u00e4en zu feiern. Es sind drei bedeutende Ereignisse:<\/p>\n<ul>\n<li>50 Jahre BMW 02<\/li>\n<li>80 Jahre BMW 328<\/li>\n<li><a href=\"https:\/\/oldtimer-veranstaltung.de\/service\/100-jahre-bmw-jubilaeum\/\" title=\"100 Jahre BMW\" target=\"_blank\" rel=\"noopener\">100 Jahre BMW<\/a><\/li>\n<\/ul>\n<p>Die offizielle Feier 100 Jahre BMW findet in M\u00fcnchen im <a href=\"https:\/\/oldtimer-veranstaltung.de\/kalender\/termine\/100-jahre-bmw-festival-im-olympiastadion-olympiapark\/\" title=\"Olympiastadium und im Olympiapark\" target=\"_blank\" rel=\"noopener\">Olympiastadium und im Olympiapark<\/a> statt.<\/p>\n<figure id=\"attachment_7525\" aria-describedby=\"caption-attachment-7525\" style=\"width: 730px\" class=\"wp-caption aligncenter\"><a href=\"https:\/\/oldtimer-veranstaltung.de\/service\/wp-content\/uploads\/2016\/02\/BMW-3.0-CSL.jpg\" rel=\"attachment wp-att-7525\"><img loading=\"lazy\" decoding=\"async\" src=\"https:\/\/oldtimer-veranstaltung.de\/service\/wp-content\/uploads\/2016\/02\/BMW-3.0-CSL.jpg\" alt=\"BMW 3.0 CSL\" width=\"730\" height=\"548\" class=\"size-full wp-image-7525\" srcset=\"https:\/\/oldtimer-veranstaltung.de\/service\/wp-content\/uploads\/2016\/02\/BMW-3.0-CSL.jpg 730w, https:\/\/oldtimer-veranstaltung.de\/service\/wp-content\/uploads\/2016\/02\/BMW-3.0-CSL-300x225.jpg 300w\" sizes=\"auto, (max-width: 730px) 100vw, 730px\" \/><\/a><figcaption id=\"caption-attachment-7525\" class=\"wp-caption-text\">BMW 3.0 CSL<\/figcaption><\/figure>\n<p>Im <a href=\"https:\/\/oldtimer-veranstaltung.de\/\" title=\"Klassiker- und Motormagazin\" target=\"_blank\" rel=\"noopener\">Klassiker- und Motormagazin<\/a> sind bereits viele Beitr\u00e4ge zum BMW 02 erschienen:<\/p>\n<ul>\n<li><a href=\"https:\/\/oldtimer-veranstaltung.de\/2011\/04\/freude-am-fahren-mit-bmw-02\/\" title=\"Freude am Fahren mit BMW 02\" target=\"_blank\" rel=\"noopener\">Freude am Fahren mit BMW 02<\/a><\/li>\n<li><a href=\"https:\/\/oldtimer-veranstaltung.de\/2012\/02\/kultauto-bmw-02\/\" title=\"Kultauto BMW 02\" target=\"_blank\" rel=\"noopener\">Kultauto BMW 02<\/a><\/li>\n<li><a href=\"https:\/\/oldtimer-veranstaltung.de\/inserat\/die-qual-der-wahl-alfa-romeo-giulia-oder-bmw-02\/\" title=\"Die Qual der Wahl \u2013 Alfa Romeo Giulia oder BMW 02\" target=\"_blank\" rel=\"noopener\">Die Qual der Wahl \u2013 Alfa Romeo Giulia oder BMW 02<\/a><\/li>\n<li><a href=\"https:\/\/oldtimer-veranstaltung.de\/inserat\/bmw-02-mit-preissteigerungen\/\" title=\"BMW 02 mit Preissteigerungen\" target=\"_blank\" rel=\"noopener\">BMW 02 mit Preissteigerungen<\/a><\/li>\n<li><a href=\"https:\/\/oldtimer-veranstaltung.de\/2013\/01\/bmw-2002-turbo-vor-40-jahren-vorgestellt\/\" title=\"BMW 2002 Turbo vor 40 Jahren vorgestellt\" target=\"_blank\" rel=\"noopener\">BMW 2002 Turbo vor 40 Jahren vorgestellt<\/a><\/li>\n<li><a href=\"https:\/\/oldtimer-veranstaltung.de\/2013\/06\/oldtimer-neuwagen-aus-sammlungsaufloesung\/\" title=\"Oldtimer \u201eNeuwagen\u201c aus Sammlungsaufl\u00f6sung\" target=\"_blank\" rel=\"noopener\">Oldtimer \u201eNeuwagen\u201c aus Sammlungsaufl\u00f6sung<\/a><\/li>\n<li><a href=\"https:\/\/oldtimer-veranstaltung.de\/2013\/04\/auto-buecher-der-kategorie-oldtimer\/\" title=\"Young Classic BMW 02\" target=\"_blank\" rel=\"noopener\">Young Classic BMW 02<\/a><\/li>\n<\/ul>\n<p>\u00dcber das Vorkriegsfahrzeug BMW 328 sind bereits folgende Beitr\u00e4ge bei oldtimer-veranstaltung.de erschienen:<\/p>\n<ul>\n<li><a href=\"https:\/\/oldtimer-veranstaltung.de\/2011\/06\/bmw-328-roadster-und-coupe\/\" title=\"BMW 328 Roadster und Coup\u00e9\" target=\"_blank\" rel=\"noopener\">BMW 328 Roadster und Coup\u00e9<\/a><\/li>\n<li><a href=\"https:\/\/oldtimer-veranstaltung.de\/2013\/04\/nachbau-getriebe-fuer-bmw-328\/\" title=\"Nachbau Getriebe f\u00fcr BMW 328\" target=\"_blank\" rel=\"noopener\">Nachbau Getriebe f\u00fcr BMW 328<\/a><\/li>\n<li><a href=\"https:\/\/oldtimer-veranstaltung.de\/inserat\/bmw-328-roadster-ein-begehrter-vorkriegssportwagen\/\" title=\"BMW 328 Roadster ein begehrter Vorkriegssportwagen\" target=\"_blank\" rel=\"noopener\">BMW 328 Roadster ein begehrter Vorkriegssportwagen<\/a><\/li>\n<li><a href=\"https:\/\/oldtimer-veranstaltung.de\/2013\/05\/bmw-328-bei-der-mille-miglia-2013\/\" title=\"BMW 328 auf der Mille Miglia 2013\" target=\"_blank\" rel=\"noopener\">BMW 328 auf der Mille Miglia 2013<\/a><\/li>\n<li><a href=\"https:\/\/oldtimer-veranstaltung.de\/service\/bmw-motorsport-legenden\/\" title=\"BMW Motorsport-Legenden\" target=\"_blank\" rel=\"noopener\">BMW Motorsport-Legenden<\/a><\/li>\n<\/ul>\n<p>Die Fotoauswahl zeigt einige der bekannten historischen BMW Fahrzeuge:<\/p>\n<p>Hinweis: Mit Klick auf ein Foto mit dem Mauszeiger (PC) oder Ber\u00fchrung mit dem Finger (Smartphone, Tablet) wird der Wechsel zum n\u00e4chsten Foto durchgef\u00fchrt.<\/p>\n<p>Weitere Beitr\u00e4ge zu dem Jubil\u00e4um 100 Jahre BMW Fahrzeuge finden Sie <a href=\"https:\/\/oldtimer-veranstaltung.de\/service\/category\/automodelle-autotypen\/bmw\/\" title=\"BMW Beitr\u00e4ge\" target=\"_blank\" rel=\"noopener\">hier<\/a> und an anderem <a href=\"https:\/\/oldtimer-veranstaltung.de\/category\/marken-typen\/bmw\/\" title=\"Beitr\u00e4ge zu BMW Fahrzeugen\" target=\"_blank\" rel=\"noopener\">Ort<\/a>.<\/p>\n","protected":false},"excerpt":{"rendered":"<p>F\u00fcr das weltbekannte Unternehmen BMW hat das Unternehmen diverse Jubil\u00e4en zu feiern. Es sind drei bedeutende Ereignisse: 50 Jahre BMW 02 80 Jahre BMW 328 100 Jahre BMW Die offizielle&#8230;<\/p>\n","protected":false},"author":1,"featured_media":0,"comment_status":"closed","ping_status":"closed","sticky":false,"template":"","format":"standard","meta":{"footnotes":""},"categories":[526,42,164],"tags":[163,480,293],"class_list":["post-7523","post","type-post","status-publish","format-standard","hentry","category-bmw","category-jubilaeum","category-oldtimer-wissen","tag-100-jahre","tag-50-jahre","tag-80-jahre"],"_links":{"self":[{"href":"https:\/\/oldtimer-veranstaltung.de\/service\/wp-json\/wp\/v2\/posts\/7523","targetHints":{"allow":["GET"]}}],"collection":[{"href":"https:\/\/oldtimer-veranstaltung.de\/service\/wp-json\/wp\/v2\/posts"}],"about":[{"href":"https:\/\/oldtimer-veranstaltung.de\/service\/wp-json\/wp\/v2\/types\/post"}],"author":[{"embeddable":true,"href":"https:\/\/oldtimer-veranstaltung.de\/service\/wp-json\/wp\/v2\/users\/1"}],"replies":[{"embeddable":true,"href":"https:\/\/oldtimer-veranstaltung.de\/service\/wp-json\/wp\/v2\/comments?post=7523"}],"version-history":[{"count":0,"href":"https:\/\/oldtimer-veranstaltung.de\/service\/wp-json\/wp\/v2\/posts\/7523\/revisions"}],"wp:attachment":[{"href":"https:\/\/oldtimer-veranstaltung.de\/service\/wp-json\/wp\/v2\/media?parent=7523"}],"wp:term":[{"taxonomy":"category","embeddable":true,"href":"https:\/\/oldtimer-veranstaltung.de\/service\/wp-json\/wp\/v2\/categories?post=7523"},{"taxonomy":"post_tag","embeddable":true,"href":"https:\/\/oldtimer-veranstaltung.de\/service\/wp-json\/wp\/v2\/tags?post=7523"}],"curies":[{"name":"wp","href":"https:\/\/api.w.org\/{rel}","templated":true}]}}