{"id":6484,"date":"2015-08-24T12:18:02","date_gmt":"2015-08-24T10:18:02","guid":{"rendered":"https:\/\/oldtimer-veranstaltung.de\/service\/?p=6484"},"modified":"2015-08-24T12:18:02","modified_gmt":"2015-08-24T10:18:02","slug":"ford-90-jahre-in-deutschland","status":"publish","type":"post","link":"https:\/\/oldtimer-veranstaltung.de\/service\/ford-90-jahre-in-deutschland\/","title":{"rendered":"Ford 90 Jahre in Deutschland"},"content":{"rendered":"<p>Ford begeht im August 2015 in Deutschland ein Jubil\u00e4um: Am 18. August 1925 und damit vor genau 90 Jahren wurde die Ford Motor Company offiziell in Deutschland ins Handelsregister eingetragen. Damals z\u00e4hlte das Team des Herstellers in Berlin gerade mal 37 Mitarbeiter. Als die Zollschranken dann weiter gelockert und Autoteile leichter importiert werden konnten, ging es dann so richtig los. Zun\u00e4chst stand der Montagebetrieb in Berlin und sp\u00e4ter in K\u00f6ln.<\/p>\n<p>Daf\u00fcr wurden am 2. Januar 1926 im Berliner Westhafen Lagerhallen angemietet, in denen drei Monate sp\u00e4ter, am 8. April 1926, das erste <a href=\"https:\/\/oldtimer-veranstaltung.de\/inserat\/ford-t-blechliesel-mit-20-ps\/\" target=\"_blank\">Ford Model T<\/a> \u201emade in Germany&#8220; vom Band lief. Insgesamt hat Ford in der Zeit in Berlin rund 37 000 Autos gebaut. Wenig sp\u00e4ter fiel dann die Entscheidung, nach England auch in Deutschland eine eigene Produktion aufzuziehen. Da das Gel\u00e4nde in Berlin zu klein geworden war, wurde nach neuen Standorten gesucht. <\/p>\n<figure id=\"attachment_6488\" aria-describedby=\"caption-attachment-6488\" style=\"width: 730px\" class=\"wp-caption aligncenter\"><a href=\"https:\/\/oldtimer-veranstaltung.de\/service\/wp-content\/uploads\/2015\/08\/Ford-Model-A-Berlin.jpg\"><img loading=\"lazy\" decoding=\"async\" src=\"https:\/\/oldtimer-veranstaltung.de\/service\/wp-content\/uploads\/2015\/08\/Ford-Model-A-Berlin.jpg\" alt=\"Ford Model A in Berliner Fabrikhalle\" width=\"730\" height=\"542\" class=\"size-full wp-image-6488\" srcset=\"https:\/\/oldtimer-veranstaltung.de\/service\/wp-content\/uploads\/2015\/08\/Ford-Model-A-Berlin.jpg 730w, https:\/\/oldtimer-veranstaltung.de\/service\/wp-content\/uploads\/2015\/08\/Ford-Model-A-Berlin-300x223.jpg 300w, https:\/\/oldtimer-veranstaltung.de\/service\/wp-content\/uploads\/2015\/08\/Ford-Model-A-Berlin-125x93.jpg 125w\" sizes=\"auto, (max-width: 730px) 100vw, 730px\" \/><\/a><figcaption id=\"caption-attachment-6488\" class=\"wp-caption-text\">Ford Model A im Berliner Montagebetrieb \u00a9 Fotoquelle und Bildrechte: Auto-Medienportal.Net\/ Ford<\/figcaption><\/figure>\n<p>Neben Frankfurt\/Main und Neuss stand auch K\u00f6ln zur Debatte. Ein wichtiges Entscheidungskriterium war, dass der neue Produktionsstandort eine direkte Anbindung an eine Wasserstra\u00dfe haben sollte. Au\u00dferdem sollte die St\u00e4tte zentral in Europa liegen. Am Ende fiel die Entscheidung f\u00fcr die Stadt K\u00f6ln, die seitdem die Zentrale von Ford in Deutschland und seit 1998 auch der Sitz der Verwaltung von Ford Europa ist.<\/p>\n<p>Zw\u00f6lf Millionen Reichsmark investierte <a href=\"https:\/\/oldtimer-veranstaltung.de\/inserat\/category\/hersteller\/ford\/\" target=\"_blank\">Ford<\/a> in die neuen Fertigungshallen, die eine Grundfl\u00e4che von 33.000 Quadratmeter umfassten. Zur Grundsteinlegung am 2. Oktober 1930 war neben dem damaligen K\u00f6lner Oberb\u00fcrgermeister und sp\u00e4teren Bundeskanzler Konrad Adenauer auch <a href=\"https:\/\/oldtimer-veranstaltung.de\/2013\/06\/150-geburtstag-von-henry-ford\/\" target=\"_blank\">Henry Ford I<\/a> anwesend. \u201eI know that the German people will make a good job of it&#8220;, sprach der Automobil-Pionier den Deutschen sein Vertrauen aus.<\/p>\n<p>Am 1. Juni 1931 wurde das K\u00f6lner Werk dann offiziell mit einer Einweihungsfeier er\u00f6ffnet. 619 Mitarbeiter fertigten seinerzeit das <a href=\"https:\/\/oldtimer-veranstaltung.de\/service\/substanzerhaltende-restauration-beispiel-ford-model-a\/\" target=\"_blank\">Ford Model A<\/a>. Im ersten Jahr entstanden in dem neuen Werk etwas mehr als 6.000 Fahrzeuge. Noch vor dem zweiten Weltkrieg folgte die Produktion des Ford V8, des B-Modells, des Ford Eifel und des Ford Taunus, der in zahlreichen Varianten auch nach dem Krieg noch f\u00fcr Furore sorgte. Bei den Modellen <a href=\"https:\/\/oldtimer-veranstaltung.de\/service\/75-jahre-ford-taunus\/\" target=\"_blank\">Ford Taunus<\/a> 12 M, 15 M, 17 M, 20 M und 26 M standen die Zahlen jeweils f\u00fcr den Hubraum der Motoren und das &#8222;M&#8220; f\u00fcr &#8222;Meisterst\u00fcck&#8220;. Zahlreiche Baureihen wie der legend\u00e4re <a href=\"https:\/\/oldtimer-veranstaltung.de\/inserat\/ford-capri-serie-1-der-optische-sportler\/\" target=\"_blank\">Ford Capri<\/a> oder die Modelle Granada, Consul und Scorpio folgten.<\/p>\n<p>Am 16. Januar 1970 ging die Erfolgsgeschichte von Ford in Deutschland dann in die zweite Runde: An dem Tag startete im saarl\u00e4ndischen Saarlouis mit dem Ford Escort die Produktion des zweiten Ford-Werks in Deutschland. Die Baurate lag zun\u00e4chst bei 50 Fahrzeugen am Tag. Die offizielle Einweihung des Ford-Standorts fand wenige Monate sp\u00e4ter am 11. Juni 1970 statt: Henry Ford II, Enkel des Firmengr\u00fcnders, unterzeichnete die Gr\u00fcndungsurkunde f\u00fcr das Ford-Werk. Kurze Zeit nach dem Besuch von Henry Ford II wurde die Fahrzeugproduktion hochgefahren und die Zielvorgabe von 600 Einheiten pro Tag erreicht.<\/p>\n<p>Heutzutage laufen allein im K\u00f6lner Ford-Werk, dem europ\u00e4ischen Stammwerk f\u00fcr den Bestseller Ford Fiesta, t\u00e4glich 1850 Fahrzeuge vom Band. Seit Produktionsbeginn im Juni 1931 hat das Werk mehr als 16 Millionen Fahrzeuge produziert, davon allein mehr als 7,8 Millionen Ford Fiesta. Die Aktivit\u00e4ten von Ford in der Domstadt umfassen am Standort in K\u00f6ln-Niehl neben der Fahrzeugproduktion unter anderem auch eine Motoren- und Getriebefertigung. Am Standort K\u00f6ln-Merkenich befinden sich das europ\u00e4ische Teilevertriebszentrum und das John-Andrews-Entwicklungszentrum. Letzteres verantwortet weltweit die Entwicklung und das Design aller kleinen und mittleren Ford-Fahrzeuge.<\/p>\n<p>Das Ford-Werk in Saarlouis ist europ\u00e4isches Stammwerk f\u00fcr die Baureihen Ford Focus und Ford C-Max\/Grand C-Max. In Aachen nahm das einzige Forschungszentrum von Ford au\u00dferhalb der Vereinigten Staaten seine Arbeit auf. Das europ\u00e4ische Ford Research &#038; Innovation Center (RIC) z\u00e4hlt aktuell rund 300 Ingenieure und Wissenschaftler und ist weltweit zust\u00e4ndig f\u00fcr die Forschung und Vorentwicklung von Dieselmotoren, Energiemanagement, zuk\u00fcnftigen Bordnetzen wie 48 Volt sowie von Fahrdynamik- und Fahrwerkstechnologien.<\/p>\n<p>Quelle: Auto-Medienportal<\/p>\n","protected":false},"excerpt":{"rendered":"<p>Ford begeht im August 2015 in Deutschland ein Jubil\u00e4um: Am 18. August 1925 und damit vor genau 90 Jahren wurde die Ford Motor Company offiziell in Deutschland ins Handelsregister eingetragen&#8230;.<\/p>\n","protected":false},"author":1,"featured_media":0,"comment_status":"closed","ping_status":"closed","sticky":false,"template":"","format":"standard","meta":{"footnotes":""},"categories":[42,342],"tags":[159,127],"class_list":["post-6484","post","type-post","status-publish","format-standard","hentry","category-jubilaeum","category-veteran","tag-90-jahre","tag-fahrzeugtypen"],"_links":{"self":[{"href":"https:\/\/oldtimer-veranstaltung.de\/service\/wp-json\/wp\/v2\/posts\/6484","targetHints":{"allow":["GET"]}}],"collection":[{"href":"https:\/\/oldtimer-veranstaltung.de\/service\/wp-json\/wp\/v2\/posts"}],"about":[{"href":"https:\/\/oldtimer-veranstaltung.de\/service\/wp-json\/wp\/v2\/types\/post"}],"author":[{"embeddable":true,"href":"https:\/\/oldtimer-veranstaltung.de\/service\/wp-json\/wp\/v2\/users\/1"}],"replies":[{"embeddable":true,"href":"https:\/\/oldtimer-veranstaltung.de\/service\/wp-json\/wp\/v2\/comments?post=6484"}],"version-history":[{"count":0,"href":"https:\/\/oldtimer-veranstaltung.de\/service\/wp-json\/wp\/v2\/posts\/6484\/revisions"}],"wp:attachment":[{"href":"https:\/\/oldtimer-veranstaltung.de\/service\/wp-json\/wp\/v2\/media?parent=6484"}],"wp:term":[{"taxonomy":"category","embeddable":true,"href":"https:\/\/oldtimer-veranstaltung.de\/service\/wp-json\/wp\/v2\/categories?post=6484"},{"taxonomy":"post_tag","embeddable":true,"href":"https:\/\/oldtimer-veranstaltung.de\/service\/wp-json\/wp\/v2\/tags?post=6484"}],"curies":[{"name":"wp","href":"https:\/\/api.w.org\/{rel}","templated":true}]}}