{"id":6143,"date":"2019-07-20T10:00:33","date_gmt":"2019-07-20T08:00:33","guid":{"rendered":"https:\/\/oldtimer-veranstaltung.de\/service\/?p=6143"},"modified":"2025-06-16T09:01:27","modified_gmt":"2025-06-16T07:01:27","slug":"rennfestival-in-monthlery-die-vorkriegsszene-lebt","status":"publish","type":"post","link":"https:\/\/oldtimer-veranstaltung.de\/service\/rennfestival-in-monthlery-die-vorkriegsszene-lebt\/","title":{"rendered":"Rennfestival in Monthl\u00e9ry &#8211; Die Vorkriegsszene lebt!"},"content":{"rendered":"<p>In der deutschen Oldtimerszene h\u00f6rt man oft, dass sich kaum mehr jemand f\u00fcr die Fahrzeuge der Zeit vor dem Krieg interessiere. Zu diesem Eindruck mag beitragen, dass sich die Berichterstattung in den hiesigen Klassikermagazinen auf die popul\u00e4ren Gro\u00dfserienwagen der 1950er bis 70er Jahre konzentriert. Doch bei n\u00e4herem Hinsehen findet man etliche Veranstaltungen, bei denen <a href=\"https:\/\/oldtimer-veranstaltung.de\/inserat\/antique-vintage-pre-war-car-vorkriegsfahrzeuge\/\" target=\"_blank\" rel=\"noopener noreferrer\">Vorkriegsfahrzeuge<\/a> eine wichtige oder sogar die Hauptrolle spielen. Dabei scheint auch der Generationswechsel zu funktionieren, wie man an der Pr\u00e4senz junger Teilnehmer ablesen kann, die sich \u00fcbrigens auffallend f\u00fcr Themen wie <a href=\"https:\/\/oldtimer-veranstaltung.de\/service\/oldtimer-mit-patina-im-trend-crabtree-classics\/\" target=\"_blank\" rel=\"noopener noreferrer\">originale Patina<\/a> und <a href=\"https:\/\/oldtimer-veranstaltung.de\/vintage-oder-retro-mode\/\" target=\"_blank\" rel=\"noopener noreferrer\">zeitgen\u00f6ssische Kleidung<\/a> begeistern. <\/p>\n<h3>Popul\u00e4re Vorkriegsmotorr\u00e4der<\/h3>\n<p>Speziell bei der Motorradfraktion l\u00e4sst sich beobachten, wie sich die Vorkriegsszene im deutschsprachigen Raum verj\u00fcngt und ver\u00e4ndert hat. Beispiele daf\u00fcr sind die in Rheinhessen stattfindende <a href=\"http:\/\/www.keilriemenfahrt.de\/\" target=\"_blank\" rel=\"nofollow noopener noreferrer\">\u201eKeilriemenfahrt\u201c<\/a>, die <a href=\"https:\/\/oldtimer-veranstaltung.de\/kalender\/termine\/franz-josefs-fahrt-fuer-uraltmotorraeder-bis-baujahr-1929-in-bad-ischl\/\" target=\"_blank\" rel=\"nofollow noopener noreferrer\">\u201eFranz-Josefs-Fahrt\u201c<\/a> in \u00d6sterreich und das \u201eBoard-Track-Racing-Treffen\u201c auf dem Velodrom in Darmstadt. <\/p>\n<figure id=\"attachment_6152\" aria-describedby=\"caption-attachment-6152\" style=\"width: 730px\" class=\"wp-caption aligncenter\"><a href=\"https:\/\/oldtimer-veranstaltung.de\/service\/wp-content\/uploads\/2015\/06\/Harley-Fahrer-Velodrom-Darmstadt.jpg\"><img loading=\"lazy\" decoding=\"async\" src=\"https:\/\/oldtimer-veranstaltung.de\/service\/wp-content\/uploads\/2015\/06\/Harley-Fahrer-Velodrom-Darmstadt.jpg\" alt=\"Harley Fahrer Velodrom Darmstadt\" width=\"730\" height=\"575\" class=\"size-full wp-image-6152\" srcset=\"https:\/\/oldtimer-veranstaltung.de\/service\/wp-content\/uploads\/2015\/06\/Harley-Fahrer-Velodrom-Darmstadt.jpg 730w, https:\/\/oldtimer-veranstaltung.de\/service\/wp-content\/uploads\/2015\/06\/Harley-Fahrer-Velodrom-Darmstadt-300x236.jpg 300w, https:\/\/oldtimer-veranstaltung.de\/service\/wp-content\/uploads\/2015\/06\/Harley-Fahrer-Velodrom-Darmstadt-125x98.jpg 125w, https:\/\/oldtimer-veranstaltung.de\/service\/wp-content\/uploads\/2015\/06\/Harley-Fahrer-Velodrom-Darmstadt-698x550.jpg 698w\" sizes=\"auto, (max-width: 730px) 100vw, 730px\" \/><\/a><figcaption id=\"caption-attachment-6152\" class=\"wp-caption-text\">Harley Fahrer Velodrom Darmstadt \u00a9 Fotoquelle und Bildrechte: Michael Schlenger<\/figcaption><\/figure>\n<p>Sicher f\u00e4llt dem Zweirad-Freund der Einstieg in die Vorkriegswelt leichter als dies bei Automobilen der Fall ist. Vorkriegsmotorr\u00e4der \u00fcben durch ihre rustikale Optik, oft beachtliche Leistung und kernigen Klang einen unmittelbaren Reiz aus, dem man sich mit etwas Benzin im Blut nur schwer entziehen kann. Auch gibt es hier noch ein gro\u00dfes Angebot an bezahlbaren Vehikeln, die nur geringe Anspr\u00fcche an Unterhalt und Unterkunft stellen. Dagegen gelten Autos aus der ersten H\u00e4lfte des 20. Jahrhunderts als lahm und langweilig, aufwendig zu unterhalten und schwer zu fahren. <\/p>\n<h3>Verborgener Charme von Vorkriegswagen<\/h3>\n<p>Wer einmal Veranstaltungen besucht hat, bei denen Vorkriegsautos nicht nur museal oder als Spekulationsobjekt pr\u00e4sentiert, sondern ausgiebig gefahren werden, macht eine erstaunliche Entdeckung: Das Erlebnis speist sich nicht aus dem Gef\u00fchl hoher Geschwindigkeit und der optische Genuss bedarf keiner sensationellen Karosserien.<br \/>\n<figure id=\"attachment_6158\" aria-describedby=\"caption-attachment-6158\" style=\"width: 300px\" class=\"wp-caption alignleft\"><a href=\"https:\/\/oldtimer-veranstaltung.de\/service\/wp-content\/uploads\/2015\/06\/Carosserie-Firma-Kruck-vor-19141.jpg\"><img loading=\"lazy\" decoding=\"async\" src=\"https:\/\/oldtimer-veranstaltung.de\/service\/wp-content\/uploads\/2015\/06\/Carosserie-Firma-Kruck-vor-19141.jpg\" alt=\"Carosserie Firma Kruck vor 1914\" width=\"300\" height=\"451\" class=\"size-full wp-image-6158\" srcset=\"https:\/\/oldtimer-veranstaltung.de\/service\/wp-content\/uploads\/2015\/06\/Carosserie-Firma-Kruck-vor-19141.jpg 300w, https:\/\/oldtimer-veranstaltung.de\/service\/wp-content\/uploads\/2015\/06\/Carosserie-Firma-Kruck-vor-19141-200x300.jpg 200w, https:\/\/oldtimer-veranstaltung.de\/service\/wp-content\/uploads\/2015\/06\/Carosserie-Firma-Kruck-vor-19141-125x188.jpg 125w\" sizes=\"auto, (max-width: 300px) 100vw, 300px\" \/><\/a><figcaption id=\"caption-attachment-6158\" class=\"wp-caption-text\">Carosserie Firma Kruck vor 1914 \u00a9 Fotoquelle und Bildrechte: Sammlung Michael Schlenger<\/figcaption><\/figure>Bei den Fahrzeugen der Pionierjahre ist noch die Ingenieurs- und Handwerkskunst einzelner Menschen sichtbar, deren Innovationskraft und K\u00f6nnen die Entwicklung vorangetrieben hat. Gleichzeitig sorgten die riesige Zahl an Marken und die Vielfalt der technischen Konzepte aus der Zeit vor der Massenfertigung f\u00fcr eine Individualit\u00e4t der Fahrzeuge, die sp\u00e4ter verlorengegangen ist. <\/p>\n<p>Sieht man nun diese altehrw\u00fcrdigen Zeitzeugen in Bewegung, dann erlebt man die arbeitende Technik in einer Unmittelbarkeit, die ans Lebendige grenzt. Vorkriegsautos sind auch nicht schwer beherrschbar, sondern auf eine positive Weise fordernd: Betrieb und Wartung setzen Verst\u00e4ndnis und Gef\u00fchl f\u00fcr ein komplexes Gebilde voraus, das Fahren verlangt stete Aufmerksamkeit und Beherztheit. So stellt sich auch bei objektiv oft nur geringer Leistung eine Intensit\u00e4t des sinnlichen Erlebens ein, die keines der neuzeitlichen Vehikel vermitteln kann, die den Insassen von jeder Anstrengung entlasten.<\/p>\n<h3>Vorkriegsautos in Aktion<\/h3>\n<p>Ganz offenbar gibt es ein wachsendes Bed\u00fcrfnis nach dem intensiven Fahrvergn\u00fcgen von einst, und so gibt es f\u00fcr die Vorkriegsfraktion auch hierzulande einige Gelegenheiten, ihre Vehikel auf der Stra\u00dfe einzusetzen. Beispiele daf\u00fcr sind die <span class=\"removed_link\" title=\"http:\/\/www.anno-1907.de\/\">\u201eKronprinz-Wilhelm-Rasanz<\/span>\u201c am Niederrhein, die <a href=\"https:\/\/oldtimer-veranstaltung.de\/kalender\/termine\/herkomer-konkurrenz-lansberg-am-lech-2016\/\" target=\"_blank\" rel=\"noopener noreferrer\">Herkomer-Konkurrenz\u00ae<\/a> in Landsberg am Lech und der wiederbelebte <a href=\"https:\/\/oldtimer-veranstaltung.de\/kalender\/termine\/grossglockner-grand-prix-2015\/\" target=\"_blank\" rel=\"nofollow noopener noreferrer\">\u201eGro\u00dfglockner Grand-Prix\u201c<\/a>.<\/p>\n<p>Ungeachtet dieser gro\u00dfartigen Veranstaltungen lehrt einen erst der Besuch im benachbarten Ausland, wie quicklebendig und enthusiastisch die Vorkriegsszene wirklich ist. So nehmen am \u201e<a href=\"https:\/\/oldtimer-veranstaltung.de\/kalender\/termine\/london-to-brighton-veteran-car-run-2015\/\" target=\"_blank\" rel=\"nofollow noopener noreferrer\">London-Brighton-Run<\/a>\u201c j\u00e4hrlich \u00fcber 400 vor dem Jahr 1905 gebaute Fahrzeuge teil. Die Leidenschaft f\u00fcr motorisierte Vehikel der Vorkriegszeit ist auch bei unseren franz\u00f6sischen Nachbarn \u00e4hnlich gro\u00df wie bei den Briten. Das hat nicht nur mit der besonderen Markenvielfalt in beiden L\u00e4ndern in der Fr\u00fchzeit des Automobils zu tun. Es spiegelt auch ein generell st\u00e4rkeres Bewusstsein f\u00fcr die Historie als Wurzel der eigenen Identit\u00e4t wider, w\u00e4hrend in Deutschland mit dem Willen zum Neuanfang nach dem Krieg auch manche positive Traditionen leichtfertig entsorgt wurden. Anders ist es kaum zu erkl\u00e4ren, weshalb so wenige von den Fahrzeugen deutscher Produktion aus den Anf\u00e4ngen einsatzbereit erhalten sind. Ein zeitgen\u00f6ssisches Beispiel f\u00fcr den oft immer noch gedankenlosen Umgang mit dem Erbe der eigenen Technikhistorie ist etwa der Versuch von Provinzpolitikern, den N\u00fcrburgring zu einem zweiten Disneyland zu machen. <\/p>\n<h3>Vorkriegsrenner in Monthl\u00e9ry<\/h3>\n<p>In Frankreich treten zwar ebenfalls abgehobene Politiker gern mit fragw\u00fcrdigen Prestigebauten hervor. Immerhin konnte aber im Fall der legend\u00e4ren Rennstrecke von Monthl\u00e9ry s\u00fcdlich von Paris das Schlimmste verhindert werden. Hier ist es gelungen, den Charakter des 1924 erbauten Rundkurses mit seinen Steilkurven zu erhalten und die Strecke f\u00fcr historische Rennveranstaltungen zu nutzen. Gab es fr\u00fcher auch im englischen Brooklands und im italienischen Monza sowie in Daytona (USA) und auf der Berliner AVUS Rennstrecken mit Steilkurven, ist der \u201eCircuit de Monthl\u00e9ry\u201c heute der einzige Ort, an dem diese noch befahren werden k\u00f6nnen.<\/p>\n<p>Die europ\u00e4ische Vorkriegsszene macht von den atemberaubenden M\u00f6glichkeiten der Strecke von Monthl\u00e9ry regen Gebrauch. So trafen sich dort zuletzt im <a href=\"https:\/\/oldtimer-veranstaltung.de\/kalender\/termine\/vintage-revival-montlhery-2015\/\" target=\"_blank\" rel=\"nofollow noopener noreferrer\">Mai 2015<\/a> rund dreihundertf\u00fcnfzig (!) Fahrzeuge, um den Kurs anl\u00e4sslich des \u201eVintage Revival Monthl\u00e9ry\u201c unter die R\u00e4der zu nehmen. Dabei war das gesamte Spektrum motorisierter Vehikel vom Anfang des Jahrhunderts bis Ende der 1930er Jahre zu erleben. Entsprechend ihrer unterschiedlichen Leistungsf\u00e4higkeit und Charakteristik traten die Fahrzeuge in acht Starterfeldern an. Einen Vorgeschmack auf diese beeindruckende Vielfalt gibt bereits das folgende Veranstalter-Video:<\/p>\n<p><iframe loading=\"lazy\" title=\"VINTAGE REVIVAL MONTLHERY\" width=\"740\" height=\"416\" src=\"https:\/\/www.youtube.com\/embed\/SUWcbd8allU?feature=oembed\" frameborder=\"0\" allow=\"accelerometer; autoplay; clipboard-write; encrypted-media; gyroscope; picture-in-picture; web-share\" referrerpolicy=\"strict-origin-when-cross-origin\" allowfullscreen><\/iframe><br \/>\n\u00a9 Fotoquelle YouTube und Bildrechte: amilcar26<\/p>\n<h3>Spektakul\u00e4r besetzte Starterfelder<\/h3>\n<p>Unter den Automobilen entfiel das gr\u00f6\u00dfte Startfeld mit fast 50 Wagen auf Cyclecars der 1920er\/30er Jahre. Diese besonders leichten und oft mit zugekauften Motoren ausgestatteten Fahrzeuge wurden einst von hunderten Herstellern in Frankreich und England gebaut. Kaum \u00fcberraschend waren hier daher \u00fcberwiegend Austin Sevens, Morgans und Salmsons anzutreffen. <\/p>\n<figure id=\"attachment_6154\" aria-describedby=\"caption-attachment-6154\" style=\"width: 730px\" class=\"wp-caption aligncenter\"><a href=\"https:\/\/oldtimer-veranstaltung.de\/service\/wp-content\/uploads\/2015\/06\/Salmson-Cyclecar_Schloss-Dyck_2014.jpg\"><img loading=\"lazy\" decoding=\"async\" src=\"https:\/\/oldtimer-veranstaltung.de\/service\/wp-content\/uploads\/2015\/06\/Salmson-Cyclecar_Schloss-Dyck_2014.jpg\" alt=\"Salmson Cyclecar Schloss Dyck 2014\" width=\"730\" height=\"500\" class=\"size-full wp-image-6154\" srcset=\"https:\/\/oldtimer-veranstaltung.de\/service\/wp-content\/uploads\/2015\/06\/Salmson-Cyclecar_Schloss-Dyck_2014.jpg 730w, https:\/\/oldtimer-veranstaltung.de\/service\/wp-content\/uploads\/2015\/06\/Salmson-Cyclecar_Schloss-Dyck_2014-300x205.jpg 300w, https:\/\/oldtimer-veranstaltung.de\/service\/wp-content\/uploads\/2015\/06\/Salmson-Cyclecar_Schloss-Dyck_2014-125x86.jpg 125w\" sizes=\"auto, (max-width: 730px) 100vw, 730px\" \/><\/a><figcaption id=\"caption-attachment-6154\" class=\"wp-caption-text\">Salmson Cyclecar Schloss Dyck 2014 \u00a9 Fotoquelle und Bildrechte: Michael Schlenger<\/figcaption><\/figure>\n<p>\u00c4ltester Teilnehmer in diesem Feld war ein Bugatti Type 15 von 1912; aus dem Rahmen fiel au\u00dferdem ein <a href=\"https:\/\/oldtimer-veranstaltung.de\/category\/marken-typen\/tatra\/\" target=\"_blank\" rel=\"noopener noreferrer\">Tatra<\/a> T11 von 1925. Nicht weniger eindrucksvoll pr\u00e4sentierte sich das 40 Fahrzeuge umfassende Starterfeld mit kompakten Rennwagen der sp\u00e4ten 1920er Jahre, darunter allein 14 Amilcars (z.T. mit Kompressor) und 13 Salmsons. Mit elf Autos gut vertreten war auch die weniger bekannte franz\u00f6sische Marke BNC, die bis 1930 mit kleinvolumigen Wagen Rennen bestritt. <\/p>\n<figure id=\"attachment_6155\" aria-describedby=\"caption-attachment-6155\" style=\"width: 730px\" class=\"wp-caption aligncenter\"><a href=\"https:\/\/oldtimer-veranstaltung.de\/service\/wp-content\/uploads\/2015\/06\/Amilcar-in-Lipsheim-2014.jpg\"><img loading=\"lazy\" decoding=\"async\" src=\"https:\/\/oldtimer-veranstaltung.de\/service\/wp-content\/uploads\/2015\/06\/Amilcar-in-Lipsheim-2014.jpg\" alt=\"Amilcar in Lipsheim 2014\" width=\"730\" height=\"547\" class=\"size-full wp-image-6155\" srcset=\"https:\/\/oldtimer-veranstaltung.de\/service\/wp-content\/uploads\/2015\/06\/Amilcar-in-Lipsheim-2014.jpg 730w, https:\/\/oldtimer-veranstaltung.de\/service\/wp-content\/uploads\/2015\/06\/Amilcar-in-Lipsheim-2014-300x225.jpg 300w, https:\/\/oldtimer-veranstaltung.de\/service\/wp-content\/uploads\/2015\/06\/Amilcar-in-Lipsheim-2014-125x94.jpg 125w\" sizes=\"auto, (max-width: 730px) 100vw, 730px\" \/><\/a><figcaption id=\"caption-attachment-6155\" class=\"wp-caption-text\">Amilcar in Lipsheim 2014 \u00a9 Fotoquelle und Bildrechte: Michael Schlenger<\/figcaption><\/figure>\n<p>In einem eigenen Feld starteten des Weiteren mehr als 40 leistungsst\u00e4rkere Rennwagen der 1920er und 30er Jahre. Neben 12 Bugattis der Typen 13, 35 und 37 waren hier acht weitere Amilcar mit von der Partie. Au\u00dferdem kamen sechs Fahrzeuge des kleinen, aber feinen Herstellers Rally zum Einsatz, der bis 1933 in Frankreich produzierte und sogar eigene Motoren entwickelte.<\/p>\n<figure id=\"attachment_6156\" aria-describedby=\"caption-attachment-6156\" style=\"width: 730px\" class=\"wp-caption aligncenter\"><a href=\"https:\/\/oldtimer-veranstaltung.de\/service\/wp-content\/uploads\/2015\/06\/Rally-Originalfoto-von-1930.jpg\"><img loading=\"lazy\" decoding=\"async\" src=\"https:\/\/oldtimer-veranstaltung.de\/service\/wp-content\/uploads\/2015\/06\/Rally-Originalfoto-von-1930.jpg\" alt=\"Rally Originalfoto von 1930\" width=\"730\" height=\"596\" class=\"size-full wp-image-6156\" srcset=\"https:\/\/oldtimer-veranstaltung.de\/service\/wp-content\/uploads\/2015\/06\/Rally-Originalfoto-von-1930.jpg 730w, https:\/\/oldtimer-veranstaltung.de\/service\/wp-content\/uploads\/2015\/06\/Rally-Originalfoto-von-1930-300x245.jpg 300w, https:\/\/oldtimer-veranstaltung.de\/service\/wp-content\/uploads\/2015\/06\/Rally-Originalfoto-von-1930-125x102.jpg 125w, https:\/\/oldtimer-veranstaltung.de\/service\/wp-content\/uploads\/2015\/06\/Rally-Originalfoto-von-1930-674x550.jpg 674w\" sizes=\"auto, (max-width: 730px) 100vw, 730px\" \/><\/a><figcaption id=\"caption-attachment-6156\" class=\"wp-caption-text\">Rally Originalfoto von 1930 \u00a9 Fotoquelle und Bildrechte: Sammlung Michael Schlenger<\/figcaption><\/figure>\n<p>Eine starke britische Pr\u00e4senz zeichnete das n\u00e4chste Starterfeld aus, das wiederum 40 Teilnehmer umfasste. Hier dominierten Rennwagen von Aston-Martin, MG und Riley. Beeindruckend war daneben die Pr\u00e4senz von Bugatti mit zehn Wagen der Typen 35, 51 und 59. Von den faszinierenden italienischen Grand-Prix-Wagen der Zeit waren zwei Maserati und ein Alfa Romeo vertreten. Autos dieses Kalibers sieht man in der ersten H\u00e4lfte des folgenden Videos in voller Fahrt:<br \/>\nhttps:\/\/www.youtube.com\/watch?v=BCIT57mbK_Q<br \/>\n\u00a9 Fotoquelle YouTube und Bildrechte: Ivo Huizinga<\/p>\n<p>Ein drittes, recht breites Starterfeld umfasste schlie\u00dflich Rennwagen aus der Zeit vor und nach dem 1. Weltkrieg. Zu den \u00c4ltesten z\u00e4hlten drei Mercedes, die an Grands Prix vor dem 1. Weltkrieg teilgenommen hatten. Weitere Rarit\u00e4ten aus der Veteranen\u00e4ra waren ein Clement von 1903, ein Mors von 1907 und ein Brasier von 1908 \u2013 beide Specials mit Flugmotor \u2013 sowie ein Rolland-Pilain von 1909, allesamt aus Frankreich. Aus den 1920er und 1930 Jahren stammten vor allem britische Fahrzeuge sowie drei US-Rennwagen von Buick, Chrysler und Studebaker. <\/p>\n<p>Besonders reizvoll war das Feld der stark motorisierten Threewheeler, in dem erwartungsgem\u00e4\u00df die britischen Marken Morgan und Sandford dominierten. Die Sandfords waren zwar von Morgan inspiriert, wurden aber in Frankreich gebaut und wiesen einige Besonderheiten auf. Abgerundet wurde das Feld durch sechs Wagen der ebenfalls franz\u00f6sischen Marke Darmont, die sich enger an das Morgan-Vorbild anlehnten. Das enorme Leistungsverm\u00f6gen der Dreir\u00e4der unter den einzigartigen Bedingungen von Monthl\u00e9ry wird im folgenden Video ab 0:40 min deutlich:<br \/>\n<iframe loading=\"lazy\" title=\"Vintage Revival Montlhery 2015\" width=\"740\" height=\"416\" src=\"https:\/\/www.youtube.com\/embed\/wh7t_h3wHqU?feature=oembed\" frameborder=\"0\" allow=\"accelerometer; autoplay; clipboard-write; encrypted-media; gyroscope; picture-in-picture; web-share\" referrerpolicy=\"strict-origin-when-cross-origin\" allowfullscreen><\/iframe><br \/>\n\u00a9 Fotoquelle YouTube und Bildrechte: Michael Buller<\/p>\n<p>Die \u00fcbrigen Starterfelder umfassten Motorr\u00e4der mit Baujahr vor 1919, beinahe 100 Motorr\u00e4der der Zwischenkriegszeit sowie interessante \u201eMischwesen\u201c aus Auto und Motorrad. Einige davon bekommt man in diesem Video zu sehen, das von Bord eines britischen Tamplin Bj. 1921 aufgenommen wurde:<br \/>\n<iframe loading=\"lazy\" title=\"Vintage Revival Montlhery 2015 with a Tamplin cyclecar\" width=\"740\" height=\"416\" src=\"https:\/\/www.youtube.com\/embed\/YBWqiXK9FEE?feature=oembed\" frameborder=\"0\" allow=\"accelerometer; autoplay; clipboard-write; encrypted-media; gyroscope; picture-in-picture; web-share\" referrerpolicy=\"strict-origin-when-cross-origin\" allowfullscreen><\/iframe><br \/>\n\u00a9 Fotoquelle YouTube und Bildrechte: amilcar26<\/p>\n<p>Bei den Zweir\u00e4dern wurde das Feld \u00fcbrigens von britischen, franz\u00f6sischen und belgischen Marken dominiert. Die an Typen nicht weniger reiche deutsche Motorradszene war nur vereinzelt pr\u00e4sent. Dies mag an der F\u00fclle attraktiver Veranstaltungen f\u00fcr Zweiradveteranen hierzulande liegen. Vielleicht ist das Vorkriegs-Festival von Monthl\u00e9ry aber auch in Deutschland noch zu wenig bekannt. Wer auf den Geschmack gekommen ist, kann im folgenden Video noch mehr starke Eindr\u00fccke von dieser gro\u00dfartigen Veranstaltung bekommen. Dort ist ab 1:10 min Vorkriegs-Fahrvergn\u00fcgen vom Feinsten zu sehen:<br \/>\n<iframe loading=\"lazy\" title=\"VRM (Vintage Revival Montlh\u00e9ry) 2015\" width=\"740\" height=\"416\" src=\"https:\/\/www.youtube.com\/embed\/yzZRjbs1KsQ?feature=oembed\" frameborder=\"0\" allow=\"accelerometer; autoplay; clipboard-write; encrypted-media; gyroscope; picture-in-picture; web-share\" referrerpolicy=\"strict-origin-when-cross-origin\" allowfullscreen><\/iframe><br \/>\n\u00a9 Fotoquelle YouTube und Bildrechte: Jean-Baptiste AVRIL<\/p>\n<p>Ermutigend ist, dass in Monthl\u00e9ry viele J\u00fcngere mit von der Partie sind und eine trotz der kostbaren Fahrzeuge entspannte Atmosph\u00e4re herrscht. Auch abseits der Strecke laden zahllose Sehensw\u00fcrdigkeiten zum Schlendern und Staunen ein. Was in Monthl\u00e9ry an Pretiosen aus der Vorkriegszeit wie selbstverst\u00e4ndlich herumsteht und -f\u00e4hrt, ist schlicht einmalig:<br \/>\n<iframe loading=\"lazy\" title=\"Montlhery Revival Vintage 2015\" width=\"740\" height=\"555\" src=\"https:\/\/www.youtube.com\/embed\/7Ozz4tT97sM?feature=oembed\" frameborder=\"0\" allow=\"accelerometer; autoplay; clipboard-write; encrypted-media; gyroscope; picture-in-picture; web-share\" referrerpolicy=\"strict-origin-when-cross-origin\" allowfullscreen><\/iframe><br \/>\n\u00a9 Fotoquelle YouTube und Bildrechte: Philippe Geoffray<\/p>\n<p>Text: <a href=\"http:\/\/www.investment-writing.de\/\" title=\"Link to the website Michael Schlenger\" target=\"_blank\" rel=\"nofollow noopener noreferrer\">Michael Schlenger<\/a><\/p>\n","protected":false},"excerpt":{"rendered":"<p>In der deutschen Oldtimerszene h\u00f6rt man oft, dass sich kaum mehr jemand f\u00fcr die Fahrzeuge der Zeit vor dem Krieg interessiere. Zu diesem Eindruck mag beitragen, dass sich die Berichterstattung&#8230;<\/p>\n","protected":false},"author":1,"featured_media":0,"comment_status":"closed","ping_status":"closed","sticky":false,"template":"","format":"standard","meta":{"footnotes":""},"categories":[341,237,703,9,27,342,343],"tags":[472,24,117,129],"class_list":["post-6143","post","type-post","status-publish","format-standard","hentry","category-ancestor","category-gastautoren","category-michael-schlenger","category-motorrad","category-reisen-berichte","category-veteran","category-vintage","tag-oldtimer-treffen","tag-portrait","tag-reise","tag-veranstaltungsorte"],"_links":{"self":[{"href":"https:\/\/oldtimer-veranstaltung.de\/service\/wp-json\/wp\/v2\/posts\/6143","targetHints":{"allow":["GET"]}}],"collection":[{"href":"https:\/\/oldtimer-veranstaltung.de\/service\/wp-json\/wp\/v2\/posts"}],"about":[{"href":"https:\/\/oldtimer-veranstaltung.de\/service\/wp-json\/wp\/v2\/types\/post"}],"author":[{"embeddable":true,"href":"https:\/\/oldtimer-veranstaltung.de\/service\/wp-json\/wp\/v2\/users\/1"}],"replies":[{"embeddable":true,"href":"https:\/\/oldtimer-veranstaltung.de\/service\/wp-json\/wp\/v2\/comments?post=6143"}],"version-history":[{"count":0,"href":"https:\/\/oldtimer-veranstaltung.de\/service\/wp-json\/wp\/v2\/posts\/6143\/revisions"}],"wp:attachment":[{"href":"https:\/\/oldtimer-veranstaltung.de\/service\/wp-json\/wp\/v2\/media?parent=6143"}],"wp:term":[{"taxonomy":"category","embeddable":true,"href":"https:\/\/oldtimer-veranstaltung.de\/service\/wp-json\/wp\/v2\/categories?post=6143"},{"taxonomy":"post_tag","embeddable":true,"href":"https:\/\/oldtimer-veranstaltung.de\/service\/wp-json\/wp\/v2\/tags?post=6143"}],"curies":[{"name":"wp","href":"https:\/\/api.w.org\/{rel}","templated":true}]}}