{"id":2665,"date":"2014-04-20T18:00:41","date_gmt":"2014-04-20T16:00:41","guid":{"rendered":"https:\/\/oldtimer-veranstaltung.de\/service\/?p=2665"},"modified":"2014-04-20T18:52:06","modified_gmt":"2014-04-20T16:52:06","slug":"youngtimer-wird-oldtimer-volvo-740","status":"publish","type":"post","link":"https:\/\/oldtimer-veranstaltung.de\/service\/youngtimer-wird-oldtimer-volvo-740\/","title":{"rendered":"Youngtimer wird statistisch zum Oldtimer: Volvo 740"},"content":{"rendered":"<p>Wie die Zeit vergeht und einige Volvo 740, besonders in der Form des Kombi sieht man noch im t\u00e4glichen Einsatz auf der Stra\u00dfe. Diese robusten und kantigen Fahrzeuge sind von ihren Haltern sehr gepflegt worden und haben meist hohe Kilometerleistungen im Laufe der Betriebszeit gefahren. Eigentlich nehme ich das Modell noch nicht als Oldtimer wahr, wie auch andere Fahrzeuge aus den 80er Jahren.<\/p>\n<p>Die ersten Volvo 740 k\u00f6nnen das H-Kennzeichen erhalten und werden in gutem Zustand vorausgesetzt amtlich zum Oldtimer. Die Limousinen und Kombis der schwedischen Oberklasse-Reihe wurden 1984 eingef\u00fchrt. W\u00e4hrend die Stufenheck-Limousine mit markanten skandinavischen Formen Designgeschichte schrieb, setzte der f\u00fcnft\u00fcrige Volvo 740 Ma\u00dfst\u00e4be f\u00fcr das moderne Kombi-Segment. <\/p>\n<p>Die robusten Limousinen und Kombis der schwedischen Oberklasse-Reihe geh\u00f6ren in der  Zuverl\u00e4ssigkeit zu den besten Autos aller Zeiten. Die daf\u00fcr notwendige Langlebigkeit garantierten verzinktes Stahlblech und das innovative Produktionsverfahren im Volvo Werk Torslanda bei G\u00f6teborg. Mehr als 100 Industrieroboter machten die weitgehend automatisierte Fabrik zum damals modernsten Automobilwerk der Welt. W\u00e4hrend die Stufenheck-Limousine mit markanten skandinavischen Formen Designgeschichte schrieb, setzte der Volvo 740 Kombi auf gro\u00dfen Laderaum. <\/p>\n<figure id=\"attachment_2668\" aria-describedby=\"caption-attachment-2668\" style=\"width: 730px\" class=\"wp-caption aligncenter\"><a href=\"https:\/\/oldtimer-veranstaltung.de\/service\/wp-content\/uploads\/2014\/04\/Volvo-740-Kombi.jpg\"><img loading=\"lazy\" decoding=\"async\" src=\"https:\/\/oldtimer-veranstaltung.de\/service\/wp-content\/uploads\/2014\/04\/Volvo-740-Kombi.jpg\" alt=\"Der Volvo 740 Kombi und Limousine sind 2014 30 Jahre alt und werden zum Oldtimer\" width=\"730\" height=\"614\" class=\"size-full wp-image-2668\" srcset=\"https:\/\/oldtimer-veranstaltung.de\/service\/wp-content\/uploads\/2014\/04\/Volvo-740-Kombi.jpg 730w, https:\/\/oldtimer-veranstaltung.de\/service\/wp-content\/uploads\/2014\/04\/Volvo-740-Kombi-300x252.jpg 300w, https:\/\/oldtimer-veranstaltung.de\/service\/wp-content\/uploads\/2014\/04\/Volvo-740-Kombi-125x105.jpg 125w, https:\/\/oldtimer-veranstaltung.de\/service\/wp-content\/uploads\/2014\/04\/Volvo-740-Kombi-653x550.jpg 653w\" sizes=\"auto, (max-width: 730px) 100vw, 730px\" \/><\/a><figcaption id=\"caption-attachment-2668\" class=\"wp-caption-text\">Der Volvo 740 Kombi und Limousine sind 2014 30 Jahre alt und werden zum Oldtimer<br \/>\u00a9 Fotoquelle und Bildrechte: Auto-Medienportal.Net\/ Volvo<\/figcaption><\/figure>\n<p>Bei den Sicherheitstechniken fuhr der Volvo 740 seiner Zeit weit voraus, so dass er noch im sechsten Produktionsjahr den Preis als \u201esicherstes Fahrzeug \u00fcberhaupt\u201d erhielt.  Dazu z\u00e4hlten ABS, ein elektronisches Traktionskontrollsystem und ein in der R\u00fcckenlehne des Fond-Mittelplatzes integrierter Kindersitz. Als Aktion wurde eine Volvo 740 GL Limousine nur an der B-S\u00e4ule aufgeh\u00e4ngt und dabei lag ein Mensch unter dem Volvo. Die B-S\u00e4ule hielt nat\u00fcrlich und die Fahrgastzelle war rekordverd\u00e4chtig stabil.<\/p>\n<p>Die neue Reihe bestand aus dem luxuri\u00f6sen Volvo 760 und dem preiswerteren Volvo 740. \u00dcber eine Million der Serien wurden bis 1992 verkauft. Der Hauptmarkt war die USA.<\/p>\n<p>Volvo-Stardesigner Jan Wilsgaard entwarf mit einem Muster aus eckiger Front- und Heckgestaltung und steilem R\u00fcckfenster den \u201eschwedischen Ziegelstein\u201d. Die Volvo Kombi waren erstmals fast genauso komfortabel und boten nahezu identische Fahrdynamik wie die Limousinen. <\/p>\n<p>Bei Effizienz und Leichtbau in der Oberklasse war Volvo damals f\u00fchrend. Bis zu 100 Kilogramm Gewicht konnten gegen\u00fcber dem Vorg\u00e4nger eingespart werden. Dies trotz der Vorreiterrolle bei der Einf\u00fchrung des geregelten Drei-Wege-Katalysators und den bis zu 200 PS starken Motoren mit Turbo- oder 16-Ventiltechnik. Mit dem Sechszylinder-Turbodiesel geh\u00f6rte der Volvo 740 zu den schnellsten Serien-Selbstz\u00fcndern damals.<\/p>\n<p>Modellpflegema\u00dfnahmen hielten den Volvo 740 frisch, so dass er noch zwei Jahre parallel zum im Jahr 1990 eingef\u00fchrten Nachfolger Volvo 940 angeboten wurde. Zwischenzeitlich gab es den Volvo 740 auch als Chauffeur-Limousine mit langem Radstand. Er war beliebt bei \u201eDDR\u201d-Oberen und hatte bis zu sechs T\u00fcren. <\/p>\n","protected":false},"excerpt":{"rendered":"<p>Wie die Zeit vergeht und einige Volvo 740, besonders in der Form des Kombi sieht man noch im t\u00e4glichen Einsatz auf der Stra\u00dfe. Diese robusten und kantigen Fahrzeuge sind von&#8230;<\/p>\n","protected":false},"author":1,"featured_media":0,"comment_status":"closed","ping_status":"closed","sticky":false,"template":"","format":"standard","meta":{"footnotes":""},"categories":[42],"tags":[292,68],"class_list":["post-2665","post","type-post","status-publish","format-standard","hentry","category-jubilaeum","tag-30-jahre","tag-volvo"],"_links":{"self":[{"href":"https:\/\/oldtimer-veranstaltung.de\/service\/wp-json\/wp\/v2\/posts\/2665","targetHints":{"allow":["GET"]}}],"collection":[{"href":"https:\/\/oldtimer-veranstaltung.de\/service\/wp-json\/wp\/v2\/posts"}],"about":[{"href":"https:\/\/oldtimer-veranstaltung.de\/service\/wp-json\/wp\/v2\/types\/post"}],"author":[{"embeddable":true,"href":"https:\/\/oldtimer-veranstaltung.de\/service\/wp-json\/wp\/v2\/users\/1"}],"replies":[{"embeddable":true,"href":"https:\/\/oldtimer-veranstaltung.de\/service\/wp-json\/wp\/v2\/comments?post=2665"}],"version-history":[{"count":0,"href":"https:\/\/oldtimer-veranstaltung.de\/service\/wp-json\/wp\/v2\/posts\/2665\/revisions"}],"wp:attachment":[{"href":"https:\/\/oldtimer-veranstaltung.de\/service\/wp-json\/wp\/v2\/media?parent=2665"}],"wp:term":[{"taxonomy":"category","embeddable":true,"href":"https:\/\/oldtimer-veranstaltung.de\/service\/wp-json\/wp\/v2\/categories?post=2665"},{"taxonomy":"post_tag","embeddable":true,"href":"https:\/\/oldtimer-veranstaltung.de\/service\/wp-json\/wp\/v2\/tags?post=2665"}],"curies":[{"name":"wp","href":"https:\/\/api.w.org\/{rel}","templated":true}]}}