{"id":2485,"date":"2014-03-24T16:50:39","date_gmt":"2014-03-24T15:50:39","guid":{"rendered":"https:\/\/oldtimer-veranstaltung.de\/service\/?p=2485"},"modified":"2014-03-24T16:50:39","modified_gmt":"2014-03-24T15:50:39","slug":"40-jahre-geburtstag-golf-1","status":"publish","type":"post","link":"https:\/\/oldtimer-veranstaltung.de\/service\/40-jahre-geburtstag-golf-1\/","title":{"rendered":"40 Jahre Geburtstag des Golf 1"},"content":{"rendered":"<p> Anl\u00e4sslich der Weltmesse f\u00fcr Oldtimer-, Classic- und Prestige-Automobile in Essen feiert Volkswagen Classic den 40. Geburtstag des Golf.<\/p>\n<p>Volkswagen Classic stellt Modelle aus den Fahrzeugsammlungen in Wolfsburg und Osnabr\u00fcck in Halle 7.0 aus. Prim\u00e4r geht es um ein gro\u00dfes Jubil\u00e4um: Unter dem Motto \u201e40 Jahre Golf&#8220; wird einer der \u00e4ltesten noch existierenden Vertreter der ersten Baureihe gezeigt. Mit dem Golf I begann damals eine beeindruckende Erfolgsgeschichte.<\/p>\n<figure id=\"attachment_2488\" aria-describedby=\"caption-attachment-2488\" style=\"width: 730px\" class=\"wp-caption aligncenter\"><a href=\"https:\/\/oldtimer-veranstaltung.de\/service\/wp-content\/uploads\/2014\/03\/Volkswagen-Golf-1974.jpg\"><img loading=\"lazy\" decoding=\"async\" src=\"https:\/\/oldtimer-veranstaltung.de\/service\/wp-content\/uploads\/2014\/03\/Volkswagen-Golf-1974.jpg\" alt=\"Volkswagen Golf Baujahr 1974\" width=\"730\" height=\"513\" class=\"size-full wp-image-2488\" srcset=\"https:\/\/oldtimer-veranstaltung.de\/service\/wp-content\/uploads\/2014\/03\/Volkswagen-Golf-1974.jpg 730w, https:\/\/oldtimer-veranstaltung.de\/service\/wp-content\/uploads\/2014\/03\/Volkswagen-Golf-1974-300x210.jpg 300w, https:\/\/oldtimer-veranstaltung.de\/service\/wp-content\/uploads\/2014\/03\/Volkswagen-Golf-1974-125x87.jpg 125w\" sizes=\"auto, (max-width: 730px) 100vw, 730px\" \/><\/a><figcaption id=\"caption-attachment-2488\" class=\"wp-caption-text\">Volkswagen Golf Baujahr 1974 \u00a9 Fotoquelle und Bildrechte: Volkswagen AG<\/figcaption><\/figure>\n<p>Das Exponat wurde von der Stiftung AutoMuseum Volkswagen f\u00fcr die  Techno Classica zur Verf\u00fcgung gestellt. Ebenfalls aus diesem Museum stammt ein aufgeschnittener, mit zahlreichen Extras versehener Golf I, der am benachbarten Stand von Volkswagen Classic Parts auf die \u00e4lteste Wolfsburger Fahrzeugsammlung hinweist: Das Markenmuseum in der Wolfsburger Dieselstra\u00dfe \u00f6stlich der Autostadt zeigt die komplette Produktgeschichte von Volkswagen.  <\/p>\n<p>P\u00fcnktlich zum Jubil\u00e4um des ersten Serien-Golf, der vor exakt 40 Jahren am Mittellandkanal vom Band lief, wird Volkswagen Classic diesen automobilen Geburtstag begehen. Hans-Joachim Stuck, einer der bekanntesten deutschsprachigen Rennfahrer und selbst Besitzer eines Golf I GTI, wird zu diesem Jubil\u00e4um anwesend sein.         <\/p>\n<p>Besucher sollten unbedingt die Gelegenheit nutzen, die Markenclubs in Halle 8.1. zu besuchen.<\/p>\n<p>Quelle: Volkswagen AG<\/p>\n","protected":false},"excerpt":{"rendered":"<p>Anl\u00e4sslich der Weltmesse f\u00fcr Oldtimer-, Classic- und Prestige-Automobile in Essen feiert Volkswagen Classic den 40. Geburtstag des Golf. Volkswagen Classic stellt Modelle aus den Fahrzeugsammlungen in Wolfsburg und Osnabr\u00fcck in&#8230;<\/p>\n","protected":false},"author":1,"featured_media":0,"comment_status":"closed","ping_status":"closed","sticky":false,"template":"","format":"standard","meta":{"footnotes":""},"categories":[42],"tags":[107],"class_list":["post-2485","post","type-post","status-publish","format-standard","hentry","category-jubilaeum","tag-40-jahre"],"_links":{"self":[{"href":"https:\/\/oldtimer-veranstaltung.de\/service\/wp-json\/wp\/v2\/posts\/2485","targetHints":{"allow":["GET"]}}],"collection":[{"href":"https:\/\/oldtimer-veranstaltung.de\/service\/wp-json\/wp\/v2\/posts"}],"about":[{"href":"https:\/\/oldtimer-veranstaltung.de\/service\/wp-json\/wp\/v2\/types\/post"}],"author":[{"embeddable":true,"href":"https:\/\/oldtimer-veranstaltung.de\/service\/wp-json\/wp\/v2\/users\/1"}],"replies":[{"embeddable":true,"href":"https:\/\/oldtimer-veranstaltung.de\/service\/wp-json\/wp\/v2\/comments?post=2485"}],"version-history":[{"count":0,"href":"https:\/\/oldtimer-veranstaltung.de\/service\/wp-json\/wp\/v2\/posts\/2485\/revisions"}],"wp:attachment":[{"href":"https:\/\/oldtimer-veranstaltung.de\/service\/wp-json\/wp\/v2\/media?parent=2485"}],"wp:term":[{"taxonomy":"category","embeddable":true,"href":"https:\/\/oldtimer-veranstaltung.de\/service\/wp-json\/wp\/v2\/categories?post=2485"},{"taxonomy":"post_tag","embeddable":true,"href":"https:\/\/oldtimer-veranstaltung.de\/service\/wp-json\/wp\/v2\/tags?post=2485"}],"curies":[{"name":"wp","href":"https:\/\/api.w.org\/{rel}","templated":true}]}}