{"id":10211,"date":"2017-05-16T13:53:21","date_gmt":"2017-05-16T11:53:21","guid":{"rendered":"https:\/\/oldtimer-veranstaltung.de\/service\/?p=10211"},"modified":"2017-05-16T13:53:21","modified_gmt":"2017-05-16T11:53:21","slug":"50-jahre-volkswagen-t2","status":"publish","type":"post","link":"https:\/\/oldtimer-veranstaltung.de\/service\/50-jahre-volkswagen-t2\/","title":{"rendered":"50 Jahre Volkswagen T2"},"content":{"rendered":"<p>Kaum ein Fahrzeug ist derart mit der Marke Volkswagen verbunden, wie der legend\u00e4re VW-Transporter, der inzwischen in der 6. Generation  produziert wird. Nur der VW-K\u00e4fer k\u00f6nnte f\u00fcr sich in Anspruch nehmen, noch bekannter und beliebter zu sein. Besonders die Fahrzeuge der zweiten Generation &#8211; der VW T2 wird meistens liebevoll\u00a0\u201eVW-Bulli\u201c genannt &#8211; verf\u00fcgen \u00fcber eine gro\u00dfe Fangemeinde und zahllose Liebhaber. <\/p>\n<p>Rechtzeitig zum 50. Jubil\u00e4um des Produktionsbeginns des <a href=\"https:\/\/oldtimer-veranstaltung.de\/2014\/10\/vw-t2-ausstellung-im-auto-museum-wolfsburg\/\" target=\"_blank\">VW T2<\/a> zeigt die Oldtimer- und Erlebnisausstellung  PS.SPEICHER in  Einbeck ab dem 30. Juli 2017 in Zusammenarbeit mit der Interessengemeinschaft T2 e.V. aus Hessisch-Oldendorf eine Sonderausstellung des legend\u00e4ren Kleintransporters. <\/p>\n<p>Transporter, Handwerkerauto, Einsatzfahrzeug, Krankenwagen, Familienkutsche, Reisemobil, Hippiegef\u00e4hrt \u2013 das alles und noch viel mehr ist der VW T2 gewesen.  Sein markantes  Gesicht mit der ungeteilten Frontscheibe und den typischen runden VW-Konturen der 70er Jahre  hat sich tief in die Erinnerung einer ganzen Generation eingegraben. Ab 1967 produziert, gibt es weltweit wohl keinen anderen Transporter, der 46 Jahre im Programm blieb \u2013 lief er doch ab 1968 auch in S\u00fcdafrika, ab 1971 in Mexiko und ab 1975 in Brasilien vom Band. In seiner letzten Ausbaustufe T2c fand die Produktion in S\u00fcdamerika dann schlie\u00dflich im Jahr 2013 ihr Ende. Weltweit kommt der T2 so auf rund 3,9 Millionen Exemplare, die erfolgreichste Transporter Baureihe bis heute. So sind unz\u00e4hlige Geschichten zwischen Wirtschaftswunder, FlowerPower und <a href=\"https:\/\/oldtimer-veranstaltung.de\/inserat\/historisches-camping\/\" target=\"_blank\">Camping<\/a> mit dem T2 Bulli verbunden. Auch wenn die Preise f\u00fcr einen gut erhaltenen T2 inzwischen explodiert sind, ist er doch st\u00e4ndiger Gast auf vielen Oldtimerveranstaltungen. Denn wer einen VW T2 Bulli besitzt, zeigt ihn gerne und gibt ihn nicht wieder her.<\/p>\n<figure id=\"attachment_10213\" aria-describedby=\"caption-attachment-10213\" style=\"width: 730px\" class=\"wp-caption aligncenter\"><a href=\"https:\/\/oldtimer-veranstaltung.de\/service\/wp-content\/uploads\/2017\/05\/VW-T2-P.S.Speicher-Einbeck.jpg\"><img loading=\"lazy\" decoding=\"async\" src=\"https:\/\/oldtimer-veranstaltung.de\/service\/wp-content\/uploads\/2017\/05\/VW-T2-P.S.Speicher-Einbeck.jpg\" alt=\"VW T2 vor P.S.Speicher Einbeck\" width=\"730\" height=\"471\" class=\"size-full wp-image-10213\" srcset=\"https:\/\/oldtimer-veranstaltung.de\/service\/wp-content\/uploads\/2017\/05\/VW-T2-P.S.Speicher-Einbeck.jpg 730w, https:\/\/oldtimer-veranstaltung.de\/service\/wp-content\/uploads\/2017\/05\/VW-T2-P.S.Speicher-Einbeck-300x194.jpg 300w\" sizes=\"auto, (max-width: 730px) 100vw, 730px\" \/><\/a><figcaption id=\"caption-attachment-10213\" class=\"wp-caption-text\">VW T2 vor P.S.Speicher Einbeck \u00a9 Fotoquelle und Bildrechte: knoth-fotografie \/ Kulturstiftung Kornhaus<\/figcaption><\/figure>\n<p>Diese Leidenschaft hat auch die Interessengemeinschaft T2 e.V., kurz: IG T2, zusammen gebracht, eine Gruppe von rund 600 Enthusiasten aus ganz Deutschland, die ihre insgesamt 35 St\u00fccke umfassende Sammlung seit 1993 gemeinsam pflegen und erhalten. 13 St\u00fccke der Sammlung werden nun ab dem 29.07.2017 bis auf weiteres in einer Sonderausstellung im PS.SPEICHER Einbeck zu sehen sein.  <\/p>\n<p>\u201eWir freuen uns sehr\u201c, sagt Alexander Prinz, 2. Vorsitzender der IG T2, \u201edass wir mit unserer Sammlung Teil der Pr\u00e4sentation des PS.SPEICHER werden k\u00f6nnen. Der PS.SPEICHER hat inzwischen einen gro\u00dfen Namen und ist bundesweit bekannt, wir steuern mit unseren Sammlerst\u00fccken gerne etwas dazu bei, den PS.SPEICHER noch bekannter zu machen.\u201c<\/p>\n<figure id=\"attachment_10214\" aria-describedby=\"caption-attachment-10214\" style=\"width: 730px\" class=\"wp-caption aligncenter\"><a href=\"https:\/\/oldtimer-veranstaltung.de\/service\/wp-content\/uploads\/2017\/05\/VW-T2C-Brasilien.jpg\"><img loading=\"lazy\" decoding=\"async\" src=\"https:\/\/oldtimer-veranstaltung.de\/service\/wp-content\/uploads\/2017\/05\/VW-T2C-Brasilien.jpg\" alt=\"VW T2C Last Edition aus Brasilien\" width=\"730\" height=\"490\" class=\"size-full wp-image-10214\" srcset=\"https:\/\/oldtimer-veranstaltung.de\/service\/wp-content\/uploads\/2017\/05\/VW-T2C-Brasilien.jpg 730w, https:\/\/oldtimer-veranstaltung.de\/service\/wp-content\/uploads\/2017\/05\/VW-T2C-Brasilien-300x201.jpg 300w\" sizes=\"auto, (max-width: 730px) 100vw, 730px\" \/><\/a><figcaption id=\"caption-attachment-10214\" class=\"wp-caption-text\">VW T2C Last Edition aus Brasilien \u00a9 Fotoquelle und Bildrechte: Dianteiro \/ Volkswagen AG<\/figcaption><\/figure>\n<p>Die Freude ist auf beiden Seiten: \u201eWir kamen vor etwas \u00fcber einem Jahr ins Gespr\u00e4ch\u201c, erinnert sich Lothar Meyer-Mertel, Gesch\u00e4ftsf\u00fchrer des PS.SPEICHER, \u201eund fanden schnell \u00fcber viele Gemeinsamkeiten zur Idee einer gemeinsamen Ausstellung.\u201c Urspr\u00fcnglich sollte die Ausstellung in der PS.Halle stattfinden, die f\u00fcr solche Sonderausstellungen vorgesehen ist, aber es stellte sich heraus, dass die Kleintransporter \u2013 zumal mit den \u00f6fters montierten Aufbauten und Dachtr\u00e4gern &#8211;  zu hoch f\u00fcr den Transportfahrstuhl der PS.Halle waren. \u201eEs w\u00e4re gegangen\u201c, erinnert sich Ausstellungsleiter Sascha Fillies, \u201eaber es w\u00e4re immer sehr aufw\u00e4ndig gewesen, die Halle f\u00fcr dort stattfindenden Veranstaltungen zu r\u00e4umen. Also entschieden wir uns f\u00fcr den Raum neben der PS.Halle, in dem im Moment die Kleinwagen stehen\u201c. Die Kleinwagenausstellung wiederum wird f\u00fcr die Dauer der T2 Bulli Pr\u00e4sentation abgebaut, soll aber ab 2018 in vergr\u00f6\u00dferter Form wieder zug\u00e4nglich sein.<\/p>\n<p>Besonderes Highlight der Ausstellung ist ein Lautsprecherwagen der Bereitschaftspolizei Hamburg, mit dem Manfred Krug schon im Tatort \u201eEin Wodka zuviel\u201c auf Verbrecherjagd ging. Auch einen der letzten je gebauten T2 aus S\u00fcdamerika, einen Kombi Last Edition aus dem Jahr 2013 mit der Nummer 67 von 1200 gibt es zu sehen. Zudem wird ein T2 Elektro Transporter aus dem Jahre 1972 gezeigt, der mit dem f\u00fcr damalige Zeiten revolution\u00e4ren Antrieb die Transporter-Welt umkrempeln sollte. Die Reichweite des Transporters betrug rund 60 Kilometer, bevor die rund 850 Kilogramm schwere Batterie wieder geladen werden musste.<\/p>\n<p>Unterst\u00fctzer der Ausstellung sind die Stiftung AutoMuseum Volkswagen sowie die Autostadt aus Wolfsburg, die die Ausstellung mit seltenen Exponaten aus ihren eigenen Sammlungen unterst\u00fctzen. Darunter auch der Urahn des Bullis, der sogenannte Plattenwagen. Das zu innerbetrieblichen Transportzwecken auf einem K\u00e4fer Chassis aufgebaute Pritschenfahrzeug diente dem Holl\u00e4ndischen VW Generalimporteur Ben Pon im Jahr 1947 als Inspiration f\u00fcr seine bekannte Bulli Skizze f\u00fcr den VW T1. <\/p>\n<p>Der Eintritt zur T2-Ausstellung ist im Paket der parallel laufenden Sonderausstellungen im PS.SPEICHER enthalten (3,- \u20ac als Einzelbesuch bzw. 2,50 \u20ac zuz\u00fcglich regul\u00e4rem Eintrittspreis f\u00fcr die Dauerausstellung des PS.SPEICHER).<\/p>\n<p>Weitere Informationen finden Sie unter: <a href=\"http:\/\/www.bulli.org\" target=\"_blank\">www.bulli.org<\/a> und zum Fahrzeugmuseum unter: <a href=\"http:\/\/www.bullimuseum.eu\" target=\"_blank\">www.bullimuseum.eu<\/a><\/p>\n","protected":false},"excerpt":{"rendered":"<p>Kaum ein Fahrzeug ist derart mit der Marke Volkswagen verbunden, wie der legend\u00e4re VW-Transporter, der inzwischen in der 6. Generation produziert wird. Nur der VW-K\u00e4fer k\u00f6nnte f\u00fcr sich in Anspruch&#8230;<\/p>\n","protected":false},"author":1,"featured_media":0,"comment_status":"closed","ping_status":"closed","sticky":false,"template":"","format":"standard","meta":{"footnotes":""},"categories":[27,556],"tags":[480,39],"class_list":["post-10211","post","type-post","status-publish","format-standard","hentry","category-reisen-berichte","category-volkswagen","tag-50-jahre","tag-museum"],"_links":{"self":[{"href":"https:\/\/oldtimer-veranstaltung.de\/service\/wp-json\/wp\/v2\/posts\/10211","targetHints":{"allow":["GET"]}}],"collection":[{"href":"https:\/\/oldtimer-veranstaltung.de\/service\/wp-json\/wp\/v2\/posts"}],"about":[{"href":"https:\/\/oldtimer-veranstaltung.de\/service\/wp-json\/wp\/v2\/types\/post"}],"author":[{"embeddable":true,"href":"https:\/\/oldtimer-veranstaltung.de\/service\/wp-json\/wp\/v2\/users\/1"}],"replies":[{"embeddable":true,"href":"https:\/\/oldtimer-veranstaltung.de\/service\/wp-json\/wp\/v2\/comments?post=10211"}],"version-history":[{"count":0,"href":"https:\/\/oldtimer-veranstaltung.de\/service\/wp-json\/wp\/v2\/posts\/10211\/revisions"}],"wp:attachment":[{"href":"https:\/\/oldtimer-veranstaltung.de\/service\/wp-json\/wp\/v2\/media?parent=10211"}],"wp:term":[{"taxonomy":"category","embeddable":true,"href":"https:\/\/oldtimer-veranstaltung.de\/service\/wp-json\/wp\/v2\/categories?post=10211"},{"taxonomy":"post_tag","embeddable":true,"href":"https:\/\/oldtimer-veranstaltung.de\/service\/wp-json\/wp\/v2\/tags?post=10211"}],"curies":[{"name":"wp","href":"https:\/\/api.w.org\/{rel}","templated":true}]}}