{"id":4917,"date":"2016-05-31T09:00:50","date_gmt":"2016-05-31T07:00:50","guid":{"rendered":"https:\/\/oldtimer-veranstaltung.de\/kalender\/?p=4917"},"modified":"2016-07-31T16:37:52","modified_gmt":"2016-07-31T14:37:52","slug":"oldtimer-termine-plakate-2016","status":"publish","type":"post","link":"https:\/\/oldtimer-veranstaltung.de\/kalender\/oldtimer-termine-plakate-2016\/","title":{"rendered":"Oldtimer Termine Plakate 2016"},"content":{"rendered":"<p>In diesem Beitrag pr\u00e4sentieren wir Ihnen einige Oldtimer Termine 2016 und deren Plakate, die der jeweilige Veranstalter zur Verf\u00fcgung gestellt hat. Das Erscheinen der Plakate im Browser kann bei schlechter Internetverbindung etwas l\u00e4nger dauern.<\/p>\n<div id='gallery-1' class='gallery galleryid-4917 gallery-columns-3 gallery-size-thumbnail'><figure class='gallery-item'>\n\t\t\t<div class='gallery-icon portrait'>\n\t\t\t\t<a href='https:\/\/oldtimer-veranstaltung.de\/kalender\/termine\/historischer-feldtag-mit-sonderausstellung-deutz-und-fahr\/historischer-feldtag-nordhorn\/'><img loading=\"lazy\" decoding=\"async\" width=\"150\" height=\"150\" src=\"https:\/\/oldtimer-veranstaltung.de\/kalender\/wp-content\/uploads\/2014\/09\/Historischer-Feldtag-Nordhorn-150x150.jpg\" class=\"attachment-thumbnail size-thumbnail\" alt=\"Historischer Feldtag Nordhorn\" aria-describedby=\"gallery-1-4929\" \/><\/a>\n\t\t\t<\/div>\n\t\t\t\t<figcaption class='wp-caption-text gallery-caption' id='gallery-1-4929'>\n\t\t\t\tHistorischer Feldtag Nordhorn\n\t\t\t\t<\/figcaption><\/figure><figure class='gallery-item'>\n\t\t\t<div class='gallery-icon landscape'>\n\t\t\t\t<a href='https:\/\/oldtimer-veranstaltung.de\/kalender\/termine\/12-internationale-goldpokal-classic\/logo_goldpokal_2016\/'><img loading=\"lazy\" decoding=\"async\" width=\"150\" height=\"144\" src=\"https:\/\/oldtimer-veranstaltung.de\/kalender\/wp-content\/uploads\/2015\/05\/logo_goldpokal_2016-150x144.jpg\" class=\"attachment-thumbnail size-thumbnail\" alt=\"Goldpokal Classic 2016\" aria-describedby=\"gallery-1-7316\" \/><\/a>\n\t\t\t<\/div>\n\t\t\t\t<figcaption class='wp-caption-text gallery-caption' id='gallery-1-7316'>\n\t\t\t\tGoldpokal Classic 2016\n\t\t\t\t<\/figcaption><\/figure><figure class='gallery-item'>\n\t\t\t<div class='gallery-icon landscape'>\n\t\t\t\t<a href='https:\/\/oldtimer-veranstaltung.de\/kalender\/termine\/4-internationale-austrian-safari-classic\/logo_safari_2016\/'><img loading=\"lazy\" decoding=\"async\" width=\"150\" height=\"136\" src=\"https:\/\/oldtimer-veranstaltung.de\/kalender\/wp-content\/uploads\/2015\/05\/logo_safari_2016-150x136.jpg\" class=\"attachment-thumbnail size-thumbnail\" alt=\"austrian Safari 2016\" aria-describedby=\"gallery-1-7319\" \/><\/a>\n\t\t\t<\/div>\n\t\t\t\t<figcaption class='wp-caption-text gallery-caption' id='gallery-1-7319'>\n\t\t\t\taustrian Safari 2016\n\t\t\t\t<\/figcaption><\/figure><figure class='gallery-item'>\n\t\t\t<div class='gallery-icon landscape'>\n\t\t\t\t<a href='https:\/\/oldtimer-veranstaltung.de\/kalender\/termine\/osna-oldies-2016\/logo-osna-oldies\/'><img loading=\"lazy\" decoding=\"async\" width=\"150\" height=\"150\" src=\"https:\/\/oldtimer-veranstaltung.de\/kalender\/wp-content\/uploads\/2015\/06\/logo-osna-oldies-150x150.jpg\" class=\"attachment-thumbnail size-thumbnail\" alt=\"OSNA Oldies\" aria-describedby=\"gallery-1-7573\" \/><\/a>\n\t\t\t<\/div>\n\t\t\t\t<figcaption class='wp-caption-text gallery-caption' id='gallery-1-7573'>\n\t\t\t\tOSNA Oldies\n\t\t\t\t<\/figcaption><\/figure><figure class='gallery-item'>\n\t\t\t<div class='gallery-icon portrait'>\n\t\t\t\t<a href='https:\/\/oldtimer-veranstaltung.de\/kalender\/termine\/winterrallye-steiermark-2016\/winterrallye-steiermark-2\/'><img loading=\"lazy\" decoding=\"async\" width=\"150\" height=\"150\" src=\"https:\/\/oldtimer-veranstaltung.de\/kalender\/wp-content\/uploads\/2015\/07\/winterrallye-steiermark-150x150.jpg\" class=\"attachment-thumbnail size-thumbnail\" alt=\"Winterrallye Steiermark 2016\" aria-describedby=\"gallery-1-7601\" \/><\/a>\n\t\t\t<\/div>\n\t\t\t\t<figcaption class='wp-caption-text gallery-caption' id='gallery-1-7601'>\n\t\t\t\tWinterrallye Steiermark 2016\n\t\t\t\t<\/figcaption><\/figure><figure class='gallery-item'>\n\t\t\t<div class='gallery-icon portrait'>\n\t\t\t\t<a href='https:\/\/oldtimer-veranstaltung.de\/kalender\/termine\/rund-um-die-rheinfels-quelle\/walsumer_ac_2016\/'><img loading=\"lazy\" decoding=\"async\" width=\"150\" height=\"150\" src=\"https:\/\/oldtimer-veranstaltung.de\/kalender\/wp-content\/uploads\/2015\/08\/walsumer_ac_2016-150x150.jpg\" class=\"attachment-thumbnail size-thumbnail\" alt=\"Walsumer AC 2016\" aria-describedby=\"gallery-1-7783\" srcset=\"https:\/\/oldtimer-veranstaltung.de\/kalender\/wp-content\/uploads\/2015\/08\/walsumer_ac_2016-150x150.jpg 150w, https:\/\/oldtimer-veranstaltung.de\/kalender\/wp-content\/uploads\/2015\/08\/walsumer_ac_2016-298x300.jpg 298w, https:\/\/oldtimer-veranstaltung.de\/kalender\/wp-content\/uploads\/2015\/08\/walsumer_ac_2016.jpg 628w\" sizes=\"auto, (max-width: 150px) 100vw, 150px\" \/><\/a>\n\t\t\t<\/div>\n\t\t\t\t<figcaption class='wp-caption-text gallery-caption' id='gallery-1-7783'>\n\t\t\t\tWalsumer AC 2016\n\t\t\t\t<\/figcaption><\/figure><figure class='gallery-item'>\n\t\t\t<div class='gallery-icon landscape'>\n\t\t\t\t<a href='https:\/\/oldtimer-veranstaltung.de\/kalender\/termine\/6-schinderhannes-classic-2016\/schinderhannes-classic-2016\/'><img loading=\"lazy\" decoding=\"async\" width=\"150\" height=\"150\" src=\"https:\/\/oldtimer-veranstaltung.de\/kalender\/wp-content\/uploads\/2015\/08\/schinderhannes-classic-2016-150x150.jpg\" class=\"attachment-thumbnail size-thumbnail\" alt=\"Schinderhannes Classic 2016\" aria-describedby=\"gallery-1-7829\" \/><\/a>\n\t\t\t<\/div>\n\t\t\t\t<figcaption class='wp-caption-text gallery-caption' id='gallery-1-7829'>\n\t\t\t\tSchinderhannes Classic 2016\n\t\t\t\t<\/figcaption><\/figure><figure class='gallery-item'>\n\t\t\t<div class='gallery-icon landscape'>\n\t\t\t\t<a href='https:\/\/oldtimer-veranstaltung.de\/kalender\/termine\/oldtimer-rallye-training-2016\/rallye-schild-klein\/'><img loading=\"lazy\" decoding=\"async\" width=\"150\" height=\"150\" src=\"https:\/\/oldtimer-veranstaltung.de\/kalender\/wp-content\/uploads\/2015\/08\/rallye-schild-klein-150x150.jpg\" class=\"attachment-thumbnail size-thumbnail\" alt=\"Rallye Schild\" aria-describedby=\"gallery-1-7833\" \/><\/a>\n\t\t\t<\/div>\n\t\t\t\t<figcaption class='wp-caption-text gallery-caption' id='gallery-1-7833'>\n\t\t\t\tRallye Schild\n\t\t\t\t<\/figcaption><\/figure><figure class='gallery-item'>\n\t\t\t<div class='gallery-icon portrait'>\n\t\t\t\t<a href='https:\/\/oldtimer-veranstaltung.de\/kalender\/termine\/oldtimertreffen-saisoneroeffnung-attendorn-2016\/7-jahre-oldtimertreff-attendorn\/'><img loading=\"lazy\" decoding=\"async\" width=\"150\" height=\"150\" src=\"https:\/\/oldtimer-veranstaltung.de\/kalender\/wp-content\/uploads\/2015\/09\/7-Jahre-Oldtimertreff-Attendorn-150x150.jpg\" class=\"attachment-thumbnail size-thumbnail\" alt=\"7 Jahre Oldtimertreff Attendorn\" aria-describedby=\"gallery-1-7941\" \/><\/a>\n\t\t\t<\/div>\n\t\t\t\t<figcaption class='wp-caption-text gallery-caption' id='gallery-1-7941'>\n\t\t\t\t7 Jahre Oldtimertreff Attendorn\n\t\t\t\t<\/figcaption><\/figure><figure class='gallery-item'>\n\t\t\t<div class='gallery-icon portrait'>\n\t\t\t\t<a href='https:\/\/oldtimer-veranstaltung.de\/kalender\/termine\/6-cottbuser-winterteilemarkt-fuer-oldtimer\/oldtimer-teilemarkt-2\/'><img loading=\"lazy\" decoding=\"async\" width=\"150\" height=\"150\" src=\"https:\/\/oldtimer-veranstaltung.de\/kalender\/wp-content\/uploads\/2015\/09\/Oldtimer-Teilemarkt-150x150.jpg\" class=\"attachment-thumbnail size-thumbnail\" alt=\"Oldtimer-Teilemarkt Cottbus\" aria-describedby=\"gallery-1-7981\" \/><\/a>\n\t\t\t<\/div>\n\t\t\t\t<figcaption class='wp-caption-text gallery-caption' id='gallery-1-7981'>\n\t\t\t\tOldtimer-Teilemarkt Cottbus\n\t\t\t\t<\/figcaption><\/figure><figure class='gallery-item'>\n\t\t\t<div class='gallery-icon portrait'>\n\t\t\t\t<a href='https:\/\/oldtimer-veranstaltung.de\/kalender\/termine\/8-magdeburger-winterteilemarkt-fuer-oldtimer\/oldtimer-teilemarkt-magdeburg-2\/'><img loading=\"lazy\" decoding=\"async\" width=\"150\" height=\"150\" src=\"https:\/\/oldtimer-veranstaltung.de\/kalender\/wp-content\/uploads\/2015\/09\/Oldtimer-Teilemarkt-Magdeburg-150x150.jpg\" class=\"attachment-thumbnail size-thumbnail\" alt=\"Oldtimer Teilemarkt Magdeburg\" aria-describedby=\"gallery-1-7985\" \/><\/a>\n\t\t\t<\/div>\n\t\t\t\t<figcaption class='wp-caption-text gallery-caption' id='gallery-1-7985'>\n\t\t\t\tOldtimer Teilemarkt Magdeburg\n\t\t\t\t<\/figcaption><\/figure><figure class='gallery-item'>\n\t\t\t<div class='gallery-icon landscape'>\n\t\t\t\t<a href='https:\/\/oldtimer-veranstaltung.de\/kalender\/termine\/ioe-alpenfahrt-classic-rallye-2\/alpenfahrt-morgan-1969-2\/'><img loading=\"lazy\" decoding=\"async\" width=\"150\" height=\"150\" src=\"https:\/\/oldtimer-veranstaltung.de\/kalender\/wp-content\/uploads\/2015\/09\/alpenfahrt-morgan-19691-150x150.jpg\" class=\"attachment-thumbnail size-thumbnail\" alt=\"Alpenfahrt mit Morgan 1969\" aria-describedby=\"gallery-1-8018\" \/><\/a>\n\t\t\t<\/div>\n\t\t\t\t<figcaption class='wp-caption-text gallery-caption' id='gallery-1-8018'>\n\t\t\t\tAlpenfahrt mit Morgan 1969\n\t\t\t\t<\/figcaption><\/figure><figure class='gallery-item'>\n\t\t\t<div class='gallery-icon landscape'>\n\t\t\t\t<a href='https:\/\/oldtimer-veranstaltung.de\/kalender\/termine\/thermen-classic\/thermenclassic-2016\/'><img loading=\"lazy\" decoding=\"async\" width=\"150\" height=\"150\" src=\"https:\/\/oldtimer-veranstaltung.de\/kalender\/wp-content\/uploads\/2015\/09\/ThermenClassic-2016-150x150.jpg\" class=\"attachment-thumbnail size-thumbnail\" alt=\"Thermen Classic 2016\" aria-describedby=\"gallery-1-8037\" \/><\/a>\n\t\t\t<\/div>\n\t\t\t\t<figcaption class='wp-caption-text gallery-caption' id='gallery-1-8037'>\n\t\t\t\tThermen Classic 2016\n\t\t\t\t<\/figcaption><\/figure><figure class='gallery-item'>\n\t\t\t<div class='gallery-icon landscape'>\n\t\t\t\t<a href='https:\/\/oldtimer-veranstaltung.de\/kalender\/termine\/bergfruehling-classic\/bergfruehlin-classic-2016\/'><img loading=\"lazy\" decoding=\"async\" width=\"150\" height=\"150\" src=\"https:\/\/oldtimer-veranstaltung.de\/kalender\/wp-content\/uploads\/2015\/09\/Bergfruehlin-Classic-2016-150x150.jpg\" class=\"attachment-thumbnail size-thumbnail\" alt=\"Bergfr\u00fchling Classic 2016\" aria-describedby=\"gallery-1-8040\" srcset=\"https:\/\/oldtimer-veranstaltung.de\/kalender\/wp-content\/uploads\/2015\/09\/Bergfruehlin-Classic-2016-150x150.jpg 150w, https:\/\/oldtimer-veranstaltung.de\/kalender\/wp-content\/uploads\/2015\/09\/Bergfruehlin-Classic-2016-300x300.jpg 300w, https:\/\/oldtimer-veranstaltung.de\/kalender\/wp-content\/uploads\/2015\/09\/Bergfruehlin-Classic-2016.jpg 730w\" sizes=\"auto, (max-width: 150px) 100vw, 150px\" \/><\/a>\n\t\t\t<\/div>\n\t\t\t\t<figcaption class='wp-caption-text gallery-caption' id='gallery-1-8040'>\n\t\t\t\tBergfr\u00fchling  Classic 2016\n\t\t\t\t<\/figcaption><\/figure><figure class='gallery-item'>\n\t\t\t<div class='gallery-icon landscape'>\n\t\t\t\t<a href='https:\/\/oldtimer-veranstaltung.de\/kalender\/termine\/legendswinter-classic-2016\/legends-winter-2016\/'><img loading=\"lazy\" decoding=\"async\" width=\"150\" height=\"150\" src=\"https:\/\/oldtimer-veranstaltung.de\/kalender\/wp-content\/uploads\/2015\/09\/Legends-Winter-2016-150x150.jpg\" class=\"attachment-thumbnail size-thumbnail\" alt=\"Legends Winter 2016\" aria-describedby=\"gallery-1-8043\" srcset=\"https:\/\/oldtimer-veranstaltung.de\/kalender\/wp-content\/uploads\/2015\/09\/Legends-Winter-2016-150x150.jpg 150w, https:\/\/oldtimer-veranstaltung.de\/kalender\/wp-content\/uploads\/2015\/09\/Legends-Winter-2016-300x300.jpg 300w, https:\/\/oldtimer-veranstaltung.de\/kalender\/wp-content\/uploads\/2015\/09\/Legends-Winter-2016.jpg 730w\" sizes=\"auto, (max-width: 150px) 100vw, 150px\" \/><\/a>\n\t\t\t<\/div>\n\t\t\t\t<figcaption class='wp-caption-text gallery-caption' id='gallery-1-8043'>\n\t\t\t\tLegends Winter 2016\n\t\t\t\t<\/figcaption><\/figure><figure class='gallery-item'>\n\t\t\t<div class='gallery-icon portrait'>\n\t\t\t\t<a href='https:\/\/oldtimer-veranstaltung.de\/kalender\/termine\/carovana-romantica-2016\/carovana-romantica-2016\/'><img loading=\"lazy\" decoding=\"async\" width=\"150\" height=\"150\" src=\"https:\/\/oldtimer-veranstaltung.de\/kalender\/wp-content\/uploads\/2015\/09\/carovana-romantica-2016-150x150.jpg\" class=\"attachment-thumbnail size-thumbnail\" alt=\"Carovana Romantica 2016\" aria-describedby=\"gallery-1-8047\" \/><\/a>\n\t\t\t<\/div>\n\t\t\t\t<figcaption class='wp-caption-text gallery-caption' id='gallery-1-8047'>\n\t\t\t\tCarovana Romantica 2016\n\t\t\t\t<\/figcaption><\/figure><figure class='gallery-item'>\n\t\t\t<div class='gallery-icon portrait'>\n\t\t\t\t<a href='https:\/\/oldtimer-veranstaltung.de\/kalender\/termine\/ahr-rotwein-klassik-2016\/automobilclub-ahr\/'><img loading=\"lazy\" decoding=\"async\" width=\"150\" height=\"150\" src=\"https:\/\/oldtimer-veranstaltung.de\/kalender\/wp-content\/uploads\/2015\/10\/automobilclub-ahr-150x150.jpg\" class=\"attachment-thumbnail size-thumbnail\" alt=\"Automobilclub Ahr\" aria-describedby=\"gallery-1-8055\" \/><\/a>\n\t\t\t<\/div>\n\t\t\t\t<figcaption class='wp-caption-text gallery-caption' id='gallery-1-8055'>\n\t\t\t\tAutomobilclub Ahr\n\t\t\t\t<\/figcaption><\/figure><figure class='gallery-item'>\n\t\t\t<div class='gallery-icon landscape'>\n\t\t\t\t<a href='https:\/\/oldtimer-veranstaltung.de\/kalender\/termine\/6-rhein-hunsrueck-classic\/rhc-rallye\/'><img loading=\"lazy\" decoding=\"async\" width=\"150\" height=\"150\" src=\"https:\/\/oldtimer-veranstaltung.de\/kalender\/wp-content\/uploads\/2015\/10\/RHC-Rallye-150x150.jpg\" class=\"attachment-thumbnail size-thumbnail\" alt=\"RHC Rallye\" aria-describedby=\"gallery-1-8077\" srcset=\"https:\/\/oldtimer-veranstaltung.de\/kalender\/wp-content\/uploads\/2015\/10\/RHC-Rallye-150x150.jpg 150w, https:\/\/oldtimer-veranstaltung.de\/kalender\/wp-content\/uploads\/2015\/10\/RHC-Rallye-300x300.jpg 300w, https:\/\/oldtimer-veranstaltung.de\/kalender\/wp-content\/uploads\/2015\/10\/RHC-Rallye.jpg 730w\" sizes=\"auto, (max-width: 150px) 100vw, 150px\" \/><\/a>\n\t\t\t<\/div>\n\t\t\t\t<figcaption class='wp-caption-text gallery-caption' id='gallery-1-8077'>\n\t\t\t\tRHC Rallye\n\t\t\t\t<\/figcaption><\/figure><figure class='gallery-item'>\n\t\t\t<div class='gallery-icon landscape'>\n\t\t\t\t<a href='https:\/\/oldtimer-veranstaltung.de\/kalender\/termine\/goeller-classic-2016\/goeller-classic-2016\/'><img loading=\"lazy\" decoding=\"async\" width=\"150\" height=\"150\" src=\"https:\/\/oldtimer-veranstaltung.de\/kalender\/wp-content\/uploads\/2015\/10\/goeller-classic-2016-150x150.jpg\" class=\"attachment-thumbnail size-thumbnail\" alt=\"G\u00f6ller-Classic 2016\" \/><\/a>\n\t\t\t<\/div><\/figure><figure class='gallery-item'>\n\t\t\t<div class='gallery-icon landscape'>\n\t\t\t\t<a href='https:\/\/oldtimer-veranstaltung.de\/kalender\/termine\/black-forest-classic-2016\/black-forest-classic-logo\/'><img loading=\"lazy\" decoding=\"async\" width=\"150\" height=\"150\" src=\"https:\/\/oldtimer-veranstaltung.de\/kalender\/wp-content\/uploads\/2015\/10\/Black-forest-Classic-logo-150x150.jpg\" class=\"attachment-thumbnail size-thumbnail\" alt=\"Black Forest Classic Logo\" aria-describedby=\"gallery-1-8096\" srcset=\"https:\/\/oldtimer-veranstaltung.de\/kalender\/wp-content\/uploads\/2015\/10\/Black-forest-Classic-logo-150x150.jpg 150w, https:\/\/oldtimer-veranstaltung.de\/kalender\/wp-content\/uploads\/2015\/10\/Black-forest-Classic-logo.jpg 300w\" sizes=\"auto, (max-width: 150px) 100vw, 150px\" \/><\/a>\n\t\t\t<\/div>\n\t\t\t\t<figcaption class='wp-caption-text gallery-caption' id='gallery-1-8096'>\n\t\t\t\tBlack Forest Classic Logo\n\t\t\t\t<\/figcaption><\/figure><figure class='gallery-item'>\n\t\t\t<div class='gallery-icon portrait'>\n\t\t\t\t<a href='https:\/\/oldtimer-veranstaltung.de\/kalender\/termine\/klassikwelt-bodensee-2016\/motiv-messe-friedrichshafen\/'><img loading=\"lazy\" decoding=\"async\" width=\"150\" height=\"150\" src=\"https:\/\/oldtimer-veranstaltung.de\/kalender\/wp-content\/uploads\/2015\/06\/Motiv-Messe-Friedrichshafen-150x150.jpg\" class=\"attachment-thumbnail size-thumbnail\" alt=\"Motiv Messe Friedrichshafen\" aria-describedby=\"gallery-1-8101\" \/><\/a>\n\t\t\t<\/div>\n\t\t\t\t<figcaption class='wp-caption-text gallery-caption' id='gallery-1-8101'>\n\t\t\t\tMotiv Messe Friedrichshafen\n\t\t\t\t<\/figcaption><\/figure><figure class='gallery-item'>\n\t\t\t<div class='gallery-icon portrait'>\n\t\t\t\t<a href='https:\/\/oldtimer-veranstaltung.de\/kalender\/termine\/6th-beastie-bugin-kaefer-meets-us-car\/kaefer-meets-us-cars\/'><img loading=\"lazy\" decoding=\"async\" width=\"150\" height=\"150\" src=\"https:\/\/oldtimer-veranstaltung.de\/kalender\/wp-content\/uploads\/2015\/10\/Kaefer-meets-US-Cars-150x150.jpg\" class=\"attachment-thumbnail size-thumbnail\" alt=\"K\u00e4fer meets US-Cars\" aria-describedby=\"gallery-1-8126\" \/><\/a>\n\t\t\t<\/div>\n\t\t\t\t<figcaption class='wp-caption-text gallery-caption' id='gallery-1-8126'>\n\t\t\t\tK\u00e4fer meets US-Cars\n\t\t\t\t<\/figcaption><\/figure><figure class='gallery-item'>\n\t\t\t<div class='gallery-icon portrait'>\n\t\t\t\t<a href='https:\/\/oldtimer-veranstaltung.de\/kalender\/termine\/3-pfingst-rallye-rurich\/pfingst-rallye-rurich-2\/'><img loading=\"lazy\" decoding=\"async\" width=\"150\" height=\"150\" src=\"https:\/\/oldtimer-veranstaltung.de\/kalender\/wp-content\/uploads\/2015\/10\/Pfingst-Rallye-Rurich-150x150.jpg\" class=\"attachment-thumbnail size-thumbnail\" alt=\"Pfingst Rallye Rurich\" aria-describedby=\"gallery-1-8129\" \/><\/a>\n\t\t\t<\/div>\n\t\t\t\t<figcaption class='wp-caption-text gallery-caption' id='gallery-1-8129'>\n\t\t\t\tPfingst Rallye Rurich\n\t\t\t\t<\/figcaption><\/figure><figure class='gallery-item'>\n\t\t\t<div class='gallery-icon landscape'>\n\t\t\t\t<a href='https:\/\/oldtimer-veranstaltung.de\/kalender\/termine\/61-internationale-deutsche-schnauferl-rallye-2016\/asc-rallye-2016_savethedate\/'><img loading=\"lazy\" decoding=\"async\" width=\"150\" height=\"150\" src=\"https:\/\/oldtimer-veranstaltung.de\/kalender\/wp-content\/uploads\/2015\/10\/asc-rallye-2016_savethedate-150x150.jpg\" class=\"attachment-thumbnail size-thumbnail\" alt=\"ASC Rallye 2016\" aria-describedby=\"gallery-1-8230\" \/><\/a>\n\t\t\t<\/div>\n\t\t\t\t<figcaption class='wp-caption-text gallery-caption' id='gallery-1-8230'>\n\t\t\t\tASC Rallye 2016\n\t\t\t\t<\/figcaption><\/figure><figure class='gallery-item'>\n\t\t\t<div class='gallery-icon landscape'>\n\t\t\t\t<a href='https:\/\/oldtimer-veranstaltung.de\/kalender\/termine\/grand-prix-caracciola-edition-2016-am-chiemsee\/grand-prix-caracciola-chiemsee\/'><img loading=\"lazy\" decoding=\"async\" width=\"150\" height=\"150\" src=\"https:\/\/oldtimer-veranstaltung.de\/kalender\/wp-content\/uploads\/2015\/10\/Grand-Prix-Caracciola-Chiemsee-150x150.jpg\" class=\"attachment-thumbnail size-thumbnail\" alt=\"Grand Prix Caracciola Chiemsee\" aria-describedby=\"gallery-1-8246\" \/><\/a>\n\t\t\t<\/div>\n\t\t\t\t<figcaption class='wp-caption-text gallery-caption' id='gallery-1-8246'>\n\t\t\t\tGrand Prix Caracciola Chiemsee\n\t\t\t\t<\/figcaption><\/figure><figure class='gallery-item'>\n\t\t\t<div class='gallery-icon landscape'>\n\t\t\t\t<a href='https:\/\/oldtimer-veranstaltung.de\/kalender\/termine\/27-landl-rallye-meggenhofen-2016\/landl-rallye\/'><img loading=\"lazy\" decoding=\"async\" width=\"150\" height=\"150\" src=\"https:\/\/oldtimer-veranstaltung.de\/kalender\/wp-content\/uploads\/2015\/11\/Landl-Rallye-150x150.jpg\" class=\"attachment-thumbnail size-thumbnail\" alt=\"Landl-Rallye\" aria-describedby=\"gallery-1-8400\" \/><\/a>\n\t\t\t<\/div>\n\t\t\t\t<figcaption class='wp-caption-text gallery-caption' id='gallery-1-8400'>\n\t\t\t\tLandl-Rallye\n\t\t\t\t<\/figcaption><\/figure><figure class='gallery-item'>\n\t\t\t<div class='gallery-icon landscape'>\n\t\t\t\t<a href='https:\/\/oldtimer-veranstaltung.de\/kalender\/termine\/18-oldtimer-sauerlandrundfahrt-2016\/oldtimer-sauerlandrundfahrt-2\/'><img loading=\"lazy\" decoding=\"async\" width=\"150\" height=\"150\" src=\"https:\/\/oldtimer-veranstaltung.de\/kalender\/wp-content\/uploads\/2015\/11\/Oldtimer-Sauerlandrundfahrt-150x150.jpg\" class=\"attachment-thumbnail size-thumbnail\" alt=\"Oldtimer Sauerlandrundfahrt\" aria-describedby=\"gallery-1-8403\" \/><\/a>\n\t\t\t<\/div>\n\t\t\t\t<figcaption class='wp-caption-text gallery-caption' id='gallery-1-8403'>\n\t\t\t\tOldtimer Sauerlandrundfahrt\n\t\t\t\t<\/figcaption><\/figure><figure class='gallery-item'>\n\t\t\t<div class='gallery-icon landscape'>\n\t\t\t\t<a href='https:\/\/oldtimer-veranstaltung.de\/kalender\/termine\/19-oldtimertreffen-klassischer-autos-motorraeder-im-stile-eines-hist-fahrerlagers\/bild_postkarte_ovfw\/'><img loading=\"lazy\" decoding=\"async\" width=\"150\" height=\"150\" src=\"https:\/\/oldtimer-veranstaltung.de\/kalender\/wp-content\/uploads\/2015\/11\/bild_postkarte_ovfw.-150x150.jpg\" class=\"attachment-thumbnail size-thumbnail\" alt=\"Postkarte OVFW mit Ford Taunus\" aria-describedby=\"gallery-1-8533\" \/><\/a>\n\t\t\t<\/div>\n\t\t\t\t<figcaption class='wp-caption-text gallery-caption' id='gallery-1-8533'>\n\t\t\t\tPostkarte OVFW mit Ford Taunus\n\t\t\t\t<\/figcaption><\/figure><figure class='gallery-item'>\n\t\t\t<div class='gallery-icon portrait'>\n\t\t\t\t<a href='https:\/\/oldtimer-veranstaltung.de\/kalender\/termine\/rcm-oldtimertage-2016\/rcm-oldtimertage\/'><img loading=\"lazy\" decoding=\"async\" width=\"150\" height=\"150\" src=\"https:\/\/oldtimer-veranstaltung.de\/kalender\/wp-content\/uploads\/2015\/12\/RCM-Oldtimertage-150x150.jpg\" class=\"attachment-thumbnail size-thumbnail\" alt=\"RCM Oldtimertag\" aria-describedby=\"gallery-1-8568\" \/><\/a>\n\t\t\t<\/div>\n\t\t\t\t<figcaption class='wp-caption-text gallery-caption' id='gallery-1-8568'>\n\t\t\t\tRCM Oldtimertag\n\t\t\t\t<\/figcaption><\/figure><figure class='gallery-item'>\n\t\t\t<div class='gallery-icon landscape'>\n\t\t\t\t<a href='https:\/\/oldtimer-veranstaltung.de\/kalender\/termine\/opel-gt-treffen-ketsch-2016\/gt-power\/'><img loading=\"lazy\" decoding=\"async\" width=\"150\" height=\"150\" src=\"https:\/\/oldtimer-veranstaltung.de\/kalender\/wp-content\/uploads\/2015\/12\/gt-power-150x150.jpg\" class=\"attachment-thumbnail size-thumbnail\" alt=\"GT Power\" aria-describedby=\"gallery-1-8575\" \/><\/a>\n\t\t\t<\/div>\n\t\t\t\t<figcaption class='wp-caption-text gallery-caption' id='gallery-1-8575'>\n\t\t\t\tGT Power\n\t\t\t\t<\/figcaption><\/figure><figure class='gallery-item'>\n\t\t\t<div class='gallery-icon portrait'>\n\t\t\t\t<a href='https:\/\/oldtimer-veranstaltung.de\/kalender\/termine\/espresso-oldtimer-rallye-2016\/espresso-rallye\/'><img loading=\"lazy\" decoding=\"async\" width=\"150\" height=\"150\" src=\"https:\/\/oldtimer-veranstaltung.de\/kalender\/wp-content\/uploads\/2015\/12\/espresso-rallye-150x150.jpg\" class=\"attachment-thumbnail size-thumbnail\" alt=\"Espresso Rallye\" aria-describedby=\"gallery-1-8578\" \/><\/a>\n\t\t\t<\/div>\n\t\t\t\t<figcaption class='wp-caption-text gallery-caption' id='gallery-1-8578'>\n\t\t\t\tEspresso Rallye\n\t\t\t\t<\/figcaption><\/figure><figure class='gallery-item'>\n\t\t\t<div class='gallery-icon portrait'>\n\t\t\t\t<a href='https:\/\/oldtimer-veranstaltung.de\/kalender\/termine\/jump-jive-bbq\/victory-swing-day-2016\/'><img loading=\"lazy\" decoding=\"async\" width=\"150\" height=\"150\" src=\"https:\/\/oldtimer-veranstaltung.de\/kalender\/wp-content\/uploads\/2015\/12\/victory-swing-day-2016-150x150.jpg\" class=\"attachment-thumbnail size-thumbnail\" alt=\"Victory Swing Day 2016\" aria-describedby=\"gallery-1-8581\" \/><\/a>\n\t\t\t<\/div>\n\t\t\t\t<figcaption class='wp-caption-text gallery-caption' id='gallery-1-8581'>\n\t\t\t\tVictory Swing Day 2016\n\t\t\t\t<\/figcaption><\/figure><figure class='gallery-item'>\n\t\t\t<div class='gallery-icon landscape'>\n\t\t\t\t<a href='https:\/\/oldtimer-veranstaltung.de\/kalender\/termine\/alex-von-falkenhausen-classics-2016\/alex-von-flakenhausen-classics_2016\/'><img loading=\"lazy\" decoding=\"async\" width=\"150\" height=\"150\" src=\"https:\/\/oldtimer-veranstaltung.de\/kalender\/wp-content\/uploads\/2015\/12\/Alex-von-Flakenhausen-Classics_2016-150x150.jpg\" class=\"attachment-thumbnail size-thumbnail\" alt=\"Alex von Flakenhausen Classics 2016\" aria-describedby=\"gallery-1-8584\" \/><\/a>\n\t\t\t<\/div>\n\t\t\t\t<figcaption class='wp-caption-text gallery-caption' id='gallery-1-8584'>\n\t\t\t\tAlex von Flakenhausen Classics 2016\n\t\t\t\t<\/figcaption><\/figure><figure class='gallery-item'>\n\t\t\t<div class='gallery-icon landscape'>\n\t\t\t\t<a href='https:\/\/oldtimer-veranstaltung.de\/kalender\/termine\/swiss-marathon-rallye-2016\/swiss-marathon-rallye-2016-2\/'><img loading=\"lazy\" decoding=\"async\" width=\"150\" height=\"150\" src=\"https:\/\/oldtimer-veranstaltung.de\/kalender\/wp-content\/uploads\/2015\/12\/swiss-marathon-rallye-20161-150x150.gif\" class=\"attachment-thumbnail size-thumbnail\" alt=\"Swiss Marathon Rallye 2016\" aria-describedby=\"gallery-1-8592\" \/><\/a>\n\t\t\t<\/div>\n\t\t\t\t<figcaption class='wp-caption-text gallery-caption' id='gallery-1-8592'>\n\t\t\t\tSwiss Marathon Rallye 2016\n\t\t\t\t<\/figcaption><\/figure><figure class='gallery-item'>\n\t\t\t<div class='gallery-icon landscape'>\n\t\t\t\t<a href='https:\/\/oldtimer-veranstaltung.de\/kalender\/termine\/oldtimer-treffen-bleienbach-maerz-2016\/oldtimer-treffpunkt-bleienbach\/'><img loading=\"lazy\" decoding=\"async\" width=\"150\" height=\"150\" src=\"https:\/\/oldtimer-veranstaltung.de\/kalender\/wp-content\/uploads\/2015\/12\/oldtimer-treffpunkt-bleienbach-150x150.jpg\" class=\"attachment-thumbnail size-thumbnail\" alt=\"Oldtimer-Treffpunkt Bleienbach\" aria-describedby=\"gallery-1-8599\" \/><\/a>\n\t\t\t<\/div>\n\t\t\t\t<figcaption class='wp-caption-text gallery-caption' id='gallery-1-8599'>\n\t\t\t\tOldtimer-Treffpunkt Bleienbach\n\t\t\t\t<\/figcaption><\/figure><figure class='gallery-item'>\n\t\t\t<div class='gallery-icon portrait'>\n\t\t\t\t<a href='https:\/\/oldtimer-veranstaltung.de\/kalender\/termine\/mallorca-classic-week-2016\/port_adriano_poster\/'><img loading=\"lazy\" decoding=\"async\" width=\"150\" height=\"150\" src=\"https:\/\/oldtimer-veranstaltung.de\/kalender\/wp-content\/uploads\/2015\/12\/port_adriano_poster-150x150.jpg\" class=\"attachment-thumbnail size-thumbnail\" alt=\"Port Adriano Poster\" aria-describedby=\"gallery-1-8633\" \/><\/a>\n\t\t\t<\/div>\n\t\t\t\t<figcaption class='wp-caption-text gallery-caption' id='gallery-1-8633'>\n\t\t\t\tPort Adriano Poster\n\t\t\t\t<\/figcaption><\/figure><figure class='gallery-item'>\n\t\t\t<div class='gallery-icon portrait'>\n\t\t\t\t<a href='https:\/\/oldtimer-veranstaltung.de\/kalender\/termine\/waldviertel-charity-oldtimer-trophy-2016\/oldtimer-trophy-plakat\/'><img loading=\"lazy\" decoding=\"async\" width=\"150\" height=\"150\" src=\"https:\/\/oldtimer-veranstaltung.de\/kalender\/wp-content\/uploads\/2015\/12\/oldtimer-trophy-plakat-150x150.jpg\" class=\"attachment-thumbnail size-thumbnail\" alt=\"Oldtimer Trophy Plakat 2016\" aria-describedby=\"gallery-1-8639\" \/><\/a>\n\t\t\t<\/div>\n\t\t\t\t<figcaption class='wp-caption-text gallery-caption' id='gallery-1-8639'>\n\t\t\t\tOldtimer Trophy Plakat 2016\n\t\t\t\t<\/figcaption><\/figure><figure class='gallery-item'>\n\t\t\t<div class='gallery-icon landscape'>\n\t\t\t\t<a href='https:\/\/oldtimer-veranstaltung.de\/kalender\/termine\/kripperlroas-mit-historischen-fahrraedern-in-ebensee-am-traunsee-2016\/kripperlroas-2016\/'><img loading=\"lazy\" decoding=\"async\" width=\"150\" height=\"150\" src=\"https:\/\/oldtimer-veranstaltung.de\/kalender\/wp-content\/uploads\/2015\/12\/kripperlroas-2016-150x150.jpg\" class=\"attachment-thumbnail size-thumbnail\" alt=\"Kripperlroas 2016\" aria-describedby=\"gallery-1-8646\" \/><\/a>\n\t\t\t<\/div>\n\t\t\t\t<figcaption class='wp-caption-text gallery-caption' id='gallery-1-8646'>\n\t\t\t\tKripperlroas 2016\n\t\t\t\t<\/figcaption><\/figure><figure class='gallery-item'>\n\t\t\t<div class='gallery-icon landscape'>\n\t\t\t\t<a href='https:\/\/oldtimer-veranstaltung.de\/kalender\/termine\/bmw-meet-greet-motorradtreffen-2016\/bmw-treffen-2016\/'><img loading=\"lazy\" decoding=\"async\" width=\"150\" height=\"150\" src=\"https:\/\/oldtimer-veranstaltung.de\/kalender\/wp-content\/uploads\/2015\/12\/bmw-treffen-2016-150x150.jpg\" class=\"attachment-thumbnail size-thumbnail\" alt=\"BMW Treffen 2016\" aria-describedby=\"gallery-1-8649\" \/><\/a>\n\t\t\t<\/div>\n\t\t\t\t<figcaption class='wp-caption-text gallery-caption' id='gallery-1-8649'>\n\t\t\t\tBMW Treffen 2016\n\t\t\t\t<\/figcaption><\/figure><figure class='gallery-item'>\n\t\t\t<div class='gallery-icon landscape'>\n\t\t\t\t<a href='https:\/\/oldtimer-veranstaltung.de\/kalender\/termine\/fallende-blaetter-fahrt-fuer-historische-fahrraeder\/fallendeblaetterfahrt-2016\/'><img loading=\"lazy\" decoding=\"async\" width=\"150\" height=\"150\" src=\"https:\/\/oldtimer-veranstaltung.de\/kalender\/wp-content\/uploads\/2015\/12\/fallendeblaetterfahrt-2016-150x150.jpg\" class=\"attachment-thumbnail size-thumbnail\" alt=\"fallende Bl\u00e4tterfahrt 2016\" aria-describedby=\"gallery-1-8653\" \/><\/a>\n\t\t\t<\/div>\n\t\t\t\t<figcaption class='wp-caption-text gallery-caption' id='gallery-1-8653'>\n\t\t\t\tfallende Bl\u00e4tterfahrt 2016\n\t\t\t\t<\/figcaption><\/figure><figure class='gallery-item'>\n\t\t\t<div class='gallery-icon landscape'>\n\t\t\t\t<a href='https:\/\/oldtimer-veranstaltung.de\/kalender\/termine\/franzjosefsfahrt-fuer-uraltmotorraeder-bis-baujahr-1929\/motorraeder-bis-baujahr-1929\/'><img loading=\"lazy\" decoding=\"async\" width=\"150\" height=\"150\" src=\"https:\/\/oldtimer-veranstaltung.de\/kalender\/wp-content\/uploads\/2015\/12\/Motorraeder-bis-Baujahr-1929-150x150.jpg\" class=\"attachment-thumbnail size-thumbnail\" alt=\"Motorr\u00e4der bis Baujahr 1929\" aria-describedby=\"gallery-1-8656\" \/><\/a>\n\t\t\t<\/div>\n\t\t\t\t<figcaption class='wp-caption-text gallery-caption' id='gallery-1-8656'>\n\t\t\t\tMotorr\u00e4der bis Baujahr 1929\n\t\t\t\t<\/figcaption><\/figure><figure class='gallery-item'>\n\t\t\t<div class='gallery-icon landscape'>\n\t\t\t\t<a href='https:\/\/oldtimer-veranstaltung.de\/kalender\/termine\/salzkammergut-nostalgia-2016\/nostalgia-2016\/'><img loading=\"lazy\" decoding=\"async\" width=\"150\" height=\"150\" src=\"https:\/\/oldtimer-veranstaltung.de\/kalender\/wp-content\/uploads\/2015\/12\/nostalgia-2016-150x150.jpg\" class=\"attachment-thumbnail size-thumbnail\" alt=\"Salzkammergut Nostalgia 2016\" aria-describedby=\"gallery-1-8659\" \/><\/a>\n\t\t\t<\/div>\n\t\t\t\t<figcaption class='wp-caption-text gallery-caption' id='gallery-1-8659'>\n\t\t\t\tSalzkammergut Nostalgia 2016\n\t\t\t\t<\/figcaption><\/figure><figure class='gallery-item'>\n\t\t\t<div class='gallery-icon landscape'>\n\t\t\t\t<a href='https:\/\/oldtimer-veranstaltung.de\/kalender\/termine\/oldtimer-und-us-car-treffen-2016\/pfingstreffen-2015\/'><img loading=\"lazy\" decoding=\"async\" width=\"150\" height=\"150\" src=\"https:\/\/oldtimer-veranstaltung.de\/kalender\/wp-content\/uploads\/2015\/12\/Pfingstreffen-2015-150x150.jpg\" class=\"attachment-thumbnail size-thumbnail\" alt=\"Pfingstreffen 2016\" aria-describedby=\"gallery-1-8662\" \/><\/a>\n\t\t\t<\/div>\n\t\t\t\t<figcaption class='wp-caption-text gallery-caption' id='gallery-1-8662'>\n\t\t\t\tPfingstreffen 2016\n\t\t\t\t<\/figcaption><\/figure><figure class='gallery-item'>\n\t\t\t<div class='gallery-icon landscape'>\n\t\t\t\t<a href='https:\/\/oldtimer-veranstaltung.de\/kalender\/termine\/historische-rheinische-christophorus-fahrt-2016\/rheinische-christopherus-fahrt\/'><img loading=\"lazy\" decoding=\"async\" width=\"150\" height=\"150\" src=\"https:\/\/oldtimer-veranstaltung.de\/kalender\/wp-content\/uploads\/2015\/12\/Rheinische-Christopherus-Fahrt-150x150.jpg\" class=\"attachment-thumbnail size-thumbnail\" alt=\"Rheinische Christopherus Fahrt\" aria-describedby=\"gallery-1-8677\" \/><\/a>\n\t\t\t<\/div>\n\t\t\t\t<figcaption class='wp-caption-text gallery-caption' id='gallery-1-8677'>\n\t\t\t\tRheinische Christopherus Fahrt\n\t\t\t\t<\/figcaption><\/figure><figure class='gallery-item'>\n\t\t\t<div class='gallery-icon portrait'>\n\t\t\t\t<a href='https:\/\/oldtimer-veranstaltung.de\/kalender\/termine\/k-k-wertungsfahrt-2016\/kuk-wertungsfahrt-2016\/'><img loading=\"lazy\" decoding=\"async\" width=\"150\" height=\"150\" src=\"https:\/\/oldtimer-veranstaltung.de\/kalender\/wp-content\/uploads\/2015\/12\/kuk-Wertungsfahrt-2016-150x150.jpg\" class=\"attachment-thumbnail size-thumbnail\" alt=\"kuk Wertungsfahrt 2016\" aria-describedby=\"gallery-1-8683\" \/><\/a>\n\t\t\t<\/div>\n\t\t\t\t<figcaption class='wp-caption-text gallery-caption' id='gallery-1-8683'>\n\t\t\t\tkuk Wertungsfahrt 2016\n\t\t\t\t<\/figcaption><\/figure><figure class='gallery-item'>\n\t\t\t<div class='gallery-icon landscape'>\n\t\t\t\t<a href='https:\/\/oldtimer-veranstaltung.de\/kalender\/termine\/adac-deutschland-klassik-2016-2\/adk-2016-startnr-freiburg\/'><img loading=\"lazy\" decoding=\"async\" width=\"150\" height=\"150\" src=\"https:\/\/oldtimer-veranstaltung.de\/kalender\/wp-content\/uploads\/2015\/12\/adk-2016-startnr-freiburg-150x150.jpg\" class=\"attachment-thumbnail size-thumbnail\" alt=\"Startnummer Freiburg 2016\" aria-describedby=\"gallery-1-8704\" \/><\/a>\n\t\t\t<\/div>\n\t\t\t\t<figcaption class='wp-caption-text gallery-caption' id='gallery-1-8704'>\n\t\t\t\tStartnummer Freiburg 2016\n\t\t\t\t<\/figcaption><\/figure><figure class='gallery-item'>\n\t\t\t<div class='gallery-icon landscape'>\n\t\t\t\t<a href='https:\/\/oldtimer-veranstaltung.de\/kalender\/termine\/adac-trentino-classic-2016\/adac-trentino-classic-2016\/'><img loading=\"lazy\" decoding=\"async\" width=\"150\" height=\"150\" src=\"https:\/\/oldtimer-veranstaltung.de\/kalender\/wp-content\/uploads\/2015\/12\/ADAC-Trentino-Classic-2016-150x150.jpg\" class=\"attachment-thumbnail size-thumbnail\" alt=\"ADAC Startnummernschild Trentino-Classic 2016\" aria-describedby=\"gallery-1-8709\" \/><\/a>\n\t\t\t<\/div>\n\t\t\t\t<figcaption class='wp-caption-text gallery-caption' id='gallery-1-8709'>\n\t\t\t\tADAC Startnummernschild Trentino-Classic 2016\n\t\t\t\t<\/figcaption><\/figure><figure class='gallery-item'>\n\t\t\t<div class='gallery-icon portrait'>\n\t\t\t\t<a href='https:\/\/oldtimer-veranstaltung.de\/kalender\/termine\/kk-wertungsfahrt-2016\/kuk-wertungsfahrt-2016-2\/'><img loading=\"lazy\" decoding=\"async\" width=\"150\" height=\"150\" src=\"https:\/\/oldtimer-veranstaltung.de\/kalender\/wp-content\/uploads\/2015\/12\/kuk-Wertungsfahrt-2016-1-150x150.jpg\" class=\"attachment-thumbnail size-thumbnail\" alt=\"kuk Wertungsfahrt 2016\" aria-describedby=\"gallery-1-8713\" \/><\/a>\n\t\t\t<\/div>\n\t\t\t\t<figcaption class='wp-caption-text gallery-caption' id='gallery-1-8713'>\n\t\t\t\tkuk Wertungsfahrt 2016\n\t\t\t\t<\/figcaption><\/figure><figure class='gallery-item'>\n\t\t\t<div class='gallery-icon landscape'>\n\t\t\t\t<a href='https:\/\/oldtimer-veranstaltung.de\/kalender\/termine\/motobikespeeddays-2016\/young-oldtimer-treffen\/'><img loading=\"lazy\" decoding=\"async\" width=\"150\" height=\"150\" src=\"https:\/\/oldtimer-veranstaltung.de\/kalender\/wp-content\/uploads\/2015\/12\/Young-Oldtimer-Treffen-150x150.jpeg\" class=\"attachment-thumbnail size-thumbnail\" alt=\"Young &amp; Oldtimer-Treffen\" aria-describedby=\"gallery-1-8746\" \/><\/a>\n\t\t\t<\/div>\n\t\t\t\t<figcaption class='wp-caption-text gallery-caption' id='gallery-1-8746'>\n\t\t\t\tYoung &#038; Oldtimer-Treffen\n\t\t\t\t<\/figcaption><\/figure><figure class='gallery-item'>\n\t\t\t<div class='gallery-icon landscape'>\n\t\t\t\t<a href='https:\/\/oldtimer-veranstaltung.de\/kalender\/termine\/cabrio-tour-lake-garda-dolomites-2016\/cabrio-tour-lake-garda-2016\/'><img loading=\"lazy\" decoding=\"async\" width=\"150\" height=\"150\" src=\"https:\/\/oldtimer-veranstaltung.de\/kalender\/wp-content\/uploads\/2016\/01\/Cabrio-Tour-Lake-Garda-2016-150x150.jpg\" class=\"attachment-thumbnail size-thumbnail\" alt=\"Cabrio Tour Lake Garda 2016\" aria-describedby=\"gallery-1-8790\" \/><\/a>\n\t\t\t<\/div>\n\t\t\t\t<figcaption class='wp-caption-text gallery-caption' id='gallery-1-8790'>\n\t\t\t\tCabrio Tour Lake Garda 2016\n\t\t\t\t<\/figcaption><\/figure><figure class='gallery-item'>\n\t\t\t<div class='gallery-icon landscape'>\n\t\t\t\t<a href='https:\/\/oldtimer-veranstaltung.de\/kalender\/termine\/mg-spring-meeting-in-the-dolomites\/mg-spring-meeting_2016\/'><img loading=\"lazy\" decoding=\"async\" width=\"150\" height=\"150\" src=\"https:\/\/oldtimer-veranstaltung.de\/kalender\/wp-content\/uploads\/2016\/01\/MG-Spring-Meeting_2016-150x150.jpg\" class=\"attachment-thumbnail size-thumbnail\" alt=\"MG Spring-Meeting 2016\" aria-describedby=\"gallery-1-8794\" \/><\/a>\n\t\t\t<\/div>\n\t\t\t\t<figcaption class='wp-caption-text gallery-caption' id='gallery-1-8794'>\n\t\t\t\tMG Spring-Meeting 2016\n\t\t\t\t<\/figcaption><\/figure><figure class='gallery-item'>\n\t\t\t<div class='gallery-icon portrait'>\n\t\t\t\t<a href='https:\/\/oldtimer-veranstaltung.de\/kalender\/termine\/treckertreffen-in-seelze-guemmer-2016\/treckertreff-2016-2\/'><img loading=\"lazy\" decoding=\"async\" width=\"150\" height=\"150\" src=\"https:\/\/oldtimer-veranstaltung.de\/kalender\/wp-content\/uploads\/2016\/01\/treckertreff-2016-1-150x150.jpg\" class=\"attachment-thumbnail size-thumbnail\" alt=\"Treckertreff 2016\" aria-describedby=\"gallery-1-8801\" \/><\/a>\n\t\t\t<\/div>\n\t\t\t\t<figcaption class='wp-caption-text gallery-caption' id='gallery-1-8801'>\n\t\t\t\tTreckertreff 2016\n\t\t\t\t<\/figcaption><\/figure><figure class='gallery-item'>\n\t\t\t<div class='gallery-icon landscape'>\n\t\t\t\t<a href='https:\/\/oldtimer-veranstaltung.de\/kalender\/termine\/audi-treffen-gruesch-2016\/audi-treffen-gruetsch\/'><img loading=\"lazy\" decoding=\"async\" width=\"150\" height=\"150\" src=\"https:\/\/oldtimer-veranstaltung.de\/kalender\/wp-content\/uploads\/2016\/01\/audi-Treffen-Gruetsch-150x150.jpg\" class=\"attachment-thumbnail size-thumbnail\" alt=\"Audi Treffen Gr\u00fcsch\" aria-describedby=\"gallery-1-8811\" \/><\/a>\n\t\t\t<\/div>\n\t\t\t\t<figcaption class='wp-caption-text gallery-caption' id='gallery-1-8811'>\n\t\t\t\tAudi Treffen Gr\u00fcsch\n\t\t\t\t<\/figcaption><\/figure><figure class='gallery-item'>\n\t\t\t<div class='gallery-icon landscape'>\n\t\t\t\t<a href='https:\/\/oldtimer-veranstaltung.de\/kalender\/termine\/kst-vorderpfalz-classic-2016\/vorderpfalz-classic-2016\/'><img loading=\"lazy\" decoding=\"async\" width=\"150\" height=\"150\" src=\"https:\/\/oldtimer-veranstaltung.de\/kalender\/wp-content\/uploads\/2016\/01\/Vorderpfalz-Classic-2016-150x150.png\" class=\"attachment-thumbnail size-thumbnail\" alt=\"Vorderpfalz Classic 2016\" aria-describedby=\"gallery-1-8818\" \/><\/a>\n\t\t\t<\/div>\n\t\t\t\t<figcaption class='wp-caption-text gallery-caption' id='gallery-1-8818'>\n\t\t\t\tVorderpfalz Classic 2016\n\t\t\t\t<\/figcaption><\/figure><figure class='gallery-item'>\n\t\t\t<div class='gallery-icon portrait'>\n\t\t\t\t<a href='https:\/\/oldtimer-veranstaltung.de\/kalender\/termine\/us-car-treffen-augsburg\/us-car-treffen\/'><img loading=\"lazy\" decoding=\"async\" width=\"150\" height=\"150\" src=\"https:\/\/oldtimer-veranstaltung.de\/kalender\/wp-content\/uploads\/2016\/01\/US-Car-Treffen-150x150.jpg\" class=\"attachment-thumbnail size-thumbnail\" alt=\"US-Car Treffen\" aria-describedby=\"gallery-1-8839\" \/><\/a>\n\t\t\t<\/div>\n\t\t\t\t<figcaption class='wp-caption-text gallery-caption' id='gallery-1-8839'>\n\t\t\t\tUS-Car Treffen\n\t\t\t\t<\/figcaption><\/figure><figure class='gallery-item'>\n\t\t\t<div class='gallery-icon portrait'>\n\t\t\t\t<a href='https:\/\/oldtimer-veranstaltung.de\/kalender\/termine\/klassieker-drachten\/oldtimerbeurs\/'><img loading=\"lazy\" decoding=\"async\" width=\"150\" height=\"150\" src=\"https:\/\/oldtimer-veranstaltung.de\/kalender\/wp-content\/uploads\/2016\/01\/Oldtimerbeurs-150x150.jpg\" class=\"attachment-thumbnail size-thumbnail\" alt=\"Oldtimerbeurs Drachten\" aria-describedby=\"gallery-1-8858\" \/><\/a>\n\t\t\t<\/div>\n\t\t\t\t<figcaption class='wp-caption-text gallery-caption' id='gallery-1-8858'>\n\t\t\t\tOldtimerbeurs Drachten\n\t\t\t\t<\/figcaption><\/figure><figure class='gallery-item'>\n\t\t\t<div class='gallery-icon landscape'>\n\t\t\t\t<a href='https:\/\/oldtimer-veranstaltung.de\/kalender\/termine\/oberlausitzer-dreieck\/oberlausitzer-dreieck\/'><img loading=\"lazy\" decoding=\"async\" width=\"150\" height=\"150\" src=\"https:\/\/oldtimer-veranstaltung.de\/kalender\/wp-content\/uploads\/2016\/01\/Oberlausitzer-Dreieck-150x150.jpg\" class=\"attachment-thumbnail size-thumbnail\" alt=\"Oberlausitzer-Dreieck\" aria-describedby=\"gallery-1-8866\" \/><\/a>\n\t\t\t<\/div>\n\t\t\t\t<figcaption class='wp-caption-text gallery-caption' id='gallery-1-8866'>\n\t\t\t\tOberlausitzer-Dreieck\n\t\t\t\t<\/figcaption><\/figure><figure class='gallery-item'>\n\t\t\t<div class='gallery-icon landscape'>\n\t\t\t\t<a href='https:\/\/oldtimer-veranstaltung.de\/kalender\/termine\/gp-von-graz\/automobil-rennen\/'><img loading=\"lazy\" decoding=\"async\" width=\"150\" height=\"150\" src=\"https:\/\/oldtimer-veranstaltung.de\/kalender\/wp-content\/uploads\/2016\/01\/Automobil-Rennen-150x150.jpg\" class=\"attachment-thumbnail size-thumbnail\" alt=\"Automobil-Rennen Graz\" aria-describedby=\"gallery-1-8893\" \/><\/a>\n\t\t\t<\/div>\n\t\t\t\t<figcaption class='wp-caption-text gallery-caption' id='gallery-1-8893'>\n\t\t\t\tAutomobil-Rennen Graz\n\t\t\t\t<\/figcaption><\/figure><figure class='gallery-item'>\n\t\t\t<div class='gallery-icon landscape'>\n\t\t\t\t<a href='https:\/\/oldtimer-veranstaltung.de\/kalender\/termine\/porsche-day-im-lenkwerk-bielefeld\/porsche-days\/'><img loading=\"lazy\" decoding=\"async\" width=\"150\" height=\"150\" src=\"https:\/\/oldtimer-veranstaltung.de\/kalender\/wp-content\/uploads\/2016\/01\/Porsche-Days-150x150.jpg\" class=\"attachment-thumbnail size-thumbnail\" alt=\"Porsche Days Bielefeld\" \/><\/a>\n\t\t\t<\/div><\/figure><figure class='gallery-item'>\n\t\t\t<div class='gallery-icon landscape'>\n\t\t\t\t<a href='https:\/\/oldtimer-veranstaltung.de\/kalender\/termine\/british-day-im-lenkwerk-bielefeld\/british-day\/'><img loading=\"lazy\" decoding=\"async\" width=\"150\" height=\"150\" src=\"https:\/\/oldtimer-veranstaltung.de\/kalender\/wp-content\/uploads\/2016\/01\/British-Day-150x150.jpg\" class=\"attachment-thumbnail size-thumbnail\" alt=\"British-Day im Lenkwerk\" aria-describedby=\"gallery-1-8906\" \/><\/a>\n\t\t\t<\/div>\n\t\t\t\t<figcaption class='wp-caption-text gallery-caption' id='gallery-1-8906'>\n\t\t\t\tBritish-Day im Lenkwerk\n\t\t\t\t<\/figcaption><\/figure><figure class='gallery-item'>\n\t\t\t<div class='gallery-icon landscape'>\n\t\t\t\t<a href='https:\/\/oldtimer-veranstaltung.de\/kalender\/termine\/italian-day-im-lenkwerk-bielefeld\/italien-day\/'><img loading=\"lazy\" decoding=\"async\" width=\"150\" height=\"150\" src=\"https:\/\/oldtimer-veranstaltung.de\/kalender\/wp-content\/uploads\/2016\/01\/Italien-Day-150x150.jpg\" class=\"attachment-thumbnail size-thumbnail\" alt=\"Italien-Day im Lenkwerk\" aria-describedby=\"gallery-1-8909\" \/><\/a>\n\t\t\t<\/div>\n\t\t\t\t<figcaption class='wp-caption-text gallery-caption' id='gallery-1-8909'>\n\t\t\t\tItalien-Day im Lenkwerk\n\t\t\t\t<\/figcaption><\/figure><figure class='gallery-item'>\n\t\t\t<div class='gallery-icon portrait'>\n\t\t\t\t<a href='https:\/\/oldtimer-veranstaltung.de\/kalender\/termine\/mstl-lahn-taunus-classic\/motor-sport-team-lufthansa-2\/'><img loading=\"lazy\" decoding=\"async\" width=\"150\" height=\"150\" src=\"https:\/\/oldtimer-veranstaltung.de\/kalender\/wp-content\/uploads\/2016\/01\/Motor-Sport-Team-Lufthansa-150x150.jpg\" class=\"attachment-thumbnail size-thumbnail\" alt=\"Motor-Sport-Team Lufthansa\" aria-describedby=\"gallery-1-8918\" \/><\/a>\n\t\t\t<\/div>\n\t\t\t\t<figcaption class='wp-caption-text gallery-caption' id='gallery-1-8918'>\n\t\t\t\tMotor-Sport-Team Lufthansa\n\t\t\t\t<\/figcaption><\/figure><figure class='gallery-item'>\n\t\t\t<div class='gallery-icon landscape'>\n\t\t\t\t<a href='https:\/\/oldtimer-veranstaltung.de\/kalender\/termine\/feuerwehr-museumsfest\/museumsfest-feuerwehr-2016\/'><img loading=\"lazy\" decoding=\"async\" width=\"150\" height=\"150\" src=\"https:\/\/oldtimer-veranstaltung.de\/kalender\/wp-content\/uploads\/2016\/01\/museumsfest-feuerwehr-2016-150x150.jpg\" class=\"attachment-thumbnail size-thumbnail\" alt=\"Museumsfest Feuerwehr 2016\" aria-describedby=\"gallery-1-8922\" \/><\/a>\n\t\t\t<\/div>\n\t\t\t\t<figcaption class='wp-caption-text gallery-caption' id='gallery-1-8922'>\n\t\t\t\tMuseumsfest Feuerwehr 2016\n\t\t\t\t<\/figcaption><\/figure><figure class='gallery-item'>\n\t\t\t<div class='gallery-icon portrait'>\n\t\t\t\t<a href='https:\/\/oldtimer-veranstaltung.de\/kalender\/termine\/oldtimertreffen-in-zeitz\/oldtimertreffen-zeitz\/'><img loading=\"lazy\" decoding=\"async\" width=\"150\" height=\"150\" src=\"https:\/\/oldtimer-veranstaltung.de\/kalender\/wp-content\/uploads\/2016\/01\/Oldtimertreffen-Zeitz-150x150.gif\" class=\"attachment-thumbnail size-thumbnail\" alt=\"Oldtimertreffen Zeitz\" aria-describedby=\"gallery-1-8950\" \/><\/a>\n\t\t\t<\/div>\n\t\t\t\t<figcaption class='wp-caption-text gallery-caption' id='gallery-1-8950'>\n\t\t\t\tOldtimertreffen Zeitz\n\t\t\t\t<\/figcaption><\/figure><figure class='gallery-item'>\n\t\t\t<div class='gallery-icon portrait'>\n\t\t\t\t<a href='https:\/\/oldtimer-veranstaltung.de\/kalender\/termine\/dinotreffen-tecklenburg\/us-car-treffen-2\/'><img loading=\"lazy\" decoding=\"async\" width=\"150\" height=\"150\" src=\"https:\/\/oldtimer-veranstaltung.de\/kalender\/wp-content\/uploads\/2016\/01\/US-Car-Treffen-1-150x150.jpg\" class=\"attachment-thumbnail size-thumbnail\" alt=\"US-Car Treffen Tecklenburg\" aria-describedby=\"gallery-1-8961\" \/><\/a>\n\t\t\t<\/div>\n\t\t\t\t<figcaption class='wp-caption-text gallery-caption' id='gallery-1-8961'>\n\t\t\t\tUS-Car Treffen Tecklenburg\n\t\t\t\t<\/figcaption><\/figure><figure class='gallery-item'>\n\t\t\t<div class='gallery-icon landscape'>\n\t\t\t\t<a href='https:\/\/oldtimer-veranstaltung.de\/kalender\/termine\/oldtimertreffen-zum-grossen-baerenfest\/baerenpark-worbis\/'><img loading=\"lazy\" decoding=\"async\" width=\"150\" height=\"150\" src=\"https:\/\/oldtimer-veranstaltung.de\/kalender\/wp-content\/uploads\/2016\/01\/baerenpark-worbis-150x150.jpg\" class=\"attachment-thumbnail size-thumbnail\" alt=\"B\u00e4renpark Worbis\" aria-describedby=\"gallery-1-8978\" \/><\/a>\n\t\t\t<\/div>\n\t\t\t\t<figcaption class='wp-caption-text gallery-caption' id='gallery-1-8978'>\n\t\t\t\tB\u00e4renpark Worbis\n\t\t\t\t<\/figcaption><\/figure><figure class='gallery-item'>\n\t\t\t<div class='gallery-icon portrait'>\n\t\t\t\t<a href='https:\/\/oldtimer-veranstaltung.de\/kalender\/oltimertag-philippsthal\/'><img loading=\"lazy\" decoding=\"async\" width=\"150\" height=\"150\" src=\"https:\/\/oldtimer-veranstaltung.de\/kalender\/wp-content\/uploads\/2016\/01\/Oltimertag-Philippsthal-150x150.jpg\" class=\"attachment-thumbnail size-thumbnail\" alt=\"Oldtimertag Philippsthal\" aria-describedby=\"gallery-1-8989\" \/><\/a>\n\t\t\t<\/div>\n\t\t\t\t<figcaption class='wp-caption-text gallery-caption' id='gallery-1-8989'>\n\t\t\t\tOldtimertag Philippsthal\n\t\t\t\t<\/figcaption><\/figure><figure class='gallery-item'>\n\t\t\t<div class='gallery-icon landscape'>\n\t\t\t\t<a href='https:\/\/oldtimer-veranstaltung.de\/kalender\/termine\/adac-oldtimer-rallye-rund-um-oelde\/ac-oelde\/'><img loading=\"lazy\" decoding=\"async\" width=\"150\" height=\"150\" src=\"https:\/\/oldtimer-veranstaltung.de\/kalender\/wp-content\/uploads\/2016\/01\/AC-Oelde-150x150.jpg\" class=\"attachment-thumbnail size-thumbnail\" alt=\"AC Oelde\" \/><\/a>\n\t\t\t<\/div><\/figure><figure class='gallery-item'>\n\t\t\t<div class='gallery-icon portrait'>\n\t\t\t\t<a href='https:\/\/oldtimer-veranstaltung.de\/kalender\/termine\/oldtimerttreffen-in-bleialf\/oldtimer-treffen-bleialf\/'><img loading=\"lazy\" decoding=\"async\" width=\"150\" height=\"150\" src=\"https:\/\/oldtimer-veranstaltung.de\/kalender\/wp-content\/uploads\/2016\/01\/Oldtimer-Treffen-Bleialf-150x150.jpg\" class=\"attachment-thumbnail size-thumbnail\" alt=\"Oldtimer-Treffen Bleialf\" aria-describedby=\"gallery-1-9022\" \/><\/a>\n\t\t\t<\/div>\n\t\t\t\t<figcaption class='wp-caption-text gallery-caption' id='gallery-1-9022'>\n\t\t\t\tOldtimer-Treffen Bleialf\n\t\t\t\t<\/figcaption><\/figure><figure class='gallery-item'>\n\t\t\t<div class='gallery-icon portrait'>\n\t\t\t\t<a href='https:\/\/oldtimer-veranstaltung.de\/kalender\/termine\/oldtimer-technikfestival-2016\/technik-festival-2016\/'><img loading=\"lazy\" decoding=\"async\" width=\"150\" height=\"150\" src=\"https:\/\/oldtimer-veranstaltung.de\/kalender\/wp-content\/uploads\/2016\/01\/Technik-Festival-2016-150x150.jpg\" class=\"attachment-thumbnail size-thumbnail\" alt=\"Technik-Festival 2016\" aria-describedby=\"gallery-1-9042\" \/><\/a>\n\t\t\t<\/div>\n\t\t\t\t<figcaption class='wp-caption-text gallery-caption' id='gallery-1-9042'>\n\t\t\t\tTechnik-Festival 2016\n\t\t\t\t<\/figcaption><\/figure><figure class='gallery-item'>\n\t\t\t<div class='gallery-icon landscape'>\n\t\t\t\t<a href='https:\/\/oldtimer-veranstaltung.de\/kalender\/termine\/avd-histo-tour-2016\/histo-tour-2016\/'><img loading=\"lazy\" decoding=\"async\" width=\"150\" height=\"150\" src=\"https:\/\/oldtimer-veranstaltung.de\/kalender\/wp-content\/uploads\/2016\/01\/Histo-Tour-2016-150x150.jpg\" class=\"attachment-thumbnail size-thumbnail\" alt=\"Histo-Tour 2016\" aria-describedby=\"gallery-1-9055\" \/><\/a>\n\t\t\t<\/div>\n\t\t\t\t<figcaption class='wp-caption-text gallery-caption' id='gallery-1-9055'>\n\t\t\t\tHisto-Tour 2016\n\t\t\t\t<\/figcaption><\/figure><figure class='gallery-item'>\n\t\t\t<div class='gallery-icon portrait'>\n\t\t\t\t<a href='https:\/\/oldtimer-veranstaltung.de\/kalender\/termine\/zweitakt-und-ostfahrzeugtreffen-sueddeutschland-2016\/ostfahrzeug-treffen\/'><img loading=\"lazy\" decoding=\"async\" width=\"150\" height=\"150\" src=\"https:\/\/oldtimer-veranstaltung.de\/kalender\/wp-content\/uploads\/2016\/01\/Ostfahrzeug-Treffen-150x150.jpg\" class=\"attachment-thumbnail size-thumbnail\" alt=\"Ostfahrzeug-Treffen\" aria-describedby=\"gallery-1-9085\" \/><\/a>\n\t\t\t<\/div>\n\t\t\t\t<figcaption class='wp-caption-text gallery-caption' id='gallery-1-9085'>\n\t\t\t\tOstfahrzeug-Treffen\n\t\t\t\t<\/figcaption><\/figure><figure class='gallery-item'>\n\t\t\t<div class='gallery-icon portrait'>\n\t\t\t\t<a href='https:\/\/oldtimer-veranstaltung.de\/kalender\/termine\/zweitakt-und-ostfahrzeugausfahrt-sueddeutschland-2016\/ostfahrzeug-ausfahrt\/'><img loading=\"lazy\" decoding=\"async\" width=\"150\" height=\"150\" src=\"https:\/\/oldtimer-veranstaltung.de\/kalender\/wp-content\/uploads\/2016\/01\/Ostfahrzeug-Ausfahrt-150x150.jpg\" class=\"attachment-thumbnail size-thumbnail\" alt=\"Ostfahrzeug-Ausfahrt\" aria-describedby=\"gallery-1-9088\" \/><\/a>\n\t\t\t<\/div>\n\t\t\t\t<figcaption class='wp-caption-text gallery-caption' id='gallery-1-9088'>\n\t\t\t\tOstfahrzeug-Ausfahrt\n\t\t\t\t<\/figcaption><\/figure><figure class='gallery-item'>\n\t\t\t<div class='gallery-icon landscape'>\n\t\t\t\t<a href='https:\/\/oldtimer-veranstaltung.de\/kalender\/termine\/grosser-preis-von-bayern-2016\/grosser-preis-von-bayern-2\/'><img loading=\"lazy\" decoding=\"async\" width=\"150\" height=\"150\" src=\"https:\/\/oldtimer-veranstaltung.de\/kalender\/wp-content\/uploads\/2016\/01\/Grosser-Preis-von-Bayern-150x150.jpg\" class=\"attachment-thumbnail size-thumbnail\" alt=\"Gro\u00dfer Preis von Bayern\" aria-describedby=\"gallery-1-9096\" \/><\/a>\n\t\t\t<\/div>\n\t\t\t\t<figcaption class='wp-caption-text gallery-caption' id='gallery-1-9096'>\n\t\t\t\tGro\u00dfer Preis von Bayern\n\t\t\t\t<\/figcaption><\/figure><figure class='gallery-item'>\n\t\t\t<div class='gallery-icon portrait'>\n\t\t\t\t<a href='https:\/\/oldtimer-veranstaltung.de\/kalender\/termine\/neurheder-oldtimertreffen\/neurheder-oldtimertreffen\/'><img loading=\"lazy\" decoding=\"async\" width=\"150\" height=\"150\" src=\"https:\/\/oldtimer-veranstaltung.de\/kalender\/wp-content\/uploads\/2016\/01\/Neurheder-Oldtimertreffen-150x150.jpg\" class=\"attachment-thumbnail size-thumbnail\" alt=\"Neurheder Oldtimertreffen\" aria-describedby=\"gallery-1-9104\" \/><\/a>\n\t\t\t<\/div>\n\t\t\t\t<figcaption class='wp-caption-text gallery-caption' id='gallery-1-9104'>\n\t\t\t\tNeurheder Oldtimertreffen\n\t\t\t\t<\/figcaption><\/figure><figure class='gallery-item'>\n\t\t\t<div class='gallery-icon landscape'>\n\t\t\t\t<a href='https:\/\/oldtimer-veranstaltung.de\/kalender\/termine\/ford-us-car-meeting-by-auto-strunk\/ford-us-car-meeting\/'><img loading=\"lazy\" decoding=\"async\" width=\"150\" height=\"150\" src=\"https:\/\/oldtimer-veranstaltung.de\/kalender\/wp-content\/uploads\/2016\/01\/Ford-US-Car-Meeting-150x150.jpg\" class=\"attachment-thumbnail size-thumbnail\" alt=\"Ford US-Car-Meeting\" aria-describedby=\"gallery-1-9114\" \/><\/a>\n\t\t\t<\/div>\n\t\t\t\t<figcaption class='wp-caption-text gallery-caption' id='gallery-1-9114'>\n\t\t\t\tFord US-Car-Meeting\n\t\t\t\t<\/figcaption><\/figure><figure class='gallery-item'>\n\t\t\t<div class='gallery-icon landscape'>\n\t\t\t\t<a href='https:\/\/oldtimer-veranstaltung.de\/kalender\/termine\/ifa-und-trabanttreffen-am-schleizer-dreieck\/ifa-und-trabanttreffen\/'><img loading=\"lazy\" decoding=\"async\" width=\"150\" height=\"150\" src=\"https:\/\/oldtimer-veranstaltung.de\/kalender\/wp-content\/uploads\/2016\/01\/IFA-und-Trabanttreffen-150x150.jpg\" class=\"attachment-thumbnail size-thumbnail\" alt=\"IFA- und Trabanttreffen\" aria-describedby=\"gallery-1-9118\" \/><\/a>\n\t\t\t<\/div>\n\t\t\t\t<figcaption class='wp-caption-text gallery-caption' id='gallery-1-9118'>\n\t\t\t\tIFA- und Trabanttreffen Schleizer Dreieck\n\t\t\t\t<\/figcaption><\/figure><figure class='gallery-item'>\n\t\t\t<div class='gallery-icon portrait'>\n\t\t\t\t<a href='https:\/\/oldtimer-veranstaltung.de\/kalender\/termine\/traktor-und-veteranentreffen-rengsdorf-2016\/rockfreunde-traktortreffen-2016\/'><img loading=\"lazy\" decoding=\"async\" width=\"150\" height=\"150\" src=\"https:\/\/oldtimer-veranstaltung.de\/kalender\/wp-content\/uploads\/2016\/01\/rockfreunde-traktortreffen-2016-150x150.jpg\" class=\"attachment-thumbnail size-thumbnail\" alt=\"Rockfreunde Traktortreffen 2016\" aria-describedby=\"gallery-1-9136\" \/><\/a>\n\t\t\t<\/div>\n\t\t\t\t<figcaption class='wp-caption-text gallery-caption' id='gallery-1-9136'>\n\t\t\t\tRockfreunde Traktortreffen 2016\n\t\t\t\t<\/figcaption><\/figure><figure class='gallery-item'>\n\t\t\t<div class='gallery-icon landscape'>\n\t\t\t\t<a href='https:\/\/oldtimer-veranstaltung.de\/kalender\/termine\/rallye-elbflorenz-2\/rallye-elbflorenz-2\/'><img loading=\"lazy\" decoding=\"async\" width=\"150\" height=\"144\" src=\"https:\/\/oldtimer-veranstaltung.de\/kalender\/wp-content\/uploads\/2016\/01\/Rallye-Elbflorenz-150x144.jpg\" class=\"attachment-thumbnail size-thumbnail\" alt=\"Rallye-Elbflorenz Dresden\" aria-describedby=\"gallery-1-9142\" \/><\/a>\n\t\t\t<\/div>\n\t\t\t\t<figcaption class='wp-caption-text gallery-caption' id='gallery-1-9142'>\n\t\t\t\tRallye-Elbflorenz Dresden\n\t\t\t\t<\/figcaption><\/figure><figure class='gallery-item'>\n\t\t\t<div class='gallery-icon landscape'>\n\t\t\t\t<a href='https:\/\/oldtimer-veranstaltung.de\/kalender\/termine\/bmw-sharknose-meeting-2016\/logo-sharknose-meeting-groot-voor-fb\/'><img loading=\"lazy\" decoding=\"async\" width=\"150\" height=\"150\" src=\"https:\/\/oldtimer-veranstaltung.de\/kalender\/wp-content\/uploads\/2016\/01\/logo-sharknose-meeting-groot-voor-fb-150x150.jpg\" class=\"attachment-thumbnail size-thumbnail\" alt=\"Sharknose Meeting\" aria-describedby=\"gallery-1-9147\" \/><\/a>\n\t\t\t<\/div>\n\t\t\t\t<figcaption class='wp-caption-text gallery-caption' id='gallery-1-9147'>\n\t\t\t\tSharknose Meeting\n\t\t\t\t<\/figcaption><\/figure><figure class='gallery-item'>\n\t\t\t<div class='gallery-icon landscape'>\n\t\t\t\t<a href='https:\/\/oldtimer-veranstaltung.de\/kalender\/termine\/classic-motor-days-2016\/flugplatz-hungriger-wolf\/'><img loading=\"lazy\" decoding=\"async\" width=\"150\" height=\"150\" src=\"https:\/\/oldtimer-veranstaltung.de\/kalender\/wp-content\/uploads\/2016\/01\/Flugplatz-Hungriger-Wolf-150x150.jpg\" class=\"attachment-thumbnail size-thumbnail\" alt=\"Flugplatz Hungriger-Wolf\" aria-describedby=\"gallery-1-9160\" \/><\/a>\n\t\t\t<\/div>\n\t\t\t\t<figcaption class='wp-caption-text gallery-caption' id='gallery-1-9160'>\n\t\t\t\tFlugplatz Hungriger-Wolf\n\t\t\t\t<\/figcaption><\/figure><figure class='gallery-item'>\n\t\t\t<div class='gallery-icon landscape'>\n\t\t\t\t<a href='https:\/\/oldtimer-veranstaltung.de\/kalender\/termine\/oldtimer-safari\/oldtimer-safari-hodenhagen\/'><img loading=\"lazy\" decoding=\"async\" width=\"150\" height=\"150\" src=\"https:\/\/oldtimer-veranstaltung.de\/kalender\/wp-content\/uploads\/2016\/01\/oldtimer-safari-hodenhagen-150x150.jpg\" class=\"attachment-thumbnail size-thumbnail\" alt=\"Oldtimer Safari Hodenhagen\" aria-describedby=\"gallery-1-9204\" \/><\/a>\n\t\t\t<\/div>\n\t\t\t\t<figcaption class='wp-caption-text gallery-caption' id='gallery-1-9204'>\n\t\t\t\tOldtimer Safari Hodenhagen\n\t\t\t\t<\/figcaption><\/figure><figure class='gallery-item'>\n\t\t\t<div class='gallery-icon portrait'>\n\t\t\t\t<a href='https:\/\/oldtimer-veranstaltung.de\/kalender\/termine\/bug-biss-2016\/bug-biss-2016\/'><img loading=\"lazy\" decoding=\"async\" width=\"150\" height=\"150\" src=\"https:\/\/oldtimer-veranstaltung.de\/kalender\/wp-content\/uploads\/2016\/02\/Bug-Biss-2016-150x150.jpg\" class=\"attachment-thumbnail size-thumbnail\" alt=\"Bug-Biss 2016\" aria-describedby=\"gallery-1-9207\" \/><\/a>\n\t\t\t<\/div>\n\t\t\t\t<figcaption class='wp-caption-text gallery-caption' id='gallery-1-9207'>\n\t\t\t\tBug-Biss 2016\n\t\t\t\t<\/figcaption><\/figure><figure class='gallery-item'>\n\t\t\t<div class='gallery-icon landscape'>\n\t\t\t\t<a href='https:\/\/oldtimer-veranstaltung.de\/kalender\/termine\/int-kabinen-kleinwagentreffen-mit-ausfahrt\/kabinentreffen\/'><img loading=\"lazy\" decoding=\"async\" width=\"150\" height=\"150\" src=\"https:\/\/oldtimer-veranstaltung.de\/kalender\/wp-content\/uploads\/2016\/02\/Kabinentreffen-150x150.jpg\" class=\"attachment-thumbnail size-thumbnail\" alt=\"Kabinentreffen Heinkel &amp; Andere\" aria-describedby=\"gallery-1-9218\" srcset=\"https:\/\/oldtimer-veranstaltung.de\/kalender\/wp-content\/uploads\/2016\/02\/Kabinentreffen-150x150.jpg 150w, https:\/\/oldtimer-veranstaltung.de\/kalender\/wp-content\/uploads\/2016\/02\/Kabinentreffen-300x300.jpg 300w, https:\/\/oldtimer-veranstaltung.de\/kalender\/wp-content\/uploads\/2016\/02\/Kabinentreffen.jpg 730w\" sizes=\"auto, (max-width: 150px) 100vw, 150px\" \/><\/a>\n\t\t\t<\/div>\n\t\t\t\t<figcaption class='wp-caption-text gallery-caption' id='gallery-1-9218'>\n\t\t\t\tKabinentreffen Heinkel &#038; Andere\n\t\t\t\t<\/figcaption><\/figure><figure class='gallery-item'>\n\t\t\t<div class='gallery-icon landscape'>\n\t\t\t\t<a href='https:\/\/oldtimer-veranstaltung.de\/kalender\/termine\/oldtimertreffen-tschechischer-kraftfahrzeuge\/oldtimertreffen-tschechei\/'><img loading=\"lazy\" decoding=\"async\" width=\"150\" height=\"150\" src=\"https:\/\/oldtimer-veranstaltung.de\/kalender\/wp-content\/uploads\/2016\/02\/oldtimertreffen-tschechei-150x150.jpg\" class=\"attachment-thumbnail size-thumbnail\" alt=\"Oldtimertreffen Tschechei\" aria-describedby=\"gallery-1-9224\" \/><\/a>\n\t\t\t<\/div>\n\t\t\t\t<figcaption class='wp-caption-text gallery-caption' id='gallery-1-9224'>\n\t\t\t\tOldtimertreffen Tschechei\n\t\t\t\t<\/figcaption><\/figure><figure class='gallery-item'>\n\t\t\t<div class='gallery-icon landscape'>\n\t\t\t\t<a href='https:\/\/oldtimer-veranstaltung.de\/kalender\/termine\/youngtimerweekend-2016\/youngtimerweekend-2016\/'><img loading=\"lazy\" decoding=\"async\" width=\"150\" height=\"150\" src=\"https:\/\/oldtimer-veranstaltung.de\/kalender\/wp-content\/uploads\/2016\/02\/youngtimerweekend-2016-150x150.jpg\" class=\"attachment-thumbnail size-thumbnail\" alt=\"Youngtimer Weekend 2016\" aria-describedby=\"gallery-1-9230\" \/><\/a>\n\t\t\t<\/div>\n\t\t\t\t<figcaption class='wp-caption-text gallery-caption' id='gallery-1-9230'>\n\t\t\t\tYoungtimer Weekend 2016\n\t\t\t\t<\/figcaption><\/figure><figure class='gallery-item'>\n\t\t\t<div class='gallery-icon landscape'>\n\t\t\t\t<a href='https:\/\/oldtimer-veranstaltung.de\/kalender\/termine\/oldtimertreffen-in-schwanebeck\/oldtimertreffen-schwanebeck\/'><img loading=\"lazy\" decoding=\"async\" width=\"150\" height=\"150\" src=\"https:\/\/oldtimer-veranstaltung.de\/kalender\/wp-content\/uploads\/2016\/02\/Oldtimertreffen-Schwanebeck-150x150.jpg\" class=\"attachment-thumbnail size-thumbnail\" alt=\"Oldtimertreffen Schwanebeck\" aria-describedby=\"gallery-1-9255\" \/><\/a>\n\t\t\t<\/div>\n\t\t\t\t<figcaption class='wp-caption-text gallery-caption' id='gallery-1-9255'>\n\t\t\t\tOldtimertreffen Schwanebeck\n\t\t\t\t<\/figcaption><\/figure><figure class='gallery-item'>\n\t\t\t<div class='gallery-icon portrait'>\n\t\t\t\t<a href='https:\/\/oldtimer-veranstaltung.de\/kalender\/termine\/unimog-treffen-auf-dem-farrenhof\/unimog-plakat-2016\/'><img loading=\"lazy\" decoding=\"async\" width=\"150\" height=\"150\" src=\"https:\/\/oldtimer-veranstaltung.de\/kalender\/wp-content\/uploads\/2016\/02\/unimog-plakat-2016-150x150.jpg\" class=\"attachment-thumbnail size-thumbnail\" alt=\"UNIMOG Plakat 2016\" aria-describedby=\"gallery-1-9275\" \/><\/a>\n\t\t\t<\/div>\n\t\t\t\t<figcaption class='wp-caption-text gallery-caption' id='gallery-1-9275'>\n\t\t\t\tUNIMOG Plakat 2016\n\t\t\t\t<\/figcaption><\/figure><figure class='gallery-item'>\n\t\t\t<div class='gallery-icon landscape'>\n\t\t\t\t<a href='https:\/\/oldtimer-veranstaltung.de\/kalender\/termine\/kad-alt-opel-treffen-hof-biggen-sauerland\/alt-opel-treffen-2\/'><img loading=\"lazy\" decoding=\"async\" width=\"150\" height=\"150\" src=\"https:\/\/oldtimer-veranstaltung.de\/kalender\/wp-content\/uploads\/2016\/02\/alt-opel-treffen-150x150.jpg\" class=\"attachment-thumbnail size-thumbnail\" alt=\"Alt Opel Treffen im Sauerland\" aria-describedby=\"gallery-1-9283\" srcset=\"https:\/\/oldtimer-veranstaltung.de\/kalender\/wp-content\/uploads\/2016\/02\/alt-opel-treffen-150x150.jpg 150w, https:\/\/oldtimer-veranstaltung.de\/kalender\/wp-content\/uploads\/2016\/02\/alt-opel-treffen-300x300.jpg 300w, https:\/\/oldtimer-veranstaltung.de\/kalender\/wp-content\/uploads\/2016\/02\/alt-opel-treffen.jpg 730w\" sizes=\"auto, (max-width: 150px) 100vw, 150px\" \/><\/a>\n\t\t\t<\/div>\n\t\t\t\t<figcaption class='wp-caption-text gallery-caption' id='gallery-1-9283'>\n\t\t\t\tAlt Opel Treffen im Sauerland\n\t\t\t\t<\/figcaption><\/figure><figure class='gallery-item'>\n\t\t\t<div class='gallery-icon portrait'>\n\t\t\t\t<a href='https:\/\/oldtimer-veranstaltung.de\/kalender\/termine\/sababurg-classic-hofgeismar\/sababurg-classic\/'><img loading=\"lazy\" decoding=\"async\" width=\"150\" height=\"150\" src=\"https:\/\/oldtimer-veranstaltung.de\/kalender\/wp-content\/uploads\/2016\/02\/Sababurg-Classic-150x150.gif\" class=\"attachment-thumbnail size-thumbnail\" alt=\"ADAC Sababurg-Classic\" aria-describedby=\"gallery-1-9314\" \/><\/a>\n\t\t\t<\/div>\n\t\t\t\t<figcaption class='wp-caption-text gallery-caption' id='gallery-1-9314'>\n\t\t\t\tADAC Sababurg-Classic\n\t\t\t\t<\/figcaption><\/figure><figure class='gallery-item'>\n\t\t\t<div class='gallery-icon landscape'>\n\t\t\t\t<a href='https:\/\/oldtimer-veranstaltung.de\/kalender\/termine\/solitude-rallye-challenge\/rallye-solitude\/'><img loading=\"lazy\" decoding=\"async\" width=\"150\" height=\"150\" src=\"https:\/\/oldtimer-veranstaltung.de\/kalender\/wp-content\/uploads\/2016\/02\/rallye-solitude-150x150.jpg\" class=\"attachment-thumbnail size-thumbnail\" alt=\"Rallye Solitude\" aria-describedby=\"gallery-1-9381\" \/><\/a>\n\t\t\t<\/div>\n\t\t\t\t<figcaption class='wp-caption-text gallery-caption' id='gallery-1-9381'>\n\t\t\t\tRallye Solitude\n\t\t\t\t<\/figcaption><\/figure><figure class='gallery-item'>\n\t\t\t<div class='gallery-icon portrait'>\n\t\t\t\t<a href='https:\/\/oldtimer-veranstaltung.de\/kalender\/termine\/oldtimer-classics-lage-2016\/oldtimertage-oltimer-park\/'><img loading=\"lazy\" decoding=\"async\" width=\"150\" height=\"150\" src=\"https:\/\/oldtimer-veranstaltung.de\/kalender\/wp-content\/uploads\/2016\/02\/oldtimertage-oltimer-park-150x150.jpg\" class=\"attachment-thumbnail size-thumbnail\" alt=\"Oldtimertage im Oldtimer-Park\" aria-describedby=\"gallery-1-9393\" \/><\/a>\n\t\t\t<\/div>\n\t\t\t\t<figcaption class='wp-caption-text gallery-caption' id='gallery-1-9393'>\n\t\t\t\tOldtimertage im Oldtimer-Park\n\t\t\t\t<\/figcaption><\/figure><figure class='gallery-item'>\n\t\t\t<div class='gallery-icon landscape'>\n\t\t\t\t<a href='https:\/\/oldtimer-veranstaltung.de\/kalender\/termine\/eisenberger-stadtrallye\/eisenberger-stadtrallye\/'><img loading=\"lazy\" decoding=\"async\" width=\"150\" height=\"150\" src=\"https:\/\/oldtimer-veranstaltung.de\/kalender\/wp-content\/uploads\/2016\/02\/eisenberger-stadtrallye-150x150.jpg\" class=\"attachment-thumbnail size-thumbnail\" alt=\"Eisenberger Stadtrallye\" aria-describedby=\"gallery-1-9414\" \/><\/a>\n\t\t\t<\/div>\n\t\t\t\t<figcaption class='wp-caption-text gallery-caption' id='gallery-1-9414'>\n\t\t\t\tEisenberger Stadtrallye\n\t\t\t\t<\/figcaption><\/figure><figure class='gallery-item'>\n\t\t\t<div class='gallery-icon portrait'>\n\t\t\t\t<a href='https:\/\/oldtimer-veranstaltung.de\/kalender\/termine\/american-power-on-wheels\/american-stars-on-wheels-2\/'><img loading=\"lazy\" decoding=\"async\" width=\"150\" height=\"150\" src=\"https:\/\/oldtimer-veranstaltung.de\/kalender\/wp-content\/uploads\/2016\/02\/american-stars-on-wheels-150x150.jpg\" class=\"attachment-thumbnail size-thumbnail\" alt=\"American Stars on Wheels\" aria-describedby=\"gallery-1-9418\" \/><\/a>\n\t\t\t<\/div>\n\t\t\t\t<figcaption class='wp-caption-text gallery-caption' id='gallery-1-9418'>\n\t\t\t\tAmerican Stars on Wheels\n\t\t\t\t<\/figcaption><\/figure><figure class='gallery-item'>\n\t\t\t<div class='gallery-icon landscape'>\n\t\t\t\t<a href='https:\/\/oldtimer-veranstaltung.de\/kalender\/termine\/drive-swing-spring-opening\/oldtimer-classic-schwaben\/'><img loading=\"lazy\" decoding=\"async\" width=\"150\" height=\"150\" src=\"https:\/\/oldtimer-veranstaltung.de\/kalender\/wp-content\/uploads\/2016\/03\/oldtimer-classic-schwaben-150x150.jpg\" class=\"attachment-thumbnail size-thumbnail\" alt=\"Oldtimer Classic Schwaben\" aria-describedby=\"gallery-1-9451\" \/><\/a>\n\t\t\t<\/div>\n\t\t\t\t<figcaption class='wp-caption-text gallery-caption' id='gallery-1-9451'>\n\t\t\t\tOldtimer Classic Schwaben\n\t\t\t\t<\/figcaption><\/figure><figure class='gallery-item'>\n\t\t\t<div class='gallery-icon landscape'>\n\t\t\t\t<a href='https:\/\/oldtimer-veranstaltung.de\/kalender\/termine\/junge-legenden\/junge-legenden\/'><img loading=\"lazy\" decoding=\"async\" width=\"150\" height=\"150\" src=\"https:\/\/oldtimer-veranstaltung.de\/kalender\/wp-content\/uploads\/2016\/03\/junge-legenden-150x150.jpg\" class=\"attachment-thumbnail size-thumbnail\" alt=\"Junge Legenden in Nordhausen\" aria-describedby=\"gallery-1-9462\" \/><\/a>\n\t\t\t<\/div>\n\t\t\t\t<figcaption class='wp-caption-text gallery-caption' id='gallery-1-9462'>\n\t\t\t\tJunge Legenden in Nordhausen\n\t\t\t\t<\/figcaption><\/figure><figure class='gallery-item'>\n\t\t\t<div class='gallery-icon landscape'>\n\t\t\t\t<a href='https:\/\/oldtimer-veranstaltung.de\/kalender\/termine\/oldtimer-treffen-in-niederfinow\/oldtimer-treffen_niederfinow\/'><img loading=\"lazy\" decoding=\"async\" width=\"150\" height=\"150\" src=\"https:\/\/oldtimer-veranstaltung.de\/kalender\/wp-content\/uploads\/2016\/03\/oldtimer-treffen_niederfinow-150x150.jpg\" class=\"attachment-thumbnail size-thumbnail\" alt=\"Oldtimer-Treffen Niederfinow\" aria-describedby=\"gallery-1-9494\" \/><\/a>\n\t\t\t<\/div>\n\t\t\t\t<figcaption class='wp-caption-text gallery-caption' id='gallery-1-9494'>\n\t\t\t\tOldtimer-Treffen Niederfinow\n\t\t\t\t<\/figcaption><\/figure><figure class='gallery-item'>\n\t\t\t<div class='gallery-icon portrait'>\n\t\t\t\t<a href='https:\/\/oldtimer-veranstaltung.de\/kalender\/termine\/classic-ford-event-nrw\/classic-ford-event\/'><img loading=\"lazy\" decoding=\"async\" width=\"150\" height=\"150\" src=\"https:\/\/oldtimer-veranstaltung.de\/kalender\/wp-content\/uploads\/2016\/03\/classic-ford-event-150x150.jpg\" class=\"attachment-thumbnail size-thumbnail\" alt=\"Classic Ford Event\" aria-describedby=\"gallery-1-9558\" \/><\/a>\n\t\t\t<\/div>\n\t\t\t\t<figcaption class='wp-caption-text gallery-caption' id='gallery-1-9558'>\n\t\t\t\tClassic Ford Event\n\t\t\t\t<\/figcaption><\/figure><figure class='gallery-item'>\n\t\t\t<div class='gallery-icon landscape'>\n\t\t\t\t<a href='https:\/\/oldtimer-veranstaltung.de\/kalender\/termine\/rocknroll-days\/rockn-roll-days\/'><img loading=\"lazy\" decoding=\"async\" width=\"150\" height=\"150\" src=\"https:\/\/oldtimer-veranstaltung.de\/kalender\/wp-content\/uploads\/2016\/03\/Rockn-Roll-Days-150x150.jpeg\" class=\"attachment-thumbnail size-thumbnail\" alt=\"Rock&#039;n&#039;Roll Days\" aria-describedby=\"gallery-1-9562\" \/><\/a>\n\t\t\t<\/div>\n\t\t\t\t<figcaption class='wp-caption-text gallery-caption' id='gallery-1-9562'>\n\t\t\t\tRock&#8217;n&#8217;Roll Days\n\t\t\t\t<\/figcaption><\/figure><figure class='gallery-item'>\n\t\t\t<div class='gallery-icon portrait'>\n\t\t\t\t<a href='https:\/\/oldtimer-veranstaltung.de\/kalender\/termine\/oldtimertreffen-kult-werkstatt-phare-rouge-2\/oldtimer-treffen-2\/'><img loading=\"lazy\" decoding=\"async\" width=\"150\" height=\"150\" src=\"https:\/\/oldtimer-veranstaltung.de\/kalender\/wp-content\/uploads\/2016\/03\/Oldtimer-Treffen-1-150x150.jpg\" class=\"attachment-thumbnail size-thumbnail\" alt=\"Oldtimer-Treffen\" aria-describedby=\"gallery-1-9580\" \/><\/a>\n\t\t\t<\/div>\n\t\t\t\t<figcaption class='wp-caption-text gallery-caption' id='gallery-1-9580'>\n\t\t\t\tOldtimer-Treffen\n\t\t\t\t<\/figcaption><\/figure><figure class='gallery-item'>\n\t\t\t<div class='gallery-icon portrait'>\n\t\t\t\t<a href='https:\/\/oldtimer-veranstaltung.de\/kalender\/termine\/dinklager-oldtimertreffen-2016\/oldtimertreffen-dinklage\/'><img loading=\"lazy\" decoding=\"async\" width=\"150\" height=\"150\" src=\"https:\/\/oldtimer-veranstaltung.de\/kalender\/wp-content\/uploads\/2016\/03\/Oldtimertreffen-Dinklage-150x150.jpg\" class=\"attachment-thumbnail size-thumbnail\" alt=\"Oldtimertreffen Dinklage\" aria-describedby=\"gallery-1-9614\" \/><\/a>\n\t\t\t<\/div>\n\t\t\t\t<figcaption class='wp-caption-text gallery-caption' id='gallery-1-9614'>\n\t\t\t\tOldtimertreffen Dinklage\n\t\t\t\t<\/figcaption><\/figure><figure class='gallery-item'>\n\t\t\t<div class='gallery-icon landscape'>\n\t\t\t\t<a href='https:\/\/oldtimer-veranstaltung.de\/kalender\/termine\/festwochenende-mit-oldtimertreffen-in-rott-am-lech\/oldtimertreffen-rott\/'><img loading=\"lazy\" decoding=\"async\" width=\"150\" height=\"150\" src=\"https:\/\/oldtimer-veranstaltung.de\/kalender\/wp-content\/uploads\/2016\/03\/Oldtimertreffen-Rott-150x150.jpg\" class=\"attachment-thumbnail size-thumbnail\" alt=\"Oldtimertreffen Rott\" aria-describedby=\"gallery-1-9618\" \/><\/a>\n\t\t\t<\/div>\n\t\t\t\t<figcaption class='wp-caption-text gallery-caption' id='gallery-1-9618'>\n\t\t\t\tOldtimertreffen Rott\n\t\t\t\t<\/figcaption><\/figure><figure class='gallery-item'>\n\t\t\t<div class='gallery-icon portrait'>\n\t\t\t\t<a href='https:\/\/oldtimer-veranstaltung.de\/kalender\/termine\/oldtimertreffen-in-der-langenzenner-altstadt\/oldtimertreffen-langenzenn\/'><img loading=\"lazy\" decoding=\"async\" width=\"150\" height=\"150\" src=\"https:\/\/oldtimer-veranstaltung.de\/kalender\/wp-content\/uploads\/2016\/03\/oldtimertreffen-langenzenn-150x150.jpg\" class=\"attachment-thumbnail size-thumbnail\" alt=\"Oldtimertreffen Langenzenn\" aria-describedby=\"gallery-1-9622\" \/><\/a>\n\t\t\t<\/div>\n\t\t\t\t<figcaption class='wp-caption-text gallery-caption' id='gallery-1-9622'>\n\t\t\t\tOldtimertreffen Langenzenn\n\t\t\t\t<\/figcaption><\/figure><figure class='gallery-item'>\n\t\t\t<div class='gallery-icon portrait'>\n\t\t\t\t<a href='https:\/\/oldtimer-veranstaltung.de\/kalender\/termine\/pinneberg-mobil\/pinneberg-mobil\/'><img loading=\"lazy\" decoding=\"async\" width=\"150\" height=\"150\" src=\"https:\/\/oldtimer-veranstaltung.de\/kalender\/wp-content\/uploads\/2016\/03\/pinneberg-mobil-150x150.jpg\" class=\"attachment-thumbnail size-thumbnail\" alt=\"Pinneberg Mobil\" aria-describedby=\"gallery-1-9625\" \/><\/a>\n\t\t\t<\/div>\n\t\t\t\t<figcaption class='wp-caption-text gallery-caption' id='gallery-1-9625'>\n\t\t\t\tPinneberg Mobil\n\t\t\t\t<\/figcaption><\/figure><figure class='gallery-item'>\n\t\t\t<div class='gallery-icon portrait'>\n\t\t\t\t<a href='https:\/\/oldtimer-veranstaltung.de\/kalender\/termine\/norddeutsches-oldtimer-picknick\/oldtimer-picknick-norddeutschland\/'><img loading=\"lazy\" decoding=\"async\" width=\"150\" height=\"150\" src=\"https:\/\/oldtimer-veranstaltung.de\/kalender\/wp-content\/uploads\/2016\/03\/oldtimer-picknick-Norddeutschland-150x150.jpg\" class=\"attachment-thumbnail size-thumbnail\" alt=\"Oldtimer Picknick Norddeutschland\" aria-describedby=\"gallery-1-9629\" \/><\/a>\n\t\t\t<\/div>\n\t\t\t\t<figcaption class='wp-caption-text gallery-caption' id='gallery-1-9629'>\n\t\t\t\tOldtimer Picknick Norddeutschland\n\t\t\t\t<\/figcaption><\/figure><figure class='gallery-item'>\n\t\t\t<div class='gallery-icon landscape'>\n\t\t\t\t<a href='https:\/\/oldtimer-veranstaltung.de\/kalender\/termine\/jahrestreffen-der-alt-opel-freunde-e-v\/jahrestreffen-opel-oldtimer\/'><img loading=\"lazy\" decoding=\"async\" width=\"150\" height=\"150\" src=\"https:\/\/oldtimer-veranstaltung.de\/kalender\/wp-content\/uploads\/2016\/03\/jahrestreffen-opel-oldtimer-150x150.jpg\" class=\"attachment-thumbnail size-thumbnail\" alt=\"Jahrestreffen Opel Oldtimer\" aria-describedby=\"gallery-1-9632\" \/><\/a>\n\t\t\t<\/div>\n\t\t\t\t<figcaption class='wp-caption-text gallery-caption' id='gallery-1-9632'>\n\t\t\t\tJahrestreffen Opel Oldtimer\n\t\t\t\t<\/figcaption><\/figure><figure class='gallery-item'>\n\t\t\t<div class='gallery-icon landscape'>\n\t\t\t\t<a href='https:\/\/oldtimer-veranstaltung.de\/kalender\/termine\/spitzkraut-classics-2016\/spitzkraut-classics\/'><img loading=\"lazy\" decoding=\"async\" width=\"150\" height=\"150\" src=\"https:\/\/oldtimer-veranstaltung.de\/kalender\/wp-content\/uploads\/2016\/03\/Spitzkraut-Classics-150x150.jpg\" class=\"attachment-thumbnail size-thumbnail\" alt=\"Spitzkraut Classics\" aria-describedby=\"gallery-1-9638\" \/><\/a>\n\t\t\t<\/div>\n\t\t\t\t<figcaption class='wp-caption-text gallery-caption' id='gallery-1-9638'>\n\t\t\t\tSpitzkraut Classics\n\t\t\t\t<\/figcaption><\/figure><figure class='gallery-item'>\n\t\t\t<div class='gallery-icon portrait'>\n\t\t\t\t<a href='https:\/\/oldtimer-veranstaltung.de\/kalender\/termine\/oldtimer-spessart-rallye-treffen-2016\/oldtimer-spessart-rallye\/'><img loading=\"lazy\" decoding=\"async\" width=\"150\" height=\"150\" src=\"https:\/\/oldtimer-veranstaltung.de\/kalender\/wp-content\/uploads\/2016\/03\/Oldtimer-Spessart-Rallye-150x150.jpg\" class=\"attachment-thumbnail size-thumbnail\" alt=\"Oldtimer Spessart Rallye\" aria-describedby=\"gallery-1-9641\" \/><\/a>\n\t\t\t<\/div>\n\t\t\t\t<figcaption class='wp-caption-text gallery-caption' id='gallery-1-9641'>\n\t\t\t\tOldtimer Spessart Rallye\n\t\t\t\t<\/figcaption><\/figure><figure class='gallery-item'>\n\t\t\t<div class='gallery-icon landscape'>\n\t\t\t\t<a href='https:\/\/oldtimer-veranstaltung.de\/kalender\/termine\/oldtimertreffen-am-grossen-weserbogen\/oldtimer-am-grossen-weserbogen\/'><img loading=\"lazy\" decoding=\"async\" width=\"150\" height=\"150\" src=\"https:\/\/oldtimer-veranstaltung.de\/kalender\/wp-content\/uploads\/2016\/03\/oldtimer-am-grossen-weserbogen-150x150.jpg\" class=\"attachment-thumbnail size-thumbnail\" alt=\"Oldtimer am gro\u00dfen Weserbogen\" aria-describedby=\"gallery-1-9663\" \/><\/a>\n\t\t\t<\/div>\n\t\t\t\t<figcaption class='wp-caption-text gallery-caption' id='gallery-1-9663'>\n\t\t\t\tOldtimer am gro\u00dfen Weserbogen\n\t\t\t\t<\/figcaption><\/figure><figure class='gallery-item'>\n\t\t\t<div class='gallery-icon portrait'>\n\t\t\t\t<a href='https:\/\/oldtimer-veranstaltung.de\/kalender\/termine\/oldtimer-classiccars-messe\/oldtimer-classic-cars\/'><img loading=\"lazy\" decoding=\"async\" width=\"150\" height=\"150\" src=\"https:\/\/oldtimer-veranstaltung.de\/kalender\/wp-content\/uploads\/2016\/03\/Oldtimer-classic-cars-150x150.jpg\" class=\"attachment-thumbnail size-thumbnail\" alt=\"Oldtimer &amp; Classic Cars\" aria-describedby=\"gallery-1-9674\" \/><\/a>\n\t\t\t<\/div>\n\t\t\t\t<figcaption class='wp-caption-text gallery-caption' id='gallery-1-9674'>\n\t\t\t\tOldtimer &#038; Classic Cars\n\t\t\t\t<\/figcaption><\/figure><figure class='gallery-item'>\n\t\t\t<div class='gallery-icon portrait'>\n\t\t\t\t<a href='https:\/\/oldtimer-veranstaltung.de\/kalender\/termine\/roadster-und-oldtimer-treffen\/roadster-oldtimer-treffen\/'><img loading=\"lazy\" decoding=\"async\" width=\"150\" height=\"150\" src=\"https:\/\/oldtimer-veranstaltung.de\/kalender\/wp-content\/uploads\/2016\/03\/Roadster-Oldtimer-Treffen-150x150.jpg\" class=\"attachment-thumbnail size-thumbnail\" alt=\"Roadster &amp; Oldtimer-Treffen\" aria-describedby=\"gallery-1-9677\" \/><\/a>\n\t\t\t<\/div>\n\t\t\t\t<figcaption class='wp-caption-text gallery-caption' id='gallery-1-9677'>\n\t\t\t\tRoadster &#038; Oldtimer-Treffen\n\t\t\t\t<\/figcaption><\/figure><figure class='gallery-item'>\n\t\t\t<div class='gallery-icon landscape'>\n\t\t\t\t<a href='https:\/\/oldtimer-veranstaltung.de\/kalender\/termine\/werder-classics\/werder-classics\/'><img loading=\"lazy\" decoding=\"async\" width=\"150\" height=\"150\" src=\"https:\/\/oldtimer-veranstaltung.de\/kalender\/wp-content\/uploads\/2016\/03\/Werder-Classics-150x150.jpg\" class=\"attachment-thumbnail size-thumbnail\" alt=\"Werder-Classics\" aria-describedby=\"gallery-1-9686\" \/><\/a>\n\t\t\t<\/div>\n\t\t\t\t<figcaption class='wp-caption-text gallery-caption' id='gallery-1-9686'>\n\t\t\t\tWerder-Classics\n\t\t\t\t<\/figcaption><\/figure><figure class='gallery-item'>\n\t\t\t<div class='gallery-icon landscape'>\n\t\t\t\t<a href='https:\/\/oldtimer-veranstaltung.de\/kalender\/termine\/touristische-oldtimerrallye-rund-um-wesel\/oldtimer-rallye-wesel\/'><img loading=\"lazy\" decoding=\"async\" width=\"150\" height=\"150\" src=\"https:\/\/oldtimer-veranstaltung.de\/kalender\/wp-content\/uploads\/2016\/03\/oldtimer-rallye-wesel-150x150.jpg\" class=\"attachment-thumbnail size-thumbnail\" alt=\"Oldtimer-Rallye Wesel\" aria-describedby=\"gallery-1-9692\" \/><\/a>\n\t\t\t<\/div>\n\t\t\t\t<figcaption class='wp-caption-text gallery-caption' id='gallery-1-9692'>\n\t\t\t\tOldtimer-Rallye Wesel\n\t\t\t\t<\/figcaption><\/figure><figure class='gallery-item'>\n\t\t\t<div class='gallery-icon portrait'>\n\t\t\t\t<a href='https:\/\/oldtimer-veranstaltung.de\/kalender\/termine\/haarstrang-klassik\/oldtimer-ausfahrt-holzwickede\/'><img loading=\"lazy\" decoding=\"async\" width=\"150\" height=\"150\" src=\"https:\/\/oldtimer-veranstaltung.de\/kalender\/wp-content\/uploads\/2016\/03\/Oldtimer-Ausfahrt-Holzwickede-150x150.jpg\" class=\"attachment-thumbnail size-thumbnail\" alt=\"Oldtimer-Ausfahrt Holzwickede\" aria-describedby=\"gallery-1-9719\" \/><\/a>\n\t\t\t<\/div>\n\t\t\t\t<figcaption class='wp-caption-text gallery-caption' id='gallery-1-9719'>\n\t\t\t\tOldtimer-Ausfahrt Holzwickede\n\t\t\t\t<\/figcaption><\/figure><figure class='gallery-item'>\n\t\t\t<div class='gallery-icon landscape'>\n\t\t\t\t<a href='https:\/\/oldtimer-veranstaltung.de\/kalender\/termine\/i-mog-mai-kaeferl-2016\/i-mog-mai-kaeferl\/'><img loading=\"lazy\" decoding=\"async\" width=\"150\" height=\"150\" src=\"https:\/\/oldtimer-veranstaltung.de\/kalender\/wp-content\/uploads\/2016\/04\/i-mog-mai-kaeferl-150x150.jpg\" class=\"attachment-thumbnail size-thumbnail\" alt=\"i mog mai K\u00e4ferl\" aria-describedby=\"gallery-1-9737\" \/><\/a>\n\t\t\t<\/div>\n\t\t\t\t<figcaption class='wp-caption-text gallery-caption' id='gallery-1-9737'>\n\t\t\t\ti mog mai K\u00e4ferl\n\t\t\t\t<\/figcaption><\/figure><figure class='gallery-item'>\n\t\t\t<div class='gallery-icon portrait'>\n\t\t\t\t<a href='https:\/\/oldtimer-veranstaltung.de\/kalender\/termine\/traditionelle-motorradausfahrt\/motorradausfahrt-2016\/'><img loading=\"lazy\" decoding=\"async\" width=\"150\" height=\"150\" src=\"https:\/\/oldtimer-veranstaltung.de\/kalender\/wp-content\/uploads\/2016\/03\/motorradausfahrt-2016-150x150.jpg\" class=\"attachment-thumbnail size-thumbnail\" alt=\"Motorradausfahrt 2016\" aria-describedby=\"gallery-1-9747\" \/><\/a>\n\t\t\t<\/div>\n\t\t\t\t<figcaption class='wp-caption-text gallery-caption' id='gallery-1-9747'>\n\t\t\t\tMotorradausfahrt 2016\n\t\t\t\t<\/figcaption><\/figure><figure class='gallery-item'>\n\t\t\t<div class='gallery-icon portrait'>\n\t\t\t\t<a href='https:\/\/oldtimer-veranstaltung.de\/kalender\/termine\/himo-treffen-in-reinholdshain\/himo-treffen\/'><img loading=\"lazy\" decoding=\"async\" width=\"150\" height=\"150\" src=\"https:\/\/oldtimer-veranstaltung.de\/kalender\/wp-content\/uploads\/2016\/04\/Himo-Treffen-150x150.jpg\" class=\"attachment-thumbnail size-thumbnail\" alt=\"Himo-Treffen\" aria-describedby=\"gallery-1-9774\" \/><\/a>\n\t\t\t<\/div>\n\t\t\t\t<figcaption class='wp-caption-text gallery-caption' id='gallery-1-9774'>\n\t\t\t\tHimo-Treffen\n\t\t\t\t<\/figcaption><\/figure><figure class='gallery-item'>\n\t\t\t<div class='gallery-icon portrait'>\n\t\t\t\t<a href='https:\/\/oldtimer-veranstaltung.de\/kalender\/termine\/bad-reburger-oldtimer-und-roadster-treffen\/roadster-treffen-2016\/'><img loading=\"lazy\" decoding=\"async\" width=\"150\" height=\"150\" src=\"https:\/\/oldtimer-veranstaltung.de\/kalender\/wp-content\/uploads\/2016\/04\/roadster-treffen-2016-150x150.jpg\" class=\"attachment-thumbnail size-thumbnail\" alt=\"Roadster Treffen 2016\" aria-describedby=\"gallery-1-9782\" \/><\/a>\n\t\t\t<\/div>\n\t\t\t\t<figcaption class='wp-caption-text gallery-caption' id='gallery-1-9782'>\n\t\t\t\tRoadster Treffen 2016\n\t\t\t\t<\/figcaption><\/figure><figure class='gallery-item'>\n\t\t\t<div class='gallery-icon portrait'>\n\t\t\t\t<a href='https:\/\/oldtimer-veranstaltung.de\/kalender\/termine\/belle-epoque-trifft-motorblock\/belle-epoque-trifft-motorblock-2\/'><img loading=\"lazy\" decoding=\"async\" width=\"150\" height=\"150\" src=\"https:\/\/oldtimer-veranstaltung.de\/kalender\/wp-content\/uploads\/2016\/03\/Belle-Epoque-trifft-Motorblock-150x150.jpg\" class=\"attachment-thumbnail size-thumbnail\" alt=\"Belle Epoque trifft Motorblock\" aria-describedby=\"gallery-1-9797\" \/><\/a>\n\t\t\t<\/div>\n\t\t\t\t<figcaption class='wp-caption-text gallery-caption' id='gallery-1-9797'>\n\t\t\t\tBelle Epoque trifft Motorblock\n\t\t\t\t<\/figcaption><\/figure><figure class='gallery-item'>\n\t\t\t<div class='gallery-icon portrait'>\n\t\t\t\t<a href='https:\/\/oldtimer-veranstaltung.de\/kalender\/termine\/matzen-oldtimertreffen-2016\/oldtimertreffen-bad-schwartau-2\/'><img loading=\"lazy\" decoding=\"async\" width=\"150\" height=\"150\" src=\"https:\/\/oldtimer-veranstaltung.de\/kalender\/wp-content\/uploads\/2016\/04\/oldtimertreffen-bad-schwartau-150x150.jpg\" class=\"attachment-thumbnail size-thumbnail\" alt=\"Oldtimertreffen Bad Schwartau\" aria-describedby=\"gallery-1-9804\" \/><\/a>\n\t\t\t<\/div>\n\t\t\t\t<figcaption class='wp-caption-text gallery-caption' id='gallery-1-9804'>\n\t\t\t\tOldtimertreffen Bad Schwartau\n\t\t\t\t<\/figcaption><\/figure><figure class='gallery-item'>\n\t\t\t<div class='gallery-icon portrait'>\n\t\t\t\t<a href='https:\/\/oldtimer-veranstaltung.de\/kalender\/termine\/grossneuhaeuser-oldtimertreffen\/grossneuhaeuser-oldtimer-treffen\/'><img loading=\"lazy\" decoding=\"async\" width=\"150\" height=\"150\" src=\"https:\/\/oldtimer-veranstaltung.de\/kalender\/wp-content\/uploads\/2016\/04\/grossneuhaeuser-oldtimer-treffen-150x150.jpg\" class=\"attachment-thumbnail size-thumbnail\" alt=\"Gro\u00dfneuh\u00e4user Oldtimer-Treffen\" aria-describedby=\"gallery-1-9827\" \/><\/a>\n\t\t\t<\/div>\n\t\t\t\t<figcaption class='wp-caption-text gallery-caption' id='gallery-1-9827'>\n\t\t\t\tGro\u00dfneuh\u00e4user Oldtimer-Treffen\n\t\t\t\t<\/figcaption><\/figure><figure class='gallery-item'>\n\t\t\t<div class='gallery-icon landscape'>\n\t\t\t\t<a href='https:\/\/oldtimer-veranstaltung.de\/kalender\/termine\/wagen-der-erinnerung-carro-della-memoria\/wagen-der-erinnerung\/'><img loading=\"lazy\" decoding=\"async\" width=\"150\" height=\"150\" src=\"https:\/\/oldtimer-veranstaltung.de\/kalender\/wp-content\/uploads\/2016\/04\/wagen-der-erinnerung-150x150.jpg\" class=\"attachment-thumbnail size-thumbnail\" alt=\"Wagen der Erinnerung\" aria-describedby=\"gallery-1-9846\" \/><\/a>\n\t\t\t<\/div>\n\t\t\t\t<figcaption class='wp-caption-text gallery-caption' id='gallery-1-9846'>\n\t\t\t\tWagen der Erinnerung\n\t\t\t\t<\/figcaption><\/figure><figure class='gallery-item'>\n\t\t\t<div class='gallery-icon landscape'>\n\t\t\t\t<a href='https:\/\/oldtimer-veranstaltung.de\/kalender\/termine\/klassiker-meets-klassik-2016\/klassiker-meets-klassik\/'><img loading=\"lazy\" decoding=\"async\" width=\"150\" height=\"150\" src=\"https:\/\/oldtimer-veranstaltung.de\/kalender\/wp-content\/uploads\/2016\/04\/klassiker-meets-klassik-150x150.jpg\" class=\"attachment-thumbnail size-thumbnail\" alt=\"Klassiker meets Klassik in Freising\" aria-describedby=\"gallery-1-9850\" \/><\/a>\n\t\t\t<\/div>\n\t\t\t\t<figcaption class='wp-caption-text gallery-caption' id='gallery-1-9850'>\n\t\t\t\tKlassiker meets Klassik in Freising\n\t\t\t\t<\/figcaption><\/figure><figure class='gallery-item'>\n\t\t\t<div class='gallery-icon portrait'>\n\t\t\t\t<a href='https:\/\/oldtimer-veranstaltung.de\/kalender\/termine\/suedharzer-oldtimertreffen\/suedharzer-oldtimertreffen-2\/'><img loading=\"lazy\" decoding=\"async\" width=\"150\" height=\"150\" src=\"https:\/\/oldtimer-veranstaltung.de\/kalender\/wp-content\/uploads\/2016\/05\/suedharzer-oldtimertreffen-150x150.jpg\" class=\"attachment-thumbnail size-thumbnail\" alt=\"S\u00fcdharzer Oldtimertreffen\" aria-describedby=\"gallery-1-9912\" \/><\/a>\n\t\t\t<\/div>\n\t\t\t\t<figcaption class='wp-caption-text gallery-caption' id='gallery-1-9912'>\n\t\t\t\tS\u00fcdharzer Oldtimertreffen\n\t\t\t\t<\/figcaption><\/figure><figure class='gallery-item'>\n\t\t\t<div class='gallery-icon portrait'>\n\t\t\t\t<a href='https:\/\/oldtimer-veranstaltung.de\/kalender\/termine\/oldtimer-treffen-2016\/oldtimer-ig-volkersheim\/'><img loading=\"lazy\" decoding=\"async\" width=\"150\" height=\"150\" src=\"https:\/\/oldtimer-veranstaltung.de\/kalender\/wp-content\/uploads\/2016\/05\/oldtimer-ig-volkersheim-150x150.jpg\" class=\"attachment-thumbnail size-thumbnail\" alt=\"Oldtimer IG Volkersheim\" aria-describedby=\"gallery-1-9921\" \/><\/a>\n\t\t\t<\/div>\n\t\t\t\t<figcaption class='wp-caption-text gallery-caption' id='gallery-1-9921'>\n\t\t\t\tOldtimer IG Volkersheim\n\t\t\t\t<\/figcaption><\/figure><figure class='gallery-item'>\n\t\t\t<div class='gallery-icon landscape'>\n\t\t\t\t<a href='https:\/\/oldtimer-veranstaltung.de\/kalender\/termine\/oldtimer-trophy-edersee-2016\/oldtimer-trophy-edersee\/'><img loading=\"lazy\" decoding=\"async\" width=\"150\" height=\"150\" src=\"https:\/\/oldtimer-veranstaltung.de\/kalender\/wp-content\/uploads\/2016\/05\/oldtimer-trophy-edersee-150x150.jpg\" class=\"attachment-thumbnail size-thumbnail\" alt=\"Oldtimer Trophy Edersee\" \/><\/a>\n\t\t\t<\/div><\/figure><figure class='gallery-item'>\n\t\t\t<div class='gallery-icon portrait'>\n\t\t\t\t<a href='https:\/\/oldtimer-veranstaltung.de\/kalender\/termine\/oldtimertreffen-am-tag-des-sports-2016\/oldtimer-club-bassum\/'><img loading=\"lazy\" decoding=\"async\" width=\"150\" height=\"150\" src=\"https:\/\/oldtimer-veranstaltung.de\/kalender\/wp-content\/uploads\/2016\/05\/oldtimer-club-bassum-150x150.jpg\" class=\"attachment-thumbnail size-thumbnail\" alt=\"Oldtimer-Club Bassum\" aria-describedby=\"gallery-1-9971\" \/><\/a>\n\t\t\t<\/div>\n\t\t\t\t<figcaption class='wp-caption-text gallery-caption' id='gallery-1-9971'>\n\t\t\t\tOldtimer-Club Bassum\n\t\t\t\t<\/figcaption><\/figure><figure class='gallery-item'>\n\t\t\t<div class='gallery-icon landscape'>\n\t\t\t\t<a href='https:\/\/oldtimer-veranstaltung.de\/kalender\/termine\/automobilslalom-mit-gleichmaessigkeitspruefung\/motorsport-wochenende\/'><img loading=\"lazy\" decoding=\"async\" width=\"150\" height=\"150\" src=\"https:\/\/oldtimer-veranstaltung.de\/kalender\/wp-content\/uploads\/2016\/05\/motorsport-wochenende-150x150.jpeg\" class=\"attachment-thumbnail size-thumbnail\" alt=\"Motorsport Wochenende\" aria-describedby=\"gallery-1-10015\" \/><\/a>\n\t\t\t<\/div>\n\t\t\t\t<figcaption class='wp-caption-text gallery-caption' id='gallery-1-10015'>\n\t\t\t\tMotorsport Wochenende\n\t\t\t\t<\/figcaption><\/figure><figure class='gallery-item'>\n\t\t\t<div class='gallery-icon landscape'>\n\t\t\t\t<a href='https:\/\/oldtimer-veranstaltung.de\/kalender\/termine\/oldtimertreffen-in-schoeneiche-bei-berlin\/oldtimertreffen-schoeneiche\/'><img loading=\"lazy\" decoding=\"async\" width=\"150\" height=\"150\" src=\"https:\/\/oldtimer-veranstaltung.de\/kalender\/wp-content\/uploads\/2016\/05\/Oldtimertreffen-Schoeneiche-150x150.jpg\" class=\"attachment-thumbnail size-thumbnail\" alt=\"Oldtimertreffen Sch\u00f6neiche\" aria-describedby=\"gallery-1-10024\" \/><\/a>\n\t\t\t<\/div>\n\t\t\t\t<figcaption class='wp-caption-text gallery-caption' id='gallery-1-10024'>\n\t\t\t\tOldtimertreffen Sch\u00f6neiche\n\t\t\t\t<\/figcaption><\/figure><figure class='gallery-item'>\n\t\t\t<div class='gallery-icon portrait'>\n\t\t\t\t<a href='https:\/\/oldtimer-veranstaltung.de\/kalender\/termine\/aegidienberg-in-weiss\/aegidienberg\/'><img loading=\"lazy\" decoding=\"async\" width=\"150\" height=\"150\" src=\"https:\/\/oldtimer-veranstaltung.de\/kalender\/wp-content\/uploads\/2016\/05\/aegidienberg-150x150.jpg\" class=\"attachment-thumbnail size-thumbnail\" alt=\"Aegidienberg in Wei\u00df\" aria-describedby=\"gallery-1-10054\" \/><\/a>\n\t\t\t<\/div>\n\t\t\t\t<figcaption class='wp-caption-text gallery-caption' id='gallery-1-10054'>\n\t\t\t\tAegidienberg in Wei\u00df\n\t\t\t\t<\/figcaption><\/figure><figure class='gallery-item'>\n\t\t\t<div class='gallery-icon portrait'>\n\t\t\t\t<a href='https:\/\/oldtimer-veranstaltung.de\/kalender\/termine\/oldtimerfest-in-adenau\/adenauer-oldtimerfest\/'><img loading=\"lazy\" decoding=\"async\" width=\"150\" height=\"150\" src=\"https:\/\/oldtimer-veranstaltung.de\/kalender\/wp-content\/uploads\/2016\/05\/Adenauer-Oldtimerfest-150x150.jpg\" class=\"attachment-thumbnail size-thumbnail\" alt=\"Adenauer Oldtimerfest\" aria-describedby=\"gallery-1-10057\" \/><\/a>\n\t\t\t<\/div>\n\t\t\t\t<figcaption class='wp-caption-text gallery-caption' id='gallery-1-10057'>\n\t\t\t\tAdenauer Oldtimerfest\n\t\t\t\t<\/figcaption><\/figure><figure class='gallery-item'>\n\t\t\t<div class='gallery-icon landscape'>\n\t\t\t\t<a href='https:\/\/oldtimer-veranstaltung.de\/kalender\/termine\/big-bumper-meeting-2016\/bigbumpermeeting-us-cars\/'><img loading=\"lazy\" decoding=\"async\" width=\"150\" height=\"150\" src=\"https:\/\/oldtimer-veranstaltung.de\/kalender\/wp-content\/uploads\/2016\/05\/bigbumpermeeting-us-cars-150x150.jpg\" class=\"attachment-thumbnail size-thumbnail\" alt=\"Bigbumpermeeting f\u00fcr US-Cars\" aria-describedby=\"gallery-1-10066\" \/><\/a>\n\t\t\t<\/div>\n\t\t\t\t<figcaption class='wp-caption-text gallery-caption' id='gallery-1-10066'>\n\t\t\t\tBigbumpermeeting f\u00fcr US-Cars\n\t\t\t\t<\/figcaption><\/figure><figure class='gallery-item'>\n\t\t\t<div class='gallery-icon landscape'>\n\t\t\t\t<a href='https:\/\/oldtimer-veranstaltung.de\/kalender\/termine\/occ-kuestentrophy-2016\/kuestentrophy\/'><img loading=\"lazy\" decoding=\"async\" width=\"150\" height=\"150\" src=\"https:\/\/oldtimer-veranstaltung.de\/kalender\/wp-content\/uploads\/2016\/05\/kuestentrophy-150x150.jpg\" class=\"attachment-thumbnail size-thumbnail\" alt=\"K\u00fcstentrophy Rostock Warnem\u00fcnde\" aria-describedby=\"gallery-1-10070\" \/><\/a>\n\t\t\t<\/div>\n\t\t\t\t<figcaption class='wp-caption-text gallery-caption' id='gallery-1-10070'>\n\t\t\t\tK\u00fcstentrophy Rostock Warnem\u00fcnde\n\t\t\t\t<\/figcaption><\/figure><figure class='gallery-item'>\n\t\t\t<div class='gallery-icon portrait'>\n\t\t\t\t<a href='https:\/\/oldtimer-veranstaltung.de\/kalender\/termine\/bike-weekend-ploen-2016\/bike-weekend-ploen-2\/'><img loading=\"lazy\" decoding=\"async\" width=\"150\" height=\"150\" src=\"https:\/\/oldtimer-veranstaltung.de\/kalender\/wp-content\/uploads\/2016\/06\/bike-weekend-ploen-150x150.jpg\" class=\"attachment-thumbnail size-thumbnail\" alt=\"Bike Weekend Ploen\" aria-describedby=\"gallery-1-10074\" \/><\/a>\n\t\t\t<\/div>\n\t\t\t\t<figcaption class='wp-caption-text gallery-caption' id='gallery-1-10074'>\n\t\t\t\tBike Weekend Ploen\n\t\t\t\t<\/figcaption><\/figure><figure class='gallery-item'>\n\t\t\t<div class='gallery-icon portrait'>\n\t\t\t\t<a href='https:\/\/oldtimer-veranstaltung.de\/kalender\/termine\/franzoesisches-oldtimer-youngtimer-treffen\/frankreich-oldtimer\/'><img loading=\"lazy\" decoding=\"async\" width=\"150\" height=\"150\" src=\"https:\/\/oldtimer-veranstaltung.de\/kalender\/wp-content\/uploads\/2016\/06\/frankreich-oldtimer-150x150.jpg\" class=\"attachment-thumbnail size-thumbnail\" alt=\"Frankreich Oldtimer Treffen\" aria-describedby=\"gallery-1-10078\" \/><\/a>\n\t\t\t<\/div>\n\t\t\t\t<figcaption class='wp-caption-text gallery-caption' id='gallery-1-10078'>\n\t\t\t\tFrankreich Oldtimer Treffen\n\t\t\t\t<\/figcaption><\/figure><figure class='gallery-item'>\n\t\t\t<div class='gallery-icon portrait'>\n\t\t\t\t<a href='https:\/\/oldtimer-veranstaltung.de\/kalender\/termine\/motorrad-veteranen-fahrt-kierspe-2016\/motorrad-veteranen-fahrt\/'><img loading=\"lazy\" decoding=\"async\" width=\"150\" height=\"150\" src=\"https:\/\/oldtimer-veranstaltung.de\/kalender\/wp-content\/uploads\/2016\/06\/motorrad-veteranen-fahrt-150x150.jpg\" class=\"attachment-thumbnail size-thumbnail\" alt=\"Motorrad Veteranen-Fahrt\" aria-describedby=\"gallery-1-10083\" \/><\/a>\n\t\t\t<\/div>\n\t\t\t\t<figcaption class='wp-caption-text gallery-caption' id='gallery-1-10083'>\n\t\t\t\tMotorrad Veteranen-Fahrt\n\t\t\t\t<\/figcaption><\/figure><figure class='gallery-item'>\n\t\t\t<div class='gallery-icon landscape'>\n\t\t\t\t<a href='https:\/\/oldtimer-veranstaltung.de\/kalender\/termine\/hausmarkt-lagersonderverkauf-simson-mz-jawa\/ddr-mopedteile\/'><img loading=\"lazy\" decoding=\"async\" width=\"150\" height=\"150\" src=\"https:\/\/oldtimer-veranstaltung.de\/kalender\/wp-content\/uploads\/2016\/06\/ddr-mopedteile-150x150.jpg\" class=\"attachment-thumbnail size-thumbnail\" alt=\"DDR Mopedteile\" aria-describedby=\"gallery-1-10100\" \/><\/a>\n\t\t\t<\/div>\n\t\t\t\t<figcaption class='wp-caption-text gallery-caption' id='gallery-1-10100'>\n\t\t\t\tDDR Mopedteile\n\t\t\t\t<\/figcaption><\/figure><figure class='gallery-item'>\n\t\t\t<div class='gallery-icon portrait'>\n\t\t\t\t<a href='https:\/\/oldtimer-veranstaltung.de\/kalender\/termine\/us-car-stop-2016\/flyer-us-car-treffen-2016\/'><img loading=\"lazy\" decoding=\"async\" width=\"150\" height=\"150\" src=\"https:\/\/oldtimer-veranstaltung.de\/kalender\/wp-content\/uploads\/2016\/06\/flyer-us-car-treffen-2016-150x150.jpg\" class=\"attachment-thumbnail size-thumbnail\" alt=\"Flyer US-Car-Treffen 2016\" aria-describedby=\"gallery-1-10108\" srcset=\"https:\/\/oldtimer-veranstaltung.de\/kalender\/wp-content\/uploads\/2016\/06\/flyer-us-car-treffen-2016-150x150.jpg 150w, https:\/\/oldtimer-veranstaltung.de\/kalender\/wp-content\/uploads\/2016\/06\/flyer-us-car-treffen-2016-300x300.jpg 300w, https:\/\/oldtimer-veranstaltung.de\/kalender\/wp-content\/uploads\/2016\/06\/flyer-us-car-treffen-2016.jpg 730w\" sizes=\"auto, (max-width: 150px) 100vw, 150px\" \/><\/a>\n\t\t\t<\/div>\n\t\t\t\t<figcaption class='wp-caption-text gallery-caption' id='gallery-1-10108'>\n\t\t\t\tFlyer US-Car-Treffen 2016\n\t\t\t\t<\/figcaption><\/figure><figure class='gallery-item'>\n\t\t\t<div class='gallery-icon portrait'>\n\t\t\t\t<a href='https:\/\/oldtimer-veranstaltung.de\/kalender\/termine\/colosseum-custom\/collosseum-custom\/'><img loading=\"lazy\" decoding=\"async\" width=\"150\" height=\"150\" src=\"https:\/\/oldtimer-veranstaltung.de\/kalender\/wp-content\/uploads\/2016\/06\/Collosseum-Custom-150x150.jpg\" class=\"attachment-thumbnail size-thumbnail\" alt=\"Collosseum Custom\" aria-describedby=\"gallery-1-10134\" \/><\/a>\n\t\t\t<\/div>\n\t\t\t\t<figcaption class='wp-caption-text gallery-caption' id='gallery-1-10134'>\n\t\t\t\tCollosseum Custom\n\t\t\t\t<\/figcaption><\/figure><figure class='gallery-item'>\n\t\t\t<div class='gallery-icon landscape'>\n\t\t\t\t<a href='https:\/\/oldtimer-veranstaltung.de\/kalender\/termine\/maico-und-oldtimertreffen-herrenberg-2016\/herrenberger-maico-treffen\/'><img loading=\"lazy\" decoding=\"async\" width=\"150\" height=\"150\" src=\"https:\/\/oldtimer-veranstaltung.de\/kalender\/wp-content\/uploads\/2016\/06\/herrenberger-maico-treffen-150x150.jpg\" class=\"attachment-thumbnail size-thumbnail\" alt=\"Herrenberger Maico Treffen\" aria-describedby=\"gallery-1-10183\" \/><\/a>\n\t\t\t<\/div>\n\t\t\t\t<figcaption class='wp-caption-text gallery-caption' id='gallery-1-10183'>\n\t\t\t\tHerrenberger Maico Treffen\n\t\t\t\t<\/figcaption><\/figure><figure class='gallery-item'>\n\t\t\t<div class='gallery-icon portrait'>\n\t\t\t\t<a href='https:\/\/oldtimer-veranstaltung.de\/kalender\/termine\/schleppertreffen-in-alt-sanitz-bei-anklam\/schlepper-treffen-2016\/'><img loading=\"lazy\" decoding=\"async\" width=\"150\" height=\"150\" src=\"https:\/\/oldtimer-veranstaltung.de\/kalender\/wp-content\/uploads\/2016\/06\/schlepper-treffen-2016-150x150.jpg\" class=\"attachment-thumbnail size-thumbnail\" alt=\"Schlepper Treffen 2016\" aria-describedby=\"gallery-1-10188\" \/><\/a>\n\t\t\t<\/div>\n\t\t\t\t<figcaption class='wp-caption-text gallery-caption' id='gallery-1-10188'>\n\t\t\t\tSchlepper Treffen 2016\n\t\t\t\t<\/figcaption><\/figure><figure class='gallery-item'>\n\t\t\t<div class='gallery-icon portrait'>\n\t\t\t\t<a href='https:\/\/oldtimer-veranstaltung.de\/kalender\/oldtimer-termine-plakate-2016\/oldtimer-fruehschoppen\/'><img loading=\"lazy\" decoding=\"async\" width=\"150\" height=\"150\" src=\"https:\/\/oldtimer-veranstaltung.de\/kalender\/wp-content\/uploads\/2016\/05\/oldtimer-fruehschoppen-150x150.jpg\" class=\"attachment-thumbnail size-thumbnail\" alt=\"Oldtimer Fr\u00fchschoppen\" aria-describedby=\"gallery-1-10356\" \/><\/a>\n\t\t\t<\/div>\n\t\t\t\t<figcaption class='wp-caption-text gallery-caption' id='gallery-1-10356'>\n\t\t\t\tOldtimer Fr\u00fchschoppen\n\t\t\t\t<\/figcaption><\/figure>\n\t\t<\/div>\n\n<p>&nbsp;<\/p>\n<p>Die Beschreibungen der <a href=\"https:\/\/oldtimer-veranstaltung.de\/kalender\/termine\/tags\/oldtimer-reisen\/\" target=\"_blank\">Reisen<\/a> finden Sie mit dem Link und weitere <a href=\"https:\/\/oldtimer-veranstaltung.de\/kalender\/veranstaltungen\/tag-seite\/\" target=\"_blank\">Veranstaltungs-Tipps<\/a>.<\/p>\n<p>\u00a9 Fotoquelle und Bildrechte: siehe zugeh\u00f6rige Veranstaltung im <a href=\"https:\/\/oldtimer-veranstaltung.de\/kalender\/\" title=\"Link zum Oldtimer Terminkalender\" target=\"_blank\">Terminkalender<\/a> unter dem jeweiligen Bild.<\/p>\n<p>Den vollst\u00e4ndigen Terminkalender finden Sie mit diesem Link: <a href=\"https:\/\/oldtimer-veranstaltung.de\/kalender\/\" title=\"Link zur Webseite\" target=\"_blank\" rel=\"nofollow\">Aktuelle Oldtimer Termine<\/a>. Die Oldtimer Termine sind geordnet nach Monaten, L\u00e4ndern, Bundesland (Kanton) und Orten.<\/p>\n<p>Erfreulich ist, mit welcher Kreativit\u00e4t in der Darstellung und unterschiedlichsten Methoden auf die verschiedenen Oldtimer-Termine Appetit gemacht wird.<\/p>\n<p>Sicherlich wird auch der eine oder andere Oldtimer Termin f\u00fcr Sie dabei sein.<\/p>\n<p>Die vollst\u00e4ndigen Termine <a href=\"https:\/\/oldtimer-veranstaltung.de\/kalender\/oldtimer-termine-treffen-und-events-deutschland-2016\/\" target=\"_blank\">Oldtimer Events 2016<\/a> finden Sie mit diesem Link.<\/p>\n","protected":false},"excerpt":{"rendered":"<p>In diesem Beitrag pr\u00e4sentieren wir Ihnen einige Oldtimer Termine 2016 und deren Plakate, die der jeweilige Veranstalter zur Verf\u00fcgung gestellt hat. Das Erscheinen der Plakate im Browser kann bei schlechter&#8230;<\/p>\n","protected":false},"author":1,"featured_media":0,"comment_status":"closed","ping_status":"closed","sticky":false,"template":"","format":"standard","meta":{"footnotes":""},"categories":[314,303],"tags":[287,310],"class_list":["post-4917","post","type-post","status-publish","format-standard","hentry","category-fotoalbum","category-termine","tag-ankuendigung","tag-oldtimer-termine"],"_links":{"self":[{"href":"https:\/\/oldtimer-veranstaltung.de\/kalender\/wp-json\/wp\/v2\/posts\/4917","targetHints":{"allow":["GET"]}}],"collection":[{"href":"https:\/\/oldtimer-veranstaltung.de\/kalender\/wp-json\/wp\/v2\/posts"}],"about":[{"href":"https:\/\/oldtimer-veranstaltung.de\/kalender\/wp-json\/wp\/v2\/types\/post"}],"author":[{"embeddable":true,"href":"https:\/\/oldtimer-veranstaltung.de\/kalender\/wp-json\/wp\/v2\/users\/1"}],"replies":[{"embeddable":true,"href":"https:\/\/oldtimer-veranstaltung.de\/kalender\/wp-json\/wp\/v2\/comments?post=4917"}],"version-history":[{"count":0,"href":"https:\/\/oldtimer-veranstaltung.de\/kalender\/wp-json\/wp\/v2\/posts\/4917\/revisions"}],"wp:attachment":[{"href":"https:\/\/oldtimer-veranstaltung.de\/kalender\/wp-json\/wp\/v2\/media?parent=4917"}],"wp:term":[{"taxonomy":"category","embeddable":true,"href":"https:\/\/oldtimer-veranstaltung.de\/kalender\/wp-json\/wp\/v2\/categories?post=4917"},{"taxonomy":"post_tag","embeddable":true,"href":"https:\/\/oldtimer-veranstaltung.de\/kalender\/wp-json\/wp\/v2\/tags?post=4917"}],"curies":[{"name":"wp","href":"https:\/\/api.w.org\/{rel}","templated":true}]}}