{"id":2567,"date":"2015-10-22T18:00:48","date_gmt":"2015-10-22T16:00:48","guid":{"rendered":"https:\/\/oldtimer-veranstaltung.de\/kalender\/?p=2567"},"modified":"2015-10-22T18:30:33","modified_gmt":"2015-10-22T16:30:33","slug":"oldtimer-termine-plakate-2014","status":"publish","type":"post","link":"https:\/\/oldtimer-veranstaltung.de\/kalender\/oldtimer-termine-plakate-2014\/","title":{"rendered":"Oldtimer Termine Plakate 2014"},"content":{"rendered":"<p>In diesem Beitrag pr\u00e4sentieren wir Ihnen zu mehr als 600 Oldtimer Terminen 2014 einige Plakate, die der jeweilige Veranstalter zur Verf\u00fcgung gestellt hat. Das Laden und anschlie\u00dfende Erscheinen der Plakate im Browser kann bei schlechter Internetverbindung etwas l\u00e4nger dauern.<\/p>\n<p>Den vollst\u00e4ndigen Terminkalender finden Sie mit diesem Link: <a href=\"https:\/\/oldtimer-veranstaltung.de\/kalender\/\" title=\"Link zur Webseite\" target=\"_blank\" rel=\"nofollow\">Aktuelle Oldtimer Termine<\/a>. Die Oldtimer Termine sind geordnet nach Monaten, L\u00e4ndern, Bundesland (Kanton) und Orten.<\/p>\n<p>Erfreulich ist, mit welcher gestalterischen Kreativit\u00e4t in der Darstellung und unterschiedlichsten Methoden auf die verschiedenen Oldtimer-Termine von den Organisatoren und Veranstaltern dem Teilnehmer und Besucher Appetit gemacht wird.<\/p>\n<div id='gallery-1' class='gallery galleryid-2567 gallery-columns-3 gallery-size-thumbnail'><figure class='gallery-item'>\n\t\t\t<div class='gallery-icon portrait'>\n\t\t\t\t<a href='https:\/\/oldtimer-veranstaltung.de\/kalender\/wp-content\/uploads\/2014\/04\/Schlueter-Oldtimertreffen.jpg'><img loading=\"lazy\" decoding=\"async\" width=\"150\" height=\"150\" src=\"https:\/\/oldtimer-veranstaltung.de\/kalender\/wp-content\/uploads\/2014\/04\/Schlueter-Oldtimertreffen-150x150.jpg\" class=\"attachment-thumbnail size-thumbnail\" alt=\"Schl\u00fcter und Oldtimertreffen\" aria-describedby=\"gallery-1-3578\" \/><\/a>\n\t\t\t<\/div>\n\t\t\t\t<figcaption class='wp-caption-text gallery-caption' id='gallery-1-3578'>\n\t\t\t\tSchl\u00fcter und Oldtimertreffen\n\t\t\t\t<\/figcaption><\/figure><figure class='gallery-item'>\n\t\t\t<div class='gallery-icon portrait'>\n\t\t\t\t<a href='https:\/\/oldtimer-veranstaltung.de\/kalender\/wp-content\/uploads\/2013\/10\/Rund-um-Berlin-Classic.jpg'><img loading=\"lazy\" decoding=\"async\" width=\"150\" height=\"150\" src=\"https:\/\/oldtimer-veranstaltung.de\/kalender\/wp-content\/uploads\/2013\/10\/Rund-um-Berlin-Classic-150x150.jpg\" class=\"attachment-thumbnail size-thumbnail\" alt=\"Rund um Berlin Classic\" aria-describedby=\"gallery-1-2242\" \/><\/a>\n\t\t\t<\/div>\n\t\t\t\t<figcaption class='wp-caption-text gallery-caption' id='gallery-1-2242'>\n\t\t\t\tRund um Berlin Classic\n\t\t\t\t<\/figcaption><\/figure><figure class='gallery-item'>\n\t\t\t<div class='gallery-icon portrait'>\n\t\t\t\t<a href='https:\/\/oldtimer-veranstaltung.de\/kalender\/wp-content\/uploads\/2014\/06\/Corvette-Treffen-Speyer-2014.jpg'><img loading=\"lazy\" decoding=\"async\" width=\"150\" height=\"150\" src=\"https:\/\/oldtimer-veranstaltung.de\/kalender\/wp-content\/uploads\/2014\/06\/Corvette-Treffen-Speyer-2014-150x150.jpg\" class=\"attachment-thumbnail size-thumbnail\" alt=\"Corvette Treffen Speyer 2014\" aria-describedby=\"gallery-1-4197\" \/><\/a>\n\t\t\t<\/div>\n\t\t\t\t<figcaption class='wp-caption-text gallery-caption' id='gallery-1-4197'>\n\t\t\t\tCorvette Treffen Speyer 2014\n\t\t\t\t<\/figcaption><\/figure><figure class='gallery-item'>\n\t\t\t<div class='gallery-icon portrait'>\n\t\t\t\t<a href='https:\/\/oldtimer-veranstaltung.de\/kalender\/wp-content\/uploads\/2014\/03\/Vollgas-Rennspass-Velodrom.jpg'><img loading=\"lazy\" decoding=\"async\" width=\"150\" height=\"150\" src=\"https:\/\/oldtimer-veranstaltung.de\/kalender\/wp-content\/uploads\/2014\/03\/Vollgas-Rennspass-Velodrom-150x150.jpg\" class=\"attachment-thumbnail size-thumbnail\" alt=\"Vollgas Rennspass Velodrom Darmstadt\" aria-describedby=\"gallery-1-3345\" \/><\/a>\n\t\t\t<\/div>\n\t\t\t\t<figcaption class='wp-caption-text gallery-caption' id='gallery-1-3345'>\n\t\t\t\tVollgas Rennspass Velodrom Darmstadt\n\t\t\t\t<\/figcaption><\/figure><figure class='gallery-item'>\n\t\t\t<div class='gallery-icon portrait'>\n\t\t\t\t<a href='https:\/\/oldtimer-veranstaltung.de\/kalender\/wp-content\/uploads\/2014\/01\/Grand-Prix-Retro-d\u00ddvois.jpg'><img loading=\"lazy\" decoding=\"async\" width=\"150\" height=\"150\" src=\"https:\/\/oldtimer-veranstaltung.de\/kalender\/wp-content\/uploads\/2014\/01\/Grand-Prix-Retro-d\u00ddvois-150x150.jpg\" class=\"attachment-thumbnail size-thumbnail\" alt=\"Grand Prix Retro d\u00ddvois\" aria-describedby=\"gallery-1-3052\" \/><\/a>\n\t\t\t<\/div>\n\t\t\t\t<figcaption class='wp-caption-text gallery-caption' id='gallery-1-3052'>\n\t\t\t\tGrand Prix Retro d\u00ddvois\n\t\t\t\t<\/figcaption><\/figure><figure class='gallery-item'>\n\t\t\t<div class='gallery-icon portrait'>\n\t\t\t\t<a href='https:\/\/oldtimer-veranstaltung.de\/kalender\/wp-content\/uploads\/2014\/05\/OCRM-Classic-Days-2014.jpg'><img loading=\"lazy\" decoding=\"async\" width=\"150\" height=\"150\" src=\"https:\/\/oldtimer-veranstaltung.de\/kalender\/wp-content\/uploads\/2014\/05\/OCRM-Classic-Days-2014-150x150.jpg\" class=\"attachment-thumbnail size-thumbnail\" alt=\"OCRM Classic Days 2014\" aria-describedby=\"gallery-1-4065\" \/><\/a>\n\t\t\t<\/div>\n\t\t\t\t<figcaption class='wp-caption-text gallery-caption' id='gallery-1-4065'>\n\t\t\t\tOCRM Classic Days 2014\n\t\t\t\t<\/figcaption><\/figure><figure class='gallery-item'>\n\t\t\t<div class='gallery-icon portrait'>\n\t\t\t\t<a href='https:\/\/oldtimer-veranstaltung.de\/kalender\/wp-content\/uploads\/2014\/05\/Opel-Jahrestreffen.jpg'><img loading=\"lazy\" decoding=\"async\" width=\"150\" height=\"150\" src=\"https:\/\/oldtimer-veranstaltung.de\/kalender\/wp-content\/uploads\/2014\/05\/Opel-Jahrestreffen-150x150.jpg\" class=\"attachment-thumbnail size-thumbnail\" alt=\"Opel Jahrestreffen\" aria-describedby=\"gallery-1-3833\" \/><\/a>\n\t\t\t<\/div>\n\t\t\t\t<figcaption class='wp-caption-text gallery-caption' id='gallery-1-3833'>\n\t\t\t\tOpel Jahrestreffen\n\t\t\t\t<\/figcaption><\/figure><figure class='gallery-item'>\n\t\t\t<div class='gallery-icon landscape'>\n\t\t\t\t<a href='https:\/\/oldtimer-veranstaltung.de\/kalender\/wp-content\/uploads\/2013\/10\/Logo_Bairersbronn-Classic.jpg'><img loading=\"lazy\" decoding=\"async\" width=\"150\" height=\"150\" src=\"https:\/\/oldtimer-veranstaltung.de\/kalender\/wp-content\/uploads\/2013\/10\/Logo_Bairersbronn-Classic-150x150.jpg\" class=\"attachment-thumbnail size-thumbnail\" alt=\"Bairersbronn Classic\" aria-describedby=\"gallery-1-3074\" \/><\/a>\n\t\t\t<\/div>\n\t\t\t\t<figcaption class='wp-caption-text gallery-caption' id='gallery-1-3074'>\n\t\t\t\tBairersbronn Classic\n\t\t\t\t<\/figcaption><\/figure><figure class='gallery-item'>\n\t\t\t<div class='gallery-icon portrait'>\n\t\t\t\t<a href='https:\/\/oldtimer-veranstaltung.de\/kalender\/wp-content\/uploads\/2014\/03\/Bruder-Straubing-Classic.jpg'><img loading=\"lazy\" decoding=\"async\" width=\"150\" height=\"150\" src=\"https:\/\/oldtimer-veranstaltung.de\/kalender\/wp-content\/uploads\/2014\/03\/Bruder-Straubing-Classic-150x150.jpg\" class=\"attachment-thumbnail size-thumbnail\" alt=\"Bruder Straubing Classic\" aria-describedby=\"gallery-1-3494\" \/><\/a>\n\t\t\t<\/div>\n\t\t\t\t<figcaption class='wp-caption-text gallery-caption' id='gallery-1-3494'>\n\t\t\t\tBruder Straubing Classic\n\t\t\t\t<\/figcaption><\/figure><figure class='gallery-item'>\n\t\t\t<div class='gallery-icon portrait'>\n\t\t\t\t<a href='https:\/\/oldtimer-veranstaltung.de\/kalender\/wp-content\/uploads\/2013\/11\/Caracciola-Cup-2014.jpg'><img loading=\"lazy\" decoding=\"async\" width=\"150\" height=\"150\" src=\"https:\/\/oldtimer-veranstaltung.de\/kalender\/wp-content\/uploads\/2013\/11\/Caracciola-Cup-2014-150x150.jpg\" class=\"attachment-thumbnail size-thumbnail\" alt=\"Caracciola Cup 2014\" aria-describedby=\"gallery-1-2317\" \/><\/a>\n\t\t\t<\/div>\n\t\t\t\t<figcaption class='wp-caption-text gallery-caption' id='gallery-1-2317'>\n\t\t\t\tCaracciola Cup 2014\n\t\t\t\t<\/figcaption><\/figure><figure class='gallery-item'>\n\t\t\t<div class='gallery-icon portrait'>\n\t\t\t\t<a href='https:\/\/oldtimer-veranstaltung.de\/kalender\/wp-content\/uploads\/2014\/08\/Oldtimerfest-Dampfdreschen.jpg'><img loading=\"lazy\" decoding=\"async\" width=\"150\" height=\"150\" src=\"https:\/\/oldtimer-veranstaltung.de\/kalender\/wp-content\/uploads\/2014\/08\/Oldtimerfest-Dampfdreschen-150x150.jpg\" class=\"attachment-thumbnail size-thumbnail\" alt=\"Oldtimerfest Dampfdreschen\" aria-describedby=\"gallery-1-4771\" \/><\/a>\n\t\t\t<\/div>\n\t\t\t\t<figcaption class='wp-caption-text gallery-caption' id='gallery-1-4771'>\n\t\t\t\tOldtimerfest Dampfdreschen\n\t\t\t\t<\/figcaption><\/figure><figure class='gallery-item'>\n\t\t\t<div class='gallery-icon landscape'>\n\t\t\t\t<a href='https:\/\/oldtimer-veranstaltung.de\/kalender\/wp-content\/uploads\/2014\/07\/klassiker-Tage-Schleswig-Holstein.jpg'><img loading=\"lazy\" decoding=\"async\" width=\"150\" height=\"120\" src=\"https:\/\/oldtimer-veranstaltung.de\/kalender\/wp-content\/uploads\/2014\/07\/klassiker-Tage-Schleswig-Holstein-150x120.jpg\" class=\"attachment-thumbnail size-thumbnail\" alt=\"Klassiker-Tage Schleswig-Holstein in Neum\u00fcnster\" aria-describedby=\"gallery-1-4462\" \/><\/a>\n\t\t\t<\/div>\n\t\t\t\t<figcaption class='wp-caption-text gallery-caption' id='gallery-1-4462'>\n\t\t\t\tKlassiker-Tage Schleswig-Holstein in Neum\u00fcnster\n\t\t\t\t<\/figcaption><\/figure><figure class='gallery-item'>\n\t\t\t<div class='gallery-icon portrait'>\n\t\t\t\t<a href='https:\/\/oldtimer-veranstaltung.de\/kalender\/wp-content\/uploads\/2014\/04\/Kevelaerer-Oldtimer-Ausfahrt.jpg'><img loading=\"lazy\" decoding=\"async\" width=\"150\" height=\"150\" src=\"https:\/\/oldtimer-veranstaltung.de\/kalender\/wp-content\/uploads\/2014\/04\/Kevelaerer-Oldtimer-Ausfahrt-150x150.jpg\" class=\"attachment-thumbnail size-thumbnail\" alt=\"Kevelaerer Oldtimer Ausfahrt\" aria-describedby=\"gallery-1-3600\" \/><\/a>\n\t\t\t<\/div>\n\t\t\t\t<figcaption class='wp-caption-text gallery-caption' id='gallery-1-3600'>\n\t\t\t\tKevelaerer Oldtimer Ausfahrt\n\t\t\t\t<\/figcaption><\/figure><figure class='gallery-item'>\n\t\t\t<div class='gallery-icon portrait'>\n\t\t\t\t<a href='https:\/\/oldtimer-veranstaltung.de\/kalender\/wp-content\/uploads\/2014\/05\/Muehlheimer-Kaefer-und-Oldtimertreffen.jpg'><img loading=\"lazy\" decoding=\"async\" width=\"150\" height=\"150\" src=\"https:\/\/oldtimer-veranstaltung.de\/kalender\/wp-content\/uploads\/2014\/05\/Muehlheimer-Kaefer-und-Oldtimertreffen-150x150.jpg\" class=\"attachment-thumbnail size-thumbnail\" alt=\"M\u00fchlheimer K\u00e4fer und Oldtimertreffen\" aria-describedby=\"gallery-1-3911\" \/><\/a>\n\t\t\t<\/div>\n\t\t\t\t<figcaption class='wp-caption-text gallery-caption' id='gallery-1-3911'>\n\t\t\t\tM\u00fchlheimer K\u00e4fer und Oldtimertreffen\n\t\t\t\t<\/figcaption><\/figure><figure class='gallery-item'>\n\t\t\t<div class='gallery-icon portrait'>\n\t\t\t\t<a href='https:\/\/oldtimer-veranstaltung.de\/kalender\/wp-content\/uploads\/2014\/06\/Legenden-in-Lemgo.jpg'><img loading=\"lazy\" decoding=\"async\" width=\"150\" height=\"150\" src=\"https:\/\/oldtimer-veranstaltung.de\/kalender\/wp-content\/uploads\/2014\/06\/Legenden-in-Lemgo-150x150.jpg\" class=\"attachment-thumbnail size-thumbnail\" alt=\"Oldtimer-Treffen: Legenden in Lemgo\" aria-describedby=\"gallery-1-4220\" \/><\/a>\n\t\t\t<\/div>\n\t\t\t\t<figcaption class='wp-caption-text gallery-caption' id='gallery-1-4220'>\n\t\t\t\tOldtimer-Treffen: Legenden in Lemgo\n\t\t\t\t<\/figcaption><\/figure><figure class='gallery-item'>\n\t\t\t<div class='gallery-icon portrait'>\n\t\t\t\t<a href='https:\/\/oldtimer-veranstaltung.de\/kalender\/wp-content\/uploads\/2014\/05\/Europa-Klassik-am-Rheintor.jpg'><img loading=\"lazy\" decoding=\"async\" width=\"150\" height=\"150\" src=\"https:\/\/oldtimer-veranstaltung.de\/kalender\/wp-content\/uploads\/2014\/05\/Europa-Klassik-am-Rheintor-150x150.jpg\" class=\"attachment-thumbnail size-thumbnail\" alt=\"Europa-Klassik am Rheintor Andernach\" aria-describedby=\"gallery-1-4335\" \/><\/a>\n\t\t\t<\/div>\n\t\t\t\t<figcaption class='wp-caption-text gallery-caption' id='gallery-1-4335'>\n\t\t\t\tEuropa-Klassik am Rheintor Andernach\n\t\t\t\t<\/figcaption><\/figure><figure class='gallery-item'>\n\t\t\t<div class='gallery-icon landscape'>\n\t\t\t\t<a href='https:\/\/oldtimer-veranstaltung.de\/kalender\/wp-content\/uploads\/2013\/12\/Kremstal-Classic.jpg'><img loading=\"lazy\" decoding=\"async\" width=\"150\" height=\"150\" src=\"https:\/\/oldtimer-veranstaltung.de\/kalender\/wp-content\/uploads\/2013\/12\/Kremstal-Classic-150x150.jpg\" class=\"attachment-thumbnail size-thumbnail\" alt=\"Kremstal-Classic\" aria-describedby=\"gallery-1-2637\" \/><\/a>\n\t\t\t<\/div>\n\t\t\t\t<figcaption class='wp-caption-text gallery-caption' id='gallery-1-2637'>\n\t\t\t\tKremstal-Classic\n\t\t\t\t<\/figcaption><\/figure><figure class='gallery-item'>\n\t\t\t<div class='gallery-icon landscape'>\n\t\t\t\t<a href='https:\/\/oldtimer-veranstaltung.de\/kalender\/wp-content\/uploads\/2014\/09\/Oldtimertreffen-Ransbach-Baumbach.jpg'><img loading=\"lazy\" decoding=\"async\" width=\"150\" height=\"150\" src=\"https:\/\/oldtimer-veranstaltung.de\/kalender\/wp-content\/uploads\/2014\/09\/Oldtimertreffen-Ransbach-Baumbach-150x150.jpg\" class=\"attachment-thumbnail size-thumbnail\" alt=\"Oldtimertreffen Ransbach-Baumbach\" aria-describedby=\"gallery-1-4845\" \/><\/a>\n\t\t\t<\/div>\n\t\t\t\t<figcaption class='wp-caption-text gallery-caption' id='gallery-1-4845'>\n\t\t\t\tOldtimertreffen Ransbach-Baumbach\n\t\t\t\t<\/figcaption><\/figure><figure class='gallery-item'>\n\t\t\t<div class='gallery-icon portrait'>\n\t\t\t\t<a href='https:\/\/oldtimer-veranstaltung.de\/kalender\/wp-content\/uploads\/2014\/03\/Oldtimer-Festival.jpg'><img loading=\"lazy\" decoding=\"async\" width=\"150\" height=\"150\" src=\"https:\/\/oldtimer-veranstaltung.de\/kalender\/wp-content\/uploads\/2014\/03\/Oldtimer-Festival-150x150.jpg\" class=\"attachment-thumbnail size-thumbnail\" alt=\"Oldtimer Festival Zilly\" aria-describedby=\"gallery-1-3463\" \/><\/a>\n\t\t\t<\/div>\n\t\t\t\t<figcaption class='wp-caption-text gallery-caption' id='gallery-1-3463'>\n\t\t\t\tOldtimer Festival Zilly\n\t\t\t\t<\/figcaption><\/figure><figure class='gallery-item'>\n\t\t\t<div class='gallery-icon portrait'>\n\t\t\t\t<a href='https:\/\/oldtimer-veranstaltung.de\/kalender\/wp-content\/uploads\/2014\/09\/Saxonia-100-Dresden.jpg'><img loading=\"lazy\" decoding=\"async\" width=\"150\" height=\"150\" src=\"https:\/\/oldtimer-veranstaltung.de\/kalender\/wp-content\/uploads\/2014\/09\/Saxonia-100-Dresden-150x150.jpg\" class=\"attachment-thumbnail size-thumbnail\" alt=\"Saxonia 100 Dresden\" aria-describedby=\"gallery-1-4898\" \/><\/a>\n\t\t\t<\/div>\n\t\t\t\t<figcaption class='wp-caption-text gallery-caption' id='gallery-1-4898'>\n\t\t\t\tSaxonia 100 Dresden\n\t\t\t\t<\/figcaption><\/figure><figure class='gallery-item'>\n\t\t\t<div class='gallery-icon portrait'>\n\t\t\t\t<a href='https:\/\/oldtimer-veranstaltung.de\/kalender\/wp-content\/uploads\/2013\/10\/kaefertreffen-woerth-donau.jpg'><img loading=\"lazy\" decoding=\"async\" width=\"150\" height=\"150\" src=\"https:\/\/oldtimer-veranstaltung.de\/kalender\/wp-content\/uploads\/2013\/10\/kaefertreffen-woerth-donau-150x150.jpg\" class=\"attachment-thumbnail size-thumbnail\" alt=\"K\u00e4fertreffen W\u00f6rth an der Donau\" aria-describedby=\"gallery-1-4068\" \/><\/a>\n\t\t\t<\/div>\n\t\t\t\t<figcaption class='wp-caption-text gallery-caption' id='gallery-1-4068'>\n\t\t\t\tK\u00e4fertreffen W\u00f6rth an der Donau\n\t\t\t\t<\/figcaption><\/figure><figure class='gallery-item'>\n\t\t\t<div class='gallery-icon portrait'>\n\t\t\t\t<a href='https:\/\/oldtimer-veranstaltung.de\/kalender\/wp-content\/uploads\/2014\/06\/Weidaer-Dreieck-Riesa-Mautitz.jpg'><img loading=\"lazy\" decoding=\"async\" width=\"150\" height=\"150\" src=\"https:\/\/oldtimer-veranstaltung.de\/kalender\/wp-content\/uploads\/2014\/06\/Weidaer-Dreieck-Riesa-Mautitz-150x150.jpg\" class=\"attachment-thumbnail size-thumbnail\" alt=\"Weidaer Dreieck Riesa-Mautitz\" aria-describedby=\"gallery-1-4330\" \/><\/a>\n\t\t\t<\/div>\n\t\t\t\t<figcaption class='wp-caption-text gallery-caption' id='gallery-1-4330'>\n\t\t\t\tWeidaer Dreieck Riesa-Mautitz\n\t\t\t\t<\/figcaption><\/figure><figure class='gallery-item'>\n\t\t\t<div class='gallery-icon portrait'>\n\t\t\t\t<a href='https:\/\/oldtimer-veranstaltung.de\/kalender\/wp-content\/uploads\/2014\/04\/Fliegerfest-Pattonville.jpg'><img loading=\"lazy\" decoding=\"async\" width=\"150\" height=\"150\" src=\"https:\/\/oldtimer-veranstaltung.de\/kalender\/wp-content\/uploads\/2014\/04\/Fliegerfest-Pattonville-150x150.jpg\" class=\"attachment-thumbnail size-thumbnail\" alt=\"Fliegerfest Flugplatz Pattonville\" aria-describedby=\"gallery-1-3754\" \/><\/a>\n\t\t\t<\/div>\n\t\t\t\t<figcaption class='wp-caption-text gallery-caption' id='gallery-1-3754'>\n\t\t\t\tFliegerfest Flugplatz Pattonville\n\t\t\t\t<\/figcaption><\/figure><figure class='gallery-item'>\n\t\t\t<div class='gallery-icon portrait'>\n\t\t\t\t<a href='https:\/\/oldtimer-veranstaltung.de\/kalender\/wp-content\/uploads\/2014\/03\/historisches-festival.jpg'><img loading=\"lazy\" decoding=\"async\" width=\"150\" height=\"150\" src=\"https:\/\/oldtimer-veranstaltung.de\/kalender\/wp-content\/uploads\/2014\/03\/historisches-festival-150x150.jpg\" class=\"attachment-thumbnail size-thumbnail\" alt=\"Internationales historisches Festival\" aria-describedby=\"gallery-1-3434\" \/><\/a>\n\t\t\t<\/div>\n\t\t\t\t<figcaption class='wp-caption-text gallery-caption' id='gallery-1-3434'>\n\t\t\t\tInternationales historisches Festival\n\t\t\t\t<\/figcaption><\/figure><figure class='gallery-item'>\n\t\t\t<div class='gallery-icon landscape'>\n\t\t\t\t<a href='https:\/\/oldtimer-veranstaltung.de\/kalender\/wp-content\/uploads\/2014\/09\/Vintage-Revival-Zandvoort.jpg'><img loading=\"lazy\" decoding=\"async\" width=\"150\" height=\"150\" src=\"https:\/\/oldtimer-veranstaltung.de\/kalender\/wp-content\/uploads\/2014\/09\/Vintage-Revival-Zandvoort-150x150.jpg\" class=\"attachment-thumbnail size-thumbnail\" alt=\"Vintage Revival Zandvoort\" aria-describedby=\"gallery-1-4821\" \/><\/a>\n\t\t\t<\/div>\n\t\t\t\t<figcaption class='wp-caption-text gallery-caption' id='gallery-1-4821'>\n\t\t\t\tVintage Revival Zandvoort\n\t\t\t\t<\/figcaption><\/figure><figure class='gallery-item'>\n\t\t\t<div class='gallery-icon portrait'>\n\t\t\t\t<a href='https:\/\/oldtimer-veranstaltung.de\/kalender\/wp-content\/uploads\/2013\/10\/Oldtimertage-Berlin-Brandenburg.jpg'><img loading=\"lazy\" decoding=\"async\" width=\"150\" height=\"150\" src=\"https:\/\/oldtimer-veranstaltung.de\/kalender\/wp-content\/uploads\/2013\/10\/Oldtimertage-Berlin-Brandenburg-150x150.jpg\" class=\"attachment-thumbnail size-thumbnail\" alt=\"Oldtimertage Berlin Brandenburg\" aria-describedby=\"gallery-1-3645\" \/><\/a>\n\t\t\t<\/div>\n\t\t\t\t<figcaption class='wp-caption-text gallery-caption' id='gallery-1-3645'>\n\t\t\t\tOldtimertage Berlin Brandenburg\n\t\t\t\t<\/figcaption><\/figure><figure class='gallery-item'>\n\t\t\t<div class='gallery-icon landscape'>\n\t\t\t\t<a href='https:\/\/oldtimer-veranstaltung.de\/kalender\/wp-content\/uploads\/2014\/06\/Bikertreff-Krefeld.jpg'><img loading=\"lazy\" decoding=\"async\" width=\"150\" height=\"150\" src=\"https:\/\/oldtimer-veranstaltung.de\/kalender\/wp-content\/uploads\/2014\/06\/Bikertreff-Krefeld-150x150.jpg\" class=\"attachment-thumbnail size-thumbnail\" alt=\"Bikertreff Krefeld\" aria-describedby=\"gallery-1-4377\" \/><\/a>\n\t\t\t<\/div>\n\t\t\t\t<figcaption class='wp-caption-text gallery-caption' id='gallery-1-4377'>\n\t\t\t\tBikertreff Krefeld\n\t\t\t\t<\/figcaption><\/figure><figure class='gallery-item'>\n\t\t\t<div class='gallery-icon portrait'>\n\t\t\t\t<a href='https:\/\/oldtimer-veranstaltung.de\/kalender\/wp-content\/uploads\/2014\/02\/Auto-Motor-Klassik-Messe-Basel.jpg'><img loading=\"lazy\" decoding=\"async\" width=\"150\" height=\"150\" src=\"https:\/\/oldtimer-veranstaltung.de\/kalender\/wp-content\/uploads\/2014\/02\/Auto-Motor-Klassik-Messe-Basel-150x150.jpg\" class=\"attachment-thumbnail size-thumbnail\" alt=\"Auto Motor Klassik Messe Basel\" aria-describedby=\"gallery-1-3222\" \/><\/a>\n\t\t\t<\/div>\n\t\t\t\t<figcaption class='wp-caption-text gallery-caption' id='gallery-1-3222'>\n\t\t\t\tAuto Motor Klassik Messe Basel\n\t\t\t\t<\/figcaption><\/figure><figure class='gallery-item'>\n\t\t\t<div class='gallery-icon portrait'>\n\t\t\t\t<a href='https:\/\/oldtimer-veranstaltung.de\/kalender\/wp-content\/uploads\/2013\/10\/Saison-Auftakt-2014.jpg'><img loading=\"lazy\" decoding=\"async\" width=\"150\" height=\"150\" src=\"https:\/\/oldtimer-veranstaltung.de\/kalender\/wp-content\/uploads\/2013\/10\/Saison-Auftakt-2014-150x150.jpg\" class=\"attachment-thumbnail size-thumbnail\" alt=\"Saisonauftakt Oldtimer Szene Osnabr\u00fcck 2014\" aria-describedby=\"gallery-1-2165\" \/><\/a>\n\t\t\t<\/div>\n\t\t\t\t<figcaption class='wp-caption-text gallery-caption' id='gallery-1-2165'>\n\t\t\t\tSaisonauftakt Oldtimer Szene Osnabr\u00fcck 2014\n\t\t\t\t<\/figcaption><\/figure><figure class='gallery-item'>\n\t\t\t<div class='gallery-icon portrait'>\n\t\t\t\t<a href='https:\/\/oldtimer-veranstaltung.de\/kalender\/wp-content\/uploads\/2014\/07\/Riedlinger-Oldtimertreffen.jpg'><img loading=\"lazy\" decoding=\"async\" width=\"150\" height=\"150\" src=\"https:\/\/oldtimer-veranstaltung.de\/kalender\/wp-content\/uploads\/2014\/07\/Riedlinger-Oldtimertreffen-150x150.jpg\" class=\"attachment-thumbnail size-thumbnail\" alt=\"Riedlinger Oldtimertreffen\" aria-describedby=\"gallery-1-4469\" \/><\/a>\n\t\t\t<\/div>\n\t\t\t\t<figcaption class='wp-caption-text gallery-caption' id='gallery-1-4469'>\n\t\t\t\tRiedlinger Oldtimertreffen\n\t\t\t\t<\/figcaption><\/figure><figure class='gallery-item'>\n\t\t\t<div class='gallery-icon portrait'>\n\t\t\t\t<a href='https:\/\/oldtimer-veranstaltung.de\/kalender\/wp-content\/uploads\/2013\/10\/Saisonabschluss-amerikanische-Oldtimer.jpg'><img loading=\"lazy\" decoding=\"async\" width=\"150\" height=\"150\" src=\"https:\/\/oldtimer-veranstaltung.de\/kalender\/wp-content\/uploads\/2013\/10\/Saisonabschluss-amerikanische-Oldtimer-150x150.jpg\" class=\"attachment-thumbnail size-thumbnail\" alt=\"Saisonabschluss amerikanische Oldtimer\" aria-describedby=\"gallery-1-2155\" \/><\/a>\n\t\t\t<\/div>\n\t\t\t\t<figcaption class='wp-caption-text gallery-caption' id='gallery-1-2155'>\n\t\t\t\tSaisonabschluss mit amerikanischen Oldtimern\n\t\t\t\t<\/figcaption><\/figure><figure class='gallery-item'>\n\t\t\t<div class='gallery-icon portrait'>\n\t\t\t\t<a href='https:\/\/oldtimer-veranstaltung.de\/kalender\/wp-content\/uploads\/2014\/08\/Laerer-Oldtimer-Treffen.jpg'><img loading=\"lazy\" decoding=\"async\" width=\"150\" height=\"150\" src=\"https:\/\/oldtimer-veranstaltung.de\/kalender\/wp-content\/uploads\/2014\/08\/Laerer-Oldtimer-Treffen-150x150.jpg\" class=\"attachment-thumbnail size-thumbnail\" alt=\"Laerer Oldtimer-Treffen\" aria-describedby=\"gallery-1-4674\" \/><\/a>\n\t\t\t<\/div>\n\t\t\t\t<figcaption class='wp-caption-text gallery-caption' id='gallery-1-4674'>\n\t\t\t\tLaerer Oldtimer-Treffen\n\t\t\t\t<\/figcaption><\/figure><figure class='gallery-item'>\n\t\t\t<div class='gallery-icon portrait'>\n\t\t\t\t<a href='https:\/\/oldtimer-veranstaltung.de\/kalender\/wp-content\/uploads\/2014\/11\/Museum-Dr.Carl-Benz_Ladenburg.jpg'><img loading=\"lazy\" decoding=\"async\" width=\"150\" height=\"150\" src=\"https:\/\/oldtimer-veranstaltung.de\/kalender\/wp-content\/uploads\/2014\/11\/Museum-Dr.Carl-Benz_Ladenburg-150x150.jpg\" class=\"attachment-thumbnail size-thumbnail\" alt=\"Museum Dr.Carl Benz Ladenburg\" aria-describedby=\"gallery-1-5920\" \/><\/a>\n\t\t\t<\/div>\n\t\t\t\t<figcaption class='wp-caption-text gallery-caption' id='gallery-1-5920'>\n\t\t\t\tMuseum Dr.Carl Benz Ladenburg\n\t\t\t\t<\/figcaption><\/figure><figure class='gallery-item'>\n\t\t\t<div class='gallery-icon portrait'>\n\t\t\t\t<a href='https:\/\/oldtimer-veranstaltung.de\/kalender\/wp-content\/uploads\/2013\/07\/Winterrallye-Steiermark.jpg'><img loading=\"lazy\" decoding=\"async\" width=\"150\" height=\"150\" src=\"https:\/\/oldtimer-veranstaltung.de\/kalender\/wp-content\/uploads\/2013\/07\/Winterrallye-Steiermark-150x150.jpg\" class=\"attachment-thumbnail size-thumbnail\" alt=\"Winterrallye Steiermark 2014\" aria-describedby=\"gallery-1-2527\" \/><\/a>\n\t\t\t<\/div>\n\t\t\t\t<figcaption class='wp-caption-text gallery-caption' id='gallery-1-2527'>\n\t\t\t\tWinterrallye Steiermark 2014\n\t\t\t\t<\/figcaption><\/figure><figure class='gallery-item'>\n\t\t\t<div class='gallery-icon portrait'>\n\t\t\t\t<a href='https:\/\/oldtimer-veranstaltung.de\/kalender\/wp-content\/uploads\/2014\/06\/Rund-um-das-Goettinger-Gaenseliesel.jpg'><img loading=\"lazy\" decoding=\"async\" width=\"150\" height=\"150\" src=\"https:\/\/oldtimer-veranstaltung.de\/kalender\/wp-content\/uploads\/2014\/06\/Rund-um-das-Goettinger-Gaenseliesel-150x150.jpg\" class=\"attachment-thumbnail size-thumbnail\" alt=\"Rund um das G\u00f6ttinger G\u00e4nseliesel\" aria-describedby=\"gallery-1-4350\" \/><\/a>\n\t\t\t<\/div>\n\t\t\t\t<figcaption class='wp-caption-text gallery-caption' id='gallery-1-4350'>\n\t\t\t\tRund um das G\u00f6ttinger G\u00e4nseliesel\n\t\t\t\t<\/figcaption><\/figure><figure class='gallery-item'>\n\t\t\t<div class='gallery-icon landscape'>\n\t\t\t\t<a href='https:\/\/oldtimer-veranstaltung.de\/kalender\/wp-content\/uploads\/2014\/02\/msc_oldtimertreffen.jpg'><img loading=\"lazy\" decoding=\"async\" width=\"150\" height=\"150\" src=\"https:\/\/oldtimer-veranstaltung.de\/kalender\/wp-content\/uploads\/2014\/02\/msc_oldtimertreffen-150x150.jpg\" class=\"attachment-thumbnail size-thumbnail\" alt=\"Oldtimertreffen Mitwitz\" aria-describedby=\"gallery-1-3268\" \/><\/a>\n\t\t\t<\/div>\n\t\t\t\t<figcaption class='wp-caption-text gallery-caption' id='gallery-1-3268'>\n\t\t\t\tOldtimertreffen Mitwitz\n\t\t\t\t<\/figcaption><\/figure><figure class='gallery-item'>\n\t\t\t<div class='gallery-icon portrait'>\n\t\t\t\t<a href='https:\/\/oldtimer-veranstaltung.de\/kalender\/wp-content\/uploads\/2014\/04\/grossneuhaeuser-oldtimertreffen.jpg'><img loading=\"lazy\" decoding=\"async\" width=\"150\" height=\"150\" src=\"https:\/\/oldtimer-veranstaltung.de\/kalender\/wp-content\/uploads\/2014\/04\/grossneuhaeuser-oldtimertreffen-150x150.jpg\" class=\"attachment-thumbnail size-thumbnail\" alt=\"Grossneuh\u00e4user Oldtimertreffen\" aria-describedby=\"gallery-1-3583\" \/><\/a>\n\t\t\t<\/div>\n\t\t\t\t<figcaption class='wp-caption-text gallery-caption' id='gallery-1-3583'>\n\t\t\t\tGrossneuh\u00e4user Oldtimertreffen\n\t\t\t\t<\/figcaption><\/figure><figure class='gallery-item'>\n\t\t\t<div class='gallery-icon portrait'>\n\t\t\t\t<a href='https:\/\/oldtimer-veranstaltung.de\/kalender\/wp-content\/uploads\/2013\/12\/Sommerfest-Oldtimer-Trikes.jpg'><img loading=\"lazy\" decoding=\"async\" width=\"150\" height=\"150\" src=\"https:\/\/oldtimer-veranstaltung.de\/kalender\/wp-content\/uploads\/2013\/12\/Sommerfest-Oldtimer-Trikes-150x150.jpg\" class=\"attachment-thumbnail size-thumbnail\" alt=\"Sommerfest Oldtimer und Trikes\" aria-describedby=\"gallery-1-4024\" \/><\/a>\n\t\t\t<\/div>\n\t\t\t\t<figcaption class='wp-caption-text gallery-caption' id='gallery-1-4024'>\n\t\t\t\tSommerfest Oldtimer und Trikes\n\t\t\t\t<\/figcaption><\/figure><figure class='gallery-item'>\n\t\t\t<div class='gallery-icon landscape'>\n\t\t\t\t<a href='https:\/\/oldtimer-veranstaltung.de\/kalender\/wp-content\/uploads\/2013\/12\/Grosser-Preis-von-Bayern.jpg'><img loading=\"lazy\" decoding=\"async\" width=\"150\" height=\"150\" src=\"https:\/\/oldtimer-veranstaltung.de\/kalender\/wp-content\/uploads\/2013\/12\/Grosser-Preis-von-Bayern-150x150.jpg\" class=\"attachment-thumbnail size-thumbnail\" alt=\"Grosser Preis von Bayern\" aria-describedby=\"gallery-1-2805\" \/><\/a>\n\t\t\t<\/div>\n\t\t\t\t<figcaption class='wp-caption-text gallery-caption' id='gallery-1-2805'>\n\t\t\t\tGrosser Preis von Bayern\n\t\t\t\t<\/figcaption><\/figure><figure class='gallery-item'>\n\t\t\t<div class='gallery-icon portrait'>\n\t\t\t\t<a href='https:\/\/oldtimer-veranstaltung.de\/kalender\/wp-content\/uploads\/2013\/12\/Rossfeld-Plakatmotiv.jpg'><img loading=\"lazy\" decoding=\"async\" width=\"150\" height=\"150\" src=\"https:\/\/oldtimer-veranstaltung.de\/kalender\/wp-content\/uploads\/2013\/12\/Rossfeld-Plakatmotiv-150x150.jpg\" class=\"attachment-thumbnail size-thumbnail\" alt=\"Rossfeld Plakatmotiv\" aria-describedby=\"gallery-1-2683\" \/><\/a>\n\t\t\t<\/div>\n\t\t\t\t<figcaption class='wp-caption-text gallery-caption' id='gallery-1-2683'>\n\t\t\t\tRossfeld Plakatmotiv\n\t\t\t\t<\/figcaption><\/figure><figure class='gallery-item'>\n\t\t\t<div class='gallery-icon portrait'>\n\t\t\t\t<a href='https:\/\/oldtimer-veranstaltung.de\/kalender\/wp-content\/uploads\/2013\/11\/Goeller-Classic.jpg'><img loading=\"lazy\" decoding=\"async\" width=\"150\" height=\"150\" src=\"https:\/\/oldtimer-veranstaltung.de\/kalender\/wp-content\/uploads\/2013\/11\/Goeller-Classic-150x150.jpg\" class=\"attachment-thumbnail size-thumbnail\" alt=\"Goeller-Classic\" aria-describedby=\"gallery-1-2304\" \/><\/a>\n\t\t\t<\/div>\n\t\t\t\t<figcaption class='wp-caption-text gallery-caption' id='gallery-1-2304'>\n\t\t\t\tGoeller-Classic\n\t\t\t\t<\/figcaption><\/figure><figure class='gallery-item'>\n\t\t\t<div class='gallery-icon portrait'>\n\t\t\t\t<a href='https:\/\/oldtimer-veranstaltung.de\/kalender\/wp-content\/uploads\/2014\/04\/Oldtimer-Treffen-Bad-Schwartau.jpg'><img loading=\"lazy\" decoding=\"async\" width=\"150\" height=\"150\" src=\"https:\/\/oldtimer-veranstaltung.de\/kalender\/wp-content\/uploads\/2014\/04\/Oldtimer-Treffen-Bad-Schwartau-150x150.jpg\" class=\"attachment-thumbnail size-thumbnail\" alt=\"Oldtimer-Treffen Bad-Schwartau\" aria-describedby=\"gallery-1-3558\" \/><\/a>\n\t\t\t<\/div>\n\t\t\t\t<figcaption class='wp-caption-text gallery-caption' id='gallery-1-3558'>\n\t\t\t\tOldtimer-Treffen Bad-Schwartau\n\t\t\t\t<\/figcaption><\/figure><figure class='gallery-item'>\n\t\t\t<div class='gallery-icon portrait'>\n\t\t\t\t<a href='https:\/\/oldtimer-veranstaltung.de\/kalender\/wp-content\/uploads\/2013\/12\/Circuit-des-Ardennes.png'><img loading=\"lazy\" decoding=\"async\" width=\"150\" height=\"150\" src=\"https:\/\/oldtimer-veranstaltung.de\/kalender\/wp-content\/uploads\/2013\/12\/Circuit-des-Ardennes-150x150.png\" class=\"attachment-thumbnail size-thumbnail\" alt=\"Circuit des Ardennes\" aria-describedby=\"gallery-1-2609\" \/><\/a>\n\t\t\t<\/div>\n\t\t\t\t<figcaption class='wp-caption-text gallery-caption' id='gallery-1-2609'>\n\t\t\t\tCircuit des Ardennes\n\t\t\t\t<\/figcaption><\/figure><figure class='gallery-item'>\n\t\t\t<div class='gallery-icon portrait'>\n\t\t\t\t<a href='https:\/\/oldtimer-veranstaltung.de\/kalender\/wp-content\/uploads\/2014\/03\/Oldtimertreffen-Mauterndorf.jpg'><img loading=\"lazy\" decoding=\"async\" width=\"150\" height=\"150\" src=\"https:\/\/oldtimer-veranstaltung.de\/kalender\/wp-content\/uploads\/2014\/03\/Oldtimertreffen-Mauterndorf-150x150.jpg\" class=\"attachment-thumbnail size-thumbnail\" alt=\"Oldtimertreffen Mauterndorf\" aria-describedby=\"gallery-1-3454\" \/><\/a>\n\t\t\t<\/div>\n\t\t\t\t<figcaption class='wp-caption-text gallery-caption' id='gallery-1-3454'>\n\t\t\t\tOldtimertreffen Mauterndorf\n\t\t\t\t<\/figcaption><\/figure><figure class='gallery-item'>\n\t\t\t<div class='gallery-icon portrait'>\n\t\t\t\t<a href='https:\/\/oldtimer-veranstaltung.de\/kalender\/wp-content\/uploads\/2013\/11\/Alpine-Challenge.jpg'><img loading=\"lazy\" decoding=\"async\" width=\"150\" height=\"150\" src=\"https:\/\/oldtimer-veranstaltung.de\/kalender\/wp-content\/uploads\/2013\/11\/Alpine-Challenge-150x150.jpg\" class=\"attachment-thumbnail size-thumbnail\" alt=\"Alpine Challenge\" aria-describedby=\"gallery-1-2741\" \/><\/a>\n\t\t\t<\/div>\n\t\t\t\t<figcaption class='wp-caption-text gallery-caption' id='gallery-1-2741'>\n\t\t\t\tAlpine Challenge\n\t\t\t\t<\/figcaption><\/figure><figure class='gallery-item'>\n\t\t\t<div class='gallery-icon portrait'>\n\t\t\t\t<a href='https:\/\/oldtimer-veranstaltung.de\/kalender\/wp-content\/uploads\/2014\/06\/Feuerwehr-Dreieich-Offenthal.jpg'><img loading=\"lazy\" decoding=\"async\" width=\"150\" height=\"150\" src=\"https:\/\/oldtimer-veranstaltung.de\/kalender\/wp-content\/uploads\/2014\/06\/Feuerwehr-Dreieich-Offenthal-150x150.jpg\" class=\"attachment-thumbnail size-thumbnail\" alt=\"Feuerwehr Dreieich-Offenthal\" aria-describedby=\"gallery-1-4156\" \/><\/a>\n\t\t\t<\/div>\n\t\t\t\t<figcaption class='wp-caption-text gallery-caption' id='gallery-1-4156'>\n\t\t\t\tFeuerwehr Dreieich-Offenthal &#8211; Tag der offenen T\u00fcr\n\t\t\t\t<\/figcaption><\/figure><figure class='gallery-item'>\n\t\t\t<div class='gallery-icon portrait'>\n\t\t\t\t<a href='https:\/\/oldtimer-veranstaltung.de\/kalender\/wp-content\/uploads\/2014\/03\/Oldtimerfahrt-Horlofftal.jpg'><img loading=\"lazy\" decoding=\"async\" width=\"150\" height=\"150\" src=\"https:\/\/oldtimer-veranstaltung.de\/kalender\/wp-content\/uploads\/2014\/03\/Oldtimerfahrt-Horlofftal-150x150.jpg\" class=\"attachment-thumbnail size-thumbnail\" alt=\"Oldtimerfahrt Horlofftal\" aria-describedby=\"gallery-1-3407\" \/><\/a>\n\t\t\t<\/div>\n\t\t\t\t<figcaption class='wp-caption-text gallery-caption' id='gallery-1-3407'>\n\t\t\t\tOldtimerfahrt Horlofftal\n\t\t\t\t<\/figcaption><\/figure><figure class='gallery-item'>\n\t\t\t<div class='gallery-icon portrait'>\n\t\t\t\t<a href='https:\/\/oldtimer-veranstaltung.de\/kalender\/wp-content\/uploads\/2013\/11\/K\u00f6nigstein-Classic.jpg'><img loading=\"lazy\" decoding=\"async\" width=\"150\" height=\"150\" src=\"https:\/\/oldtimer-veranstaltung.de\/kalender\/wp-content\/uploads\/2013\/11\/K\u00f6nigstein-Classic-150x150.jpg\" class=\"attachment-thumbnail size-thumbnail\" alt=\"K\u00f6nigstein-Classic\" aria-describedby=\"gallery-1-2566\" \/><\/a>\n\t\t\t<\/div>\n\t\t\t\t<figcaption class='wp-caption-text gallery-caption' id='gallery-1-2566'>\n\t\t\t\tK\u00f6nigstein-Classic\n\t\t\t\t<\/figcaption><\/figure><figure class='gallery-item'>\n\t\t\t<div class='gallery-icon landscape'>\n\t\t\t\t<a href='https:\/\/oldtimer-veranstaltung.de\/kalender\/wp-content\/uploads\/2014\/08\/Automobilia-Auktion.jpg'><img loading=\"lazy\" decoding=\"async\" width=\"150\" height=\"150\" src=\"https:\/\/oldtimer-veranstaltung.de\/kalender\/wp-content\/uploads\/2014\/08\/Automobilia-Auktion-150x150.jpg\" class=\"attachment-thumbnail size-thumbnail\" alt=\"Automobilia Auktion\" aria-describedby=\"gallery-1-4969\" \/><\/a>\n\t\t\t<\/div>\n\t\t\t\t<figcaption class='wp-caption-text gallery-caption' id='gallery-1-4969'>\n\t\t\t\tAutomobilia Auktion\n\t\t\t\t<\/figcaption><\/figure><figure class='gallery-item'>\n\t\t\t<div class='gallery-icon landscape'>\n\t\t\t\t<a href='https:\/\/oldtimer-veranstaltung.de\/kalender\/wp-content\/uploads\/2014\/01\/Deutschlandtreffen-der-Freunde-2-CV.jpg'><img loading=\"lazy\" decoding=\"async\" width=\"150\" height=\"150\" src=\"https:\/\/oldtimer-veranstaltung.de\/kalender\/wp-content\/uploads\/2014\/01\/Deutschlandtreffen-der-Freunde-2-CV-150x150.jpg\" class=\"attachment-thumbnail size-thumbnail\" alt=\"Deutschlandtreffen der Freunde des 2 CV\" aria-describedby=\"gallery-1-3020\" \/><\/a>\n\t\t\t<\/div>\n\t\t\t\t<figcaption class='wp-caption-text gallery-caption' id='gallery-1-3020'>\n\t\t\t\tDeutschlandtreffen der Freunde des 2 CV\n\t\t\t\t<\/figcaption><\/figure><figure class='gallery-item'>\n\t\t\t<div class='gallery-icon portrait'>\n\t\t\t\t<a href='https:\/\/oldtimer-veranstaltung.de\/kalender\/wp-content\/uploads\/2014\/05\/Glaesertreffen-Dresden-2014.jpg'><img loading=\"lazy\" decoding=\"async\" width=\"150\" height=\"150\" src=\"https:\/\/oldtimer-veranstaltung.de\/kalender\/wp-content\/uploads\/2014\/05\/Glaesertreffen-Dresden-2014-150x150.jpg\" class=\"attachment-thumbnail size-thumbnail\" alt=\"Gl\u00e4sertreffen Dresden 2014\" aria-describedby=\"gallery-1-3937\" \/><\/a>\n\t\t\t<\/div>\n\t\t\t\t<figcaption class='wp-caption-text gallery-caption' id='gallery-1-3937'>\n\t\t\t\tGl\u00e4sertreffen Dresden 2014\n\t\t\t\t<\/figcaption><\/figure><figure class='gallery-item'>\n\t\t\t<div class='gallery-icon portrait'>\n\t\t\t\t<a href='https:\/\/oldtimer-veranstaltung.de\/kalender\/wp-content\/uploads\/2014\/06\/Oldtimer_Treffen_Osterwieck_2014.jpg'><img loading=\"lazy\" decoding=\"async\" width=\"150\" height=\"150\" src=\"https:\/\/oldtimer-veranstaltung.de\/kalender\/wp-content\/uploads\/2014\/06\/Oldtimer_Treffen_Osterwieck_2014-150x150.jpg\" class=\"attachment-thumbnail size-thumbnail\" alt=\"Oldtimer Treffen Osterwieck 2014\" aria-describedby=\"gallery-1-4244\" \/><\/a>\n\t\t\t<\/div>\n\t\t\t\t<figcaption class='wp-caption-text gallery-caption' id='gallery-1-4244'>\n\t\t\t\tOldtimer Treffen Osterwieck 2014\n\t\t\t\t<\/figcaption><\/figure><figure class='gallery-item'>\n\t\t\t<div class='gallery-icon portrait'>\n\t\t\t\t<a href='https:\/\/oldtimer-veranstaltung.de\/kalender\/wp-content\/uploads\/2014\/04\/Oldtimer-Treffen-Preetz.jpg'><img loading=\"lazy\" decoding=\"async\" width=\"150\" height=\"150\" src=\"https:\/\/oldtimer-veranstaltung.de\/kalender\/wp-content\/uploads\/2014\/04\/Oldtimer-Treffen-Preetz-150x150.jpg\" class=\"attachment-thumbnail size-thumbnail\" alt=\"Oldtimer-Treffen in Preetz\" aria-describedby=\"gallery-1-3586\" \/><\/a>\n\t\t\t<\/div>\n\t\t\t\t<figcaption class='wp-caption-text gallery-caption' id='gallery-1-3586'>\n\t\t\t\tOldtimer-Treffen in Preetz\n\t\t\t\t<\/figcaption><\/figure><figure class='gallery-item'>\n\t\t\t<div class='gallery-icon landscape'>\n\t\t\t\t<a href='https:\/\/oldtimer-veranstaltung.de\/kalender\/wp-content\/uploads\/2013\/10\/Fridday-Classic-Oldtimer-Termine.jpg'><img loading=\"lazy\" decoding=\"async\" width=\"150\" height=\"150\" src=\"https:\/\/oldtimer-veranstaltung.de\/kalender\/wp-content\/uploads\/2013\/10\/Fridday-Classic-Oldtimer-Termine-150x150.jpg\" class=\"attachment-thumbnail size-thumbnail\" alt=\"Sticker Fridday-Classic Oldtimer-Termine\" aria-describedby=\"gallery-1-2269\" \/><\/a>\n\t\t\t<\/div>\n\t\t\t\t<figcaption class='wp-caption-text gallery-caption' id='gallery-1-2269'>\n\t\t\t\tSticker Fridday-Classic Oldtimer-Termine\n\t\t\t\t<\/figcaption><\/figure><figure class='gallery-item'>\n\t\t\t<div class='gallery-icon portrait'>\n\t\t\t\t<a href='https:\/\/oldtimer-veranstaltung.de\/kalender\/wp-content\/uploads\/2014\/06\/Oldtimer-Treffen-Langenthal.jpg'><img loading=\"lazy\" decoding=\"async\" width=\"150\" height=\"150\" src=\"https:\/\/oldtimer-veranstaltung.de\/kalender\/wp-content\/uploads\/2014\/06\/Oldtimer-Treffen-Langenthal-150x150.jpg\" class=\"attachment-thumbnail size-thumbnail\" alt=\"Oldtimer-Treffen Langenthal\" aria-describedby=\"gallery-1-4370\" \/><\/a>\n\t\t\t<\/div>\n\t\t\t\t<figcaption class='wp-caption-text gallery-caption' id='gallery-1-4370'>\n\t\t\t\tOldtimer-Treffen Langenthal\n\t\t\t\t<\/figcaption><\/figure><figure class='gallery-item'>\n\t\t\t<div class='gallery-icon landscape'>\n\t\t\t\t<a href='https:\/\/oldtimer-veranstaltung.de\/kalender\/wp-content\/uploads\/2014\/03\/Historic-Trophy-Nuerburgring.jpg'><img loading=\"lazy\" decoding=\"async\" width=\"150\" height=\"150\" src=\"https:\/\/oldtimer-veranstaltung.de\/kalender\/wp-content\/uploads\/2014\/03\/Historic-Trophy-Nuerburgring-150x150.jpg\" class=\"attachment-thumbnail size-thumbnail\" alt=\"Historic Trophy N\u00fcrburgring\" aria-describedby=\"gallery-1-3362\" \/><\/a>\n\t\t\t<\/div>\n\t\t\t\t<figcaption class='wp-caption-text gallery-caption' id='gallery-1-3362'>\n\t\t\t\tHistoric Trophy N\u00fcrburgring\n\t\t\t\t<\/figcaption><\/figure><figure class='gallery-item'>\n\t\t\t<div class='gallery-icon portrait'>\n\t\t\t\t<a href='https:\/\/oldtimer-veranstaltung.de\/kalender\/wp-content\/uploads\/2013\/11\/Bulldog-Messe.jpg'><img loading=\"lazy\" decoding=\"async\" width=\"150\" height=\"150\" src=\"https:\/\/oldtimer-veranstaltung.de\/kalender\/wp-content\/uploads\/2013\/11\/Bulldog-Messe-150x150.jpg\" class=\"attachment-thumbnail size-thumbnail\" alt=\"Bulldog-Messe f\u00fcr Bulldogs, Schlepper und Nutzfahrzeuge\" aria-describedby=\"gallery-1-2544\" \/><\/a>\n\t\t\t<\/div>\n\t\t\t\t<figcaption class='wp-caption-text gallery-caption' id='gallery-1-2544'>\n\t\t\t\tBulldog-Messe f\u00fcr Bulldogs, Schlepper und Nutzfahrzeuge\n\t\t\t\t<\/figcaption><\/figure><figure class='gallery-item'>\n\t\t\t<div class='gallery-icon landscape'>\n\t\t\t\t<a href='https:\/\/oldtimer-veranstaltung.de\/kalender\/wp-content\/uploads\/2014\/04\/Ifa-Trabanttreffen-Schleizer-Dreieck.jpg'><img loading=\"lazy\" decoding=\"async\" width=\"150\" height=\"150\" src=\"https:\/\/oldtimer-veranstaltung.de\/kalender\/wp-content\/uploads\/2014\/04\/Ifa-Trabanttreffen-Schleizer-Dreieck-150x150.jpg\" class=\"attachment-thumbnail size-thumbnail\" alt=\"Ifa &amp; Trabanttreffen am Schleizer-Dreieck\" aria-describedby=\"gallery-1-3725\" \/><\/a>\n\t\t\t<\/div>\n\t\t\t\t<figcaption class='wp-caption-text gallery-caption' id='gallery-1-3725'>\n\t\t\t\tIfa &#038; Trabanttreffen am Schleizer-Dreieck\n\t\t\t\t<\/figcaption><\/figure><figure class='gallery-item'>\n\t\t\t<div class='gallery-icon landscape'>\n\t\t\t\t<a href='https:\/\/oldtimer-veranstaltung.de\/kalender\/wp-content\/uploads\/2014\/01\/Youngtimer-Oldtimertreffen-Teilemarkt-Mueden.jpg'><img loading=\"lazy\" decoding=\"async\" width=\"150\" height=\"150\" src=\"https:\/\/oldtimer-veranstaltung.de\/kalender\/wp-content\/uploads\/2014\/01\/Youngtimer-Oldtimertreffen-Teilemarkt-Mueden-150x150.jpg\" class=\"attachment-thumbnail size-thumbnail\" alt=\"Youngtimer &amp; Oldtimertreffen &amp; Teilemarkt in M\u00fcden\/A.\" aria-describedby=\"gallery-1-3043\" \/><\/a>\n\t\t\t<\/div>\n\t\t\t\t<figcaption class='wp-caption-text gallery-caption' id='gallery-1-3043'>\n\t\t\t\tYoungtimer &#038; Oldtimertreffen &#038; Teilemarkt in M\u00fcden\/A.\n\t\t\t\t<\/figcaption><\/figure><figure class='gallery-item'>\n\t\t\t<div class='gallery-icon portrait'>\n\t\t\t\t<a href='https:\/\/oldtimer-veranstaltung.de\/kalender\/wp-content\/uploads\/2013\/10\/Schwedisches-Fahrzeug-Treffen_Automuseum-Melle.jpg'><img loading=\"lazy\" decoding=\"async\" width=\"150\" height=\"150\" src=\"https:\/\/oldtimer-veranstaltung.de\/kalender\/wp-content\/uploads\/2013\/10\/Schwedisches-Fahrzeug-Treffen_Automuseum-Melle-150x150.jpg\" class=\"attachment-thumbnail size-thumbnail\" alt=\"Schwedisches Fahrzeug Treffen Automuseum-Melle\" aria-describedby=\"gallery-1-2195\" \/><\/a>\n\t\t\t<\/div>\n\t\t\t\t<figcaption class='wp-caption-text gallery-caption' id='gallery-1-2195'>\n\t\t\t\tSchwedisches Fahrzeug Treffen Automuseum-Melle\n\t\t\t\t<\/figcaption><\/figure><figure class='gallery-item'>\n\t\t\t<div class='gallery-icon landscape'>\n\t\t\t\t<a href='https:\/\/oldtimer-veranstaltung.de\/kalender\/wp-content\/uploads\/2014\/01\/Rallye-Wiesbaden-2014.jpg'><img loading=\"lazy\" decoding=\"async\" width=\"150\" height=\"150\" src=\"https:\/\/oldtimer-veranstaltung.de\/kalender\/wp-content\/uploads\/2014\/01\/Rallye-Wiesbaden-2014-150x150.jpg\" class=\"attachment-thumbnail size-thumbnail\" alt=\"Rallye-Wiesbaden 2014\" aria-describedby=\"gallery-1-3424\" \/><\/a>\n\t\t\t<\/div>\n\t\t\t\t<figcaption class='wp-caption-text gallery-caption' id='gallery-1-3424'>\n\t\t\t\tRallye-Wiesbaden 2014\n\t\t\t\t<\/figcaption><\/figure><figure class='gallery-item'>\n\t\t\t<div class='gallery-icon landscape'>\n\t\t\t\t<a href='https:\/\/oldtimer-veranstaltung.de\/kalender\/wp-content\/uploads\/2013\/10\/MSK-US-CAR-TREFFEN.jpg'><img loading=\"lazy\" decoding=\"async\" width=\"150\" height=\"150\" src=\"https:\/\/oldtimer-veranstaltung.de\/kalender\/wp-content\/uploads\/2013\/10\/MSK-US-CAR-TREFFEN-150x150.jpg\" class=\"attachment-thumbnail size-thumbnail\" alt=\"US Car, Biker, Hot Rod und Selbstausbauertreffen\" aria-describedby=\"gallery-1-2200\" \/><\/a>\n\t\t\t<\/div>\n\t\t\t\t<figcaption class='wp-caption-text gallery-caption' id='gallery-1-2200'>\n\t\t\t\tUS Car, Biker, Hot Rod und Selbstausbauertreffen\n\t\t\t\t<\/figcaption><\/figure><figure class='gallery-item'>\n\t\t\t<div class='gallery-icon portrait'>\n\t\t\t\t<a href='https:\/\/oldtimer-veranstaltung.de\/kalender\/wp-content\/uploads\/2013\/12\/Oldtimer-Treffen_Unter-der-Bavaria.jpg'><img loading=\"lazy\" decoding=\"async\" width=\"150\" height=\"150\" src=\"https:\/\/oldtimer-veranstaltung.de\/kalender\/wp-content\/uploads\/2013\/12\/Oldtimer-Treffen_Unter-der-Bavaria-150x150.jpg\" class=\"attachment-thumbnail size-thumbnail\" alt=\"Oldtimer-Treffen &quot;Unter der Bavaria&quot;\" aria-describedby=\"gallery-1-2596\" \/><\/a>\n\t\t\t<\/div>\n\t\t\t\t<figcaption class='wp-caption-text gallery-caption' id='gallery-1-2596'>\n\t\t\t\tOldtimer-Treffen &#8222;Unter der Bavaria&#8220;\n\t\t\t\t<\/figcaption><\/figure><figure class='gallery-item'>\n\t\t\t<div class='gallery-icon portrait'>\n\t\t\t\t<a href='https:\/\/oldtimer-veranstaltung.de\/kalender\/wp-content\/uploads\/2014\/08\/SpaItalia_2014.jpg'><img loading=\"lazy\" decoding=\"async\" width=\"150\" height=\"150\" src=\"https:\/\/oldtimer-veranstaltung.de\/kalender\/wp-content\/uploads\/2014\/08\/SpaItalia_2014-150x150.jpg\" class=\"attachment-thumbnail size-thumbnail\" alt=\"SpaItalia 2014\" aria-describedby=\"gallery-1-4778\" \/><\/a>\n\t\t\t<\/div>\n\t\t\t\t<figcaption class='wp-caption-text gallery-caption' id='gallery-1-4778'>\n\t\t\t\tSpaItalia 2014\n\t\t\t\t<\/figcaption><\/figure><figure class='gallery-item'>\n\t\t\t<div class='gallery-icon portrait'>\n\t\t\t\t<a href='https:\/\/oldtimer-veranstaltung.de\/kalender\/wp-content\/uploads\/2014\/07\/Kaeferfreunde-Main-Spessart.jpg'><img loading=\"lazy\" decoding=\"async\" width=\"150\" height=\"150\" src=\"https:\/\/oldtimer-veranstaltung.de\/kalender\/wp-content\/uploads\/2014\/07\/Kaeferfreunde-Main-Spessart-150x150.jpg\" class=\"attachment-thumbnail size-thumbnail\" alt=\"K\u00e4ferfreunde Main-Spessart\" aria-describedby=\"gallery-1-4465\" \/><\/a>\n\t\t\t<\/div>\n\t\t\t\t<figcaption class='wp-caption-text gallery-caption' id='gallery-1-4465'>\n\t\t\t\tK\u00e4ferfreunde Main-Spessart\n\t\t\t\t<\/figcaption><\/figure><figure class='gallery-item'>\n\t\t\t<div class='gallery-icon landscape'>\n\t\t\t\t<a href='https:\/\/oldtimer-veranstaltung.de\/kalender\/wp-content\/uploads\/2014\/03\/Die-gruene-Hoelle-am-Berg.jpg'><img loading=\"lazy\" decoding=\"async\" width=\"150\" height=\"150\" src=\"https:\/\/oldtimer-veranstaltung.de\/kalender\/wp-content\/uploads\/2014\/03\/Die-gruene-Hoelle-am-Berg-150x150.jpg\" class=\"attachment-thumbnail size-thumbnail\" alt=\"Die gr\u00fcne H\u00f6lle am Berg\" aria-describedby=\"gallery-1-3416\" \/><\/a>\n\t\t\t<\/div>\n\t\t\t\t<figcaption class='wp-caption-text gallery-caption' id='gallery-1-3416'>\n\t\t\t\tDie gr\u00fcne H\u00f6lle am Berg\n\t\t\t\t<\/figcaption><\/figure><figure class='gallery-item'>\n\t\t\t<div class='gallery-icon landscape'>\n\t\t\t\t<a href='https:\/\/oldtimer-veranstaltung.de\/kalender\/wp-content\/uploads\/2014\/01\/Gasoliners-Service-with-a-Smile.png'><img loading=\"lazy\" decoding=\"async\" width=\"150\" height=\"150\" src=\"https:\/\/oldtimer-veranstaltung.de\/kalender\/wp-content\/uploads\/2014\/01\/Gasoliners-Service-with-a-Smile-150x150.png\" class=\"attachment-thumbnail size-thumbnail\" alt=\"Gasoliners Services with a Smile\" aria-describedby=\"gallery-1-2816\" \/><\/a>\n\t\t\t<\/div>\n\t\t\t\t<figcaption class='wp-caption-text gallery-caption' id='gallery-1-2816'>\n\t\t\t\tGasoliners Services with a Smile\n\t\t\t\t<\/figcaption><\/figure><figure class='gallery-item'>\n\t\t\t<div class='gallery-icon portrait'>\n\t\t\t\t<a href='https:\/\/oldtimer-veranstaltung.de\/kalender\/wp-content\/uploads\/2013\/11\/Unimog_Traktoren_Nutzfahrzeug_Treffen.jpg'><img loading=\"lazy\" decoding=\"async\" width=\"150\" height=\"150\" src=\"https:\/\/oldtimer-veranstaltung.de\/kalender\/wp-content\/uploads\/2013\/11\/Unimog_Traktoren_Nutzfahrzeug_Treffen-150x150.jpg\" class=\"attachment-thumbnail size-thumbnail\" alt=\"Unimog Traktoren Nutzfahrzeug Treffen\" aria-describedby=\"gallery-1-2361\" \/><\/a>\n\t\t\t<\/div>\n\t\t\t\t<figcaption class='wp-caption-text gallery-caption' id='gallery-1-2361'>\n\t\t\t\tUnimog Traktoren Nutzfahrzeug Treffen\n\t\t\t\t<\/figcaption><\/figure><figure class='gallery-item'>\n\t\t\t<div class='gallery-icon portrait'>\n\t\t\t\t<a href='https:\/\/oldtimer-veranstaltung.de\/kalender\/wp-content\/uploads\/2014\/08\/Retro-Tacots.jpg'><img loading=\"lazy\" decoding=\"async\" width=\"150\" height=\"150\" src=\"https:\/\/oldtimer-veranstaltung.de\/kalender\/wp-content\/uploads\/2014\/08\/Retro-Tacots-150x150.jpg\" class=\"attachment-thumbnail size-thumbnail\" alt=\"Retro Tacots\" aria-describedby=\"gallery-1-4634\" \/><\/a>\n\t\t\t<\/div>\n\t\t\t\t<figcaption class='wp-caption-text gallery-caption' id='gallery-1-4634'>\n\t\t\t\tRetro Tacots\n\t\t\t\t<\/figcaption><\/figure><figure class='gallery-item'>\n\t\t\t<div class='gallery-icon portrait'>\n\t\t\t\t<a href='https:\/\/oldtimer-veranstaltung.de\/kalender\/wp-content\/uploads\/2014\/04\/Oldtimer-US-Car-Treffen.jpg'><img loading=\"lazy\" decoding=\"async\" width=\"150\" height=\"150\" src=\"https:\/\/oldtimer-veranstaltung.de\/kalender\/wp-content\/uploads\/2014\/04\/Oldtimer-US-Car-Treffen-150x150.jpg\" class=\"attachment-thumbnail size-thumbnail\" alt=\"Oldtimer US-Car Treffen\" aria-describedby=\"gallery-1-3547\" \/><\/a>\n\t\t\t<\/div>\n\t\t\t\t<figcaption class='wp-caption-text gallery-caption' id='gallery-1-3547'>\n\t\t\t\tOldtimer US-Car Treffen\n\t\t\t\t<\/figcaption><\/figure><figure class='gallery-item'>\n\t\t\t<div class='gallery-icon portrait'>\n\t\t\t\t<a href='https:\/\/oldtimer-veranstaltung.de\/kalender\/wp-content\/uploads\/2014\/06\/Wiesauer-Veteranenfahrt.jpg'><img loading=\"lazy\" decoding=\"async\" width=\"150\" height=\"150\" src=\"https:\/\/oldtimer-veranstaltung.de\/kalender\/wp-content\/uploads\/2014\/06\/Wiesauer-Veteranenfahrt-150x150.jpg\" class=\"attachment-thumbnail size-thumbnail\" alt=\"Wiesauer Veteranenfahrt\" aria-describedby=\"gallery-1-4333\" \/><\/a>\n\t\t\t<\/div>\n\t\t\t\t<figcaption class='wp-caption-text gallery-caption' id='gallery-1-4333'>\n\t\t\t\tWiesauer Veteranenfahrt\n\t\t\t\t<\/figcaption><\/figure><figure class='gallery-item'>\n\t\t\t<div class='gallery-icon portrait'>\n\t\t\t\t<a href='https:\/\/oldtimer-veranstaltung.de\/kalender\/wp-content\/uploads\/2014\/03\/Zweitakt-und-Ostfahrzeugtreffen-Sueddeutschland.jpg'><img loading=\"lazy\" decoding=\"async\" width=\"150\" height=\"150\" src=\"https:\/\/oldtimer-veranstaltung.de\/kalender\/wp-content\/uploads\/2014\/03\/Zweitakt-und-Ostfahrzeugtreffen-Sueddeutschland-150x150.jpg\" class=\"attachment-thumbnail size-thumbnail\" alt=\"Zweitakt- und Ostfahrzeugtreffen S\u00fcddeutschland\" aria-describedby=\"gallery-1-3529\" \/><\/a>\n\t\t\t<\/div>\n\t\t\t\t<figcaption class='wp-caption-text gallery-caption' id='gallery-1-3529'>\n\t\t\t\tZweitakt- und Ostfahrzeugtreffen S\u00fcddeutschland\n\t\t\t\t<\/figcaption><\/figure><figure class='gallery-item'>\n\t\t\t<div class='gallery-icon portrait'>\n\t\t\t\t<a href='https:\/\/oldtimer-veranstaltung.de\/kalender\/wp-content\/uploads\/2014\/01\/Plakat-Edelweiss-Bergpreis-Rossfeld-Berchtesgaden.jpg'><img loading=\"lazy\" decoding=\"async\" width=\"150\" height=\"150\" src=\"https:\/\/oldtimer-veranstaltung.de\/kalender\/wp-content\/uploads\/2014\/01\/Plakat-Edelweiss-Bergpreis-Rossfeld-Berchtesgaden-150x150.jpg\" class=\"attachment-thumbnail size-thumbnail\" alt=\"Edelweiss-Bergpreis Ro\u00dffeld Berchtesgaden\" aria-describedby=\"gallery-1-2921\" \/><\/a>\n\t\t\t<\/div>\n\t\t\t\t<figcaption class='wp-caption-text gallery-caption' id='gallery-1-2921'>\n\t\t\t\tEdelweiss-Bergpreis Ro\u00dffeld Berchtesgaden\n\t\t\t\t<\/figcaption><\/figure><figure class='gallery-item'>\n\t\t\t<div class='gallery-icon landscape'>\n\t\t\t\t<a href='https:\/\/oldtimer-veranstaltung.de\/kalender\/wp-content\/uploads\/2014\/02\/Stockheimer-Bahnhofsfest.jpg'><img loading=\"lazy\" decoding=\"async\" width=\"150\" height=\"150\" src=\"https:\/\/oldtimer-veranstaltung.de\/kalender\/wp-content\/uploads\/2014\/02\/Stockheimer-Bahnhofsfest-150x150.jpg\" class=\"attachment-thumbnail size-thumbnail\" alt=\"Stockheimer Bahnhofsfest\" aria-describedby=\"gallery-1-3311\" srcset=\"https:\/\/oldtimer-veranstaltung.de\/kalender\/wp-content\/uploads\/2014\/02\/Stockheimer-Bahnhofsfest-150x150.jpg 150w, https:\/\/oldtimer-veranstaltung.de\/kalender\/wp-content\/uploads\/2014\/02\/Stockheimer-Bahnhofsfest-300x300.jpg 300w, https:\/\/oldtimer-veranstaltung.de\/kalender\/wp-content\/uploads\/2014\/02\/Stockheimer-Bahnhofsfest.jpg 730w\" sizes=\"auto, (max-width: 150px) 100vw, 150px\" \/><\/a>\n\t\t\t<\/div>\n\t\t\t\t<figcaption class='wp-caption-text gallery-caption' id='gallery-1-3311'>\n\t\t\t\tStockheimer Bahnhofsfest\n\t\t\t\t<\/figcaption><\/figure><figure class='gallery-item'>\n\t\t\t<div class='gallery-icon portrait'>\n\t\t\t\t<a href='https:\/\/oldtimer-veranstaltung.de\/kalender\/wp-content\/uploads\/2014\/09\/Made-in-Austria-Fahrzeugtrefffen.jpg'><img loading=\"lazy\" decoding=\"async\" width=\"150\" height=\"150\" src=\"https:\/\/oldtimer-veranstaltung.de\/kalender\/wp-content\/uploads\/2014\/09\/Made-in-Austria-Fahrzeugtrefffen-150x150.jpg\" class=\"attachment-thumbnail size-thumbnail\" alt=\"Made in Austria Fahrzeugtrefffen\" aria-describedby=\"gallery-1-4834\" \/><\/a>\n\t\t\t<\/div>\n\t\t\t\t<figcaption class='wp-caption-text gallery-caption' id='gallery-1-4834'>\n\t\t\t\tMade in Austria Fahrzeugtrefffen\n\t\t\t\t<\/figcaption><\/figure><figure class='gallery-item'>\n\t\t\t<div class='gallery-icon portrait'>\n\t\t\t\t<a href='https:\/\/oldtimer-veranstaltung.de\/kalender\/wp-content\/uploads\/2014\/07\/Eicher-Erntefest.jpg'><img loading=\"lazy\" decoding=\"async\" width=\"150\" height=\"150\" src=\"https:\/\/oldtimer-veranstaltung.de\/kalender\/wp-content\/uploads\/2014\/07\/Eicher-Erntefest-150x150.jpg\" class=\"attachment-thumbnail size-thumbnail\" alt=\"Eicher-Erntefest\" aria-describedby=\"gallery-1-4406\" \/><\/a>\n\t\t\t<\/div>\n\t\t\t\t<figcaption class='wp-caption-text gallery-caption' id='gallery-1-4406'>\n\t\t\t\tEicher-Erntefest\n\t\t\t\t<\/figcaption><\/figure><figure class='gallery-item'>\n\t\t\t<div class='gallery-icon landscape'>\n\t\t\t\t<a href='https:\/\/oldtimer-veranstaltung.de\/kalender\/wp-content\/uploads\/2013\/12\/Hoellental-Classic.jpg'><img loading=\"lazy\" decoding=\"async\" width=\"150\" height=\"150\" src=\"https:\/\/oldtimer-veranstaltung.de\/kalender\/wp-content\/uploads\/2013\/12\/Hoellental-Classic-150x150.jpg\" class=\"attachment-thumbnail size-thumbnail\" alt=\"H\u00f6llental-Classic\" aria-describedby=\"gallery-1-2646\" \/><\/a>\n\t\t\t<\/div>\n\t\t\t\t<figcaption class='wp-caption-text gallery-caption' id='gallery-1-2646'>\n\t\t\t\tH\u00f6llental-Classic\n\t\t\t\t<\/figcaption><\/figure><figure class='gallery-item'>\n\t\t\t<div class='gallery-icon portrait'>\n\t\t\t\t<a href='https:\/\/oldtimer-veranstaltung.de\/kalender\/wp-content\/uploads\/2014\/04\/Forza-Italia-Motorworld.jpg'><img loading=\"lazy\" decoding=\"async\" width=\"150\" height=\"150\" src=\"https:\/\/oldtimer-veranstaltung.de\/kalender\/wp-content\/uploads\/2014\/04\/Forza-Italia-Motorworld-150x150.jpg\" class=\"attachment-thumbnail size-thumbnail\" alt=\"Forza Italia Motorworld\" aria-describedby=\"gallery-1-3562\" \/><\/a>\n\t\t\t<\/div>\n\t\t\t\t<figcaption class='wp-caption-text gallery-caption' id='gallery-1-3562'>\n\t\t\t\tForza Italia Motorworld\n\t\t\t\t<\/figcaption><\/figure><figure class='gallery-item'>\n\t\t\t<div class='gallery-icon portrait'>\n\t\t\t\t<a href='https:\/\/oldtimer-veranstaltung.de\/kalender\/wp-content\/uploads\/2014\/01\/Classic-Show-Bruenn-Brno-2014.jpg'><img loading=\"lazy\" decoding=\"async\" width=\"150\" height=\"150\" src=\"https:\/\/oldtimer-veranstaltung.de\/kalender\/wp-content\/uploads\/2014\/01\/Classic-Show-Bruenn-Brno-2014-150x150.jpg\" class=\"attachment-thumbnail size-thumbnail\" alt=\"Classic Show Br\u00fcnn (Brno) 2014\" aria-describedby=\"gallery-1-2900\" \/><\/a>\n\t\t\t<\/div>\n\t\t\t\t<figcaption class='wp-caption-text gallery-caption' id='gallery-1-2900'>\n\t\t\t\tClassic Show Br\u00fcnn (Brno) 2014\n\t\t\t\t<\/figcaption><\/figure><figure class='gallery-item'>\n\t\t\t<div class='gallery-icon landscape'>\n\t\t\t\t<a href='https:\/\/oldtimer-veranstaltung.de\/kalender\/wp-content\/uploads\/2013\/12\/Edelweiss-Classic.jpg'><img loading=\"lazy\" decoding=\"async\" width=\"150\" height=\"150\" src=\"https:\/\/oldtimer-veranstaltung.de\/kalender\/wp-content\/uploads\/2013\/12\/Edelweiss-Classic-150x150.jpg\" class=\"attachment-thumbnail size-thumbnail\" alt=\"Edelweiss Classic Berchtesgaden\" aria-describedby=\"gallery-1-2676\" \/><\/a>\n\t\t\t<\/div>\n\t\t\t\t<figcaption class='wp-caption-text gallery-caption' id='gallery-1-2676'>\n\t\t\t\tEdelweiss Classic  Berchtesgaden \n\t\t\t\t<\/figcaption><\/figure><figure class='gallery-item'>\n\t\t\t<div class='gallery-icon portrait'>\n\t\t\t\t<a href='https:\/\/oldtimer-veranstaltung.de\/kalender\/wp-content\/uploads\/2014\/05\/Cordial-Oldtimer.jpg'><img loading=\"lazy\" decoding=\"async\" width=\"150\" height=\"150\" src=\"https:\/\/oldtimer-veranstaltung.de\/kalender\/wp-content\/uploads\/2014\/05\/Cordial-Oldtimer-150x150.jpg\" class=\"attachment-thumbnail size-thumbnail\" alt=\"Cordial Oldtimer Brunch &amp; Barbecue\" aria-describedby=\"gallery-1-3976\" \/><\/a>\n\t\t\t<\/div>\n\t\t\t\t<figcaption class='wp-caption-text gallery-caption' id='gallery-1-3976'>\n\t\t\t\tCordial Oldtimer Brunch &#038; Barbecue\n\t\t\t\t<\/figcaption><\/figure><figure class='gallery-item'>\n\t\t\t<div class='gallery-icon landscape'>\n\t\t\t\t<a href='https:\/\/oldtimer-veranstaltung.de\/kalender\/wp-content\/uploads\/2014\/08\/Automobilia-Versteigerung.jpg'><img loading=\"lazy\" decoding=\"async\" width=\"150\" height=\"150\" src=\"https:\/\/oldtimer-veranstaltung.de\/kalender\/wp-content\/uploads\/2014\/08\/Automobilia-Versteigerung-150x150.jpg\" class=\"attachment-thumbnail size-thumbnail\" alt=\"Automobilia Versteigerung\" aria-describedby=\"gallery-1-4758\" \/><\/a>\n\t\t\t<\/div>\n\t\t\t\t<figcaption class='wp-caption-text gallery-caption' id='gallery-1-4758'>\n\t\t\t\tAutomobilia Versteigerung\n\t\t\t\t<\/figcaption><\/figure><figure class='gallery-item'>\n\t\t\t<div class='gallery-icon portrait'>\n\t\t\t\t<a href='https:\/\/oldtimer-veranstaltung.de\/kalender\/wp-content\/uploads\/2013\/11\/Freizeitmesse_Bozen.jpg'><img loading=\"lazy\" decoding=\"async\" width=\"150\" height=\"150\" src=\"https:\/\/oldtimer-veranstaltung.de\/kalender\/wp-content\/uploads\/2013\/11\/Freizeitmesse_Bozen-150x150.jpg\" class=\"attachment-thumbnail size-thumbnail\" alt=\"Freizeitmesse_Bozen\" aria-describedby=\"gallery-1-2505\" \/><\/a>\n\t\t\t<\/div>\n\t\t\t\t<figcaption class='wp-caption-text gallery-caption' id='gallery-1-2505'>\n\t\t\t\tFreizeitmesse_Bozen\n\t\t\t\t<\/figcaption><\/figure><figure class='gallery-item'>\n\t\t\t<div class='gallery-icon portrait'>\n\t\t\t\t<a href='https:\/\/oldtimer-veranstaltung.de\/kalender\/wp-content\/uploads\/2013\/11\/British-Day-Lenkwerk-Bielefeld.png'><img loading=\"lazy\" decoding=\"async\" width=\"150\" height=\"150\" src=\"https:\/\/oldtimer-veranstaltung.de\/kalender\/wp-content\/uploads\/2013\/11\/British-Day-Lenkwerk-Bielefeld-150x150.png\" class=\"attachment-thumbnail size-thumbnail\" alt=\"British Day Lenkwerk Bielefeld\" aria-describedby=\"gallery-1-4266\" \/><\/a>\n\t\t\t<\/div>\n\t\t\t\t<figcaption class='wp-caption-text gallery-caption' id='gallery-1-4266'>\n\t\t\t\tBritish Day Lenkwerk Bielefeld\n\t\t\t\t<\/figcaption><\/figure><figure class='gallery-item'>\n\t\t\t<div class='gallery-icon portrait'>\n\t\t\t\t<a href='https:\/\/oldtimer-veranstaltung.de\/kalender\/wp-content\/uploads\/2014\/07\/Oldtimer-Wochenende.jpg'><img loading=\"lazy\" decoding=\"async\" width=\"150\" height=\"150\" src=\"https:\/\/oldtimer-veranstaltung.de\/kalender\/wp-content\/uploads\/2014\/07\/Oldtimer-Wochenende-150x150.jpg\" class=\"attachment-thumbnail size-thumbnail\" alt=\"Oldtimer-Wochenende\" aria-describedby=\"gallery-1-4403\" \/><\/a>\n\t\t\t<\/div>\n\t\t\t\t<figcaption class='wp-caption-text gallery-caption' id='gallery-1-4403'>\n\t\t\t\tOldtimer-Wochenende\n\t\t\t\t<\/figcaption><\/figure><figure class='gallery-item'>\n\t\t\t<div class='gallery-icon landscape'>\n\t\t\t\t<a href='https:\/\/oldtimer-veranstaltung.de\/kalender\/wp-content\/uploads\/2013\/12\/Eifel-Rennen_Jan-Wellem-Pokal.jpg'><img loading=\"lazy\" decoding=\"async\" width=\"150\" height=\"150\" src=\"https:\/\/oldtimer-veranstaltung.de\/kalender\/wp-content\/uploads\/2013\/12\/Eifel-Rennen_Jan-Wellem-Pokal-150x150.jpg\" class=\"attachment-thumbnail size-thumbnail\" alt=\"Eifel-Rennen Jan-Wellem-Pokal\" aria-describedby=\"gallery-1-2716\" \/><\/a>\n\t\t\t<\/div>\n\t\t\t\t<figcaption class='wp-caption-text gallery-caption' id='gallery-1-2716'>\n\t\t\t\tEifel-Rennen Jan-Wellem-Pokal\n\t\t\t\t<\/figcaption><\/figure><figure class='gallery-item'>\n\t\t\t<div class='gallery-icon portrait'>\n\t\t\t\t<a href='https:\/\/oldtimer-veranstaltung.de\/kalender\/wp-content\/uploads\/2014\/02\/Oldtimer-Park-Lippe.jpg'><img loading=\"lazy\" decoding=\"async\" width=\"150\" height=\"150\" src=\"https:\/\/oldtimer-veranstaltung.de\/kalender\/wp-content\/uploads\/2014\/02\/Oldtimer-Park-Lippe-150x150.jpg\" class=\"attachment-thumbnail size-thumbnail\" alt=\"Oldtimer Park Lippe\" aria-describedby=\"gallery-1-3102\" \/><\/a>\n\t\t\t<\/div>\n\t\t\t\t<figcaption class='wp-caption-text gallery-caption' id='gallery-1-3102'>\n\t\t\t\tOldtimer Park Lippe\n\t\t\t\t<\/figcaption><\/figure><figure class='gallery-item'>\n\t\t\t<div class='gallery-icon portrait'>\n\t\t\t\t<a href='https:\/\/oldtimer-veranstaltung.de\/kalender\/wp-content\/uploads\/2013\/12\/VW-Kaefer-Treffen.jpg'><img loading=\"lazy\" decoding=\"async\" width=\"150\" height=\"150\" src=\"https:\/\/oldtimer-veranstaltung.de\/kalender\/wp-content\/uploads\/2013\/12\/VW-Kaefer-Treffen-150x150.jpg\" class=\"attachment-thumbnail size-thumbnail\" alt=\"VW K\u00e4fer-Treffen\" aria-describedby=\"gallery-1-2747\" \/><\/a>\n\t\t\t<\/div>\n\t\t\t\t<figcaption class='wp-caption-text gallery-caption' id='gallery-1-2747'>\n\t\t\t\tVW K\u00e4fer-Treffen\n\t\t\t\t<\/figcaption><\/figure><figure class='gallery-item'>\n\t\t\t<div class='gallery-icon portrait'>\n\t\t\t\t<a href='https:\/\/oldtimer-veranstaltung.de\/kalender\/wp-content\/uploads\/2013\/10\/Saisoneroeffnung-amerikanische-Autos.jpg'><img loading=\"lazy\" decoding=\"async\" width=\"150\" height=\"150\" src=\"https:\/\/oldtimer-veranstaltung.de\/kalender\/wp-content\/uploads\/2013\/10\/Saisoneroeffnung-amerikanische-Autos-150x150.jpg\" class=\"attachment-thumbnail size-thumbnail\" alt=\"Saisoneroeffnung mit amerikanischen Oldtimern\" aria-describedby=\"gallery-1-2153\" \/><\/a>\n\t\t\t<\/div>\n\t\t\t\t<figcaption class='wp-caption-text gallery-caption' id='gallery-1-2153'>\n\t\t\t\tOldtimertreffen zur Siasoner\u00f6ffnung\n\t\t\t\t<\/figcaption><\/figure><figure class='gallery-item'>\n\t\t\t<div class='gallery-icon portrait'>\n\t\t\t\t<a href='https:\/\/oldtimer-veranstaltung.de\/kalender\/wp-content\/uploads\/2014\/08\/Raetzlinger_Blechreiz_2014.jpg'><img loading=\"lazy\" decoding=\"async\" width=\"150\" height=\"150\" src=\"https:\/\/oldtimer-veranstaltung.de\/kalender\/wp-content\/uploads\/2014\/08\/Raetzlinger_Blechreiz_2014-150x150.jpg\" class=\"attachment-thumbnail size-thumbnail\" alt=\"R\u00e4tzlinger Blechreiz 2014\" aria-describedby=\"gallery-1-4722\" \/><\/a>\n\t\t\t<\/div>\n\t\t\t\t<figcaption class='wp-caption-text gallery-caption' id='gallery-1-4722'>\n\t\t\t\tR\u00e4tzlinger Blechreiz 2014\n\t\t\t\t<\/figcaption><\/figure><figure class='gallery-item'>\n\t\t\t<div class='gallery-icon portrait'>\n\t\t\t\t<a href='https:\/\/oldtimer-veranstaltung.de\/kalender\/wp-content\/uploads\/2013\/10\/Oldtimer-Teilemaerkte.jpg'><img loading=\"lazy\" decoding=\"async\" width=\"150\" height=\"150\" src=\"https:\/\/oldtimer-veranstaltung.de\/kalender\/wp-content\/uploads\/2013\/10\/Oldtimer-Teilemaerkte-150x150.jpg\" class=\"attachment-thumbnail size-thumbnail\" alt=\"Oldtimer-Teilem\u00e4rkte\" aria-describedby=\"gallery-1-2111\" \/><\/a>\n\t\t\t<\/div>\n\t\t\t\t<figcaption class='wp-caption-text gallery-caption' id='gallery-1-2111'>\n\t\t\t\tOldtimer-Teilem\u00e4rkte\n\t\t\t\t<\/figcaption><\/figure><figure class='gallery-item'>\n\t\t\t<div class='gallery-icon portrait'>\n\t\t\t\t<a href='https:\/\/oldtimer-veranstaltung.de\/kalender\/wp-content\/uploads\/2014\/02\/Neumarkter-Oldtimertreffen.jpg'><img loading=\"lazy\" decoding=\"async\" width=\"150\" height=\"150\" src=\"https:\/\/oldtimer-veranstaltung.de\/kalender\/wp-content\/uploads\/2014\/02\/Neumarkter-Oldtimertreffen-150x150.jpg\" class=\"attachment-thumbnail size-thumbnail\" alt=\"Neumarkter Oldtimertreffen\" aria-describedby=\"gallery-1-3299\" \/><\/a>\n\t\t\t<\/div>\n\t\t\t\t<figcaption class='wp-caption-text gallery-caption' id='gallery-1-3299'>\n\t\t\t\tNeumarkter Oldtimertreffen\n\t\t\t\t<\/figcaption><\/figure><figure class='gallery-item'>\n\t\t\t<div class='gallery-icon portrait'>\n\t\t\t\t<a href='https:\/\/oldtimer-veranstaltung.de\/kalender\/wp-content\/uploads\/2014\/05\/Magna-Racino_OldtimerRace2014.jpg'><img loading=\"lazy\" decoding=\"async\" width=\"150\" height=\"150\" src=\"https:\/\/oldtimer-veranstaltung.de\/kalender\/wp-content\/uploads\/2014\/05\/Magna-Racino_OldtimerRace2014-150x150.jpg\" class=\"attachment-thumbnail size-thumbnail\" alt=\"Magna-Racino Oldtimer Race 2014\" aria-describedby=\"gallery-1-3907\" \/><\/a>\n\t\t\t<\/div>\n\t\t\t\t<figcaption class='wp-caption-text gallery-caption' id='gallery-1-3907'>\n\t\t\t\tMagna-Racino Oldtimer Race 2014\n\t\t\t\t<\/figcaption><\/figure><figure class='gallery-item'>\n\t\t\t<div class='gallery-icon landscape'>\n\t\t\t\t<a href='https:\/\/oldtimer-veranstaltung.de\/kalender\/wp-content\/uploads\/2014\/05\/Historische-Verkehrsschau-Altenrhein.jpg'><img loading=\"lazy\" decoding=\"async\" width=\"150\" height=\"150\" src=\"https:\/\/oldtimer-veranstaltung.de\/kalender\/wp-content\/uploads\/2014\/05\/Historische-Verkehrsschau-Altenrhein-150x150.jpg\" class=\"attachment-thumbnail size-thumbnail\" alt=\"Historische Verkehrsschau Altenrhein\" aria-describedby=\"gallery-1-4081\" \/><\/a>\n\t\t\t<\/div>\n\t\t\t\t<figcaption class='wp-caption-text gallery-caption' id='gallery-1-4081'>\n\t\t\t\tHistorische Verkehrsschau Altenrhein\n\t\t\t\t<\/figcaption><\/figure><figure class='gallery-item'>\n\t\t\t<div class='gallery-icon portrait'>\n\t\t\t\t<a href='https:\/\/oldtimer-veranstaltung.de\/kalender\/wp-content\/uploads\/2013\/10\/Schwarzwald-Classic-Days.jpg'><img loading=\"lazy\" decoding=\"async\" width=\"150\" height=\"150\" src=\"https:\/\/oldtimer-veranstaltung.de\/kalender\/wp-content\/uploads\/2013\/10\/Schwarzwald-Classic-Days-150x150.jpg\" class=\"attachment-thumbnail size-thumbnail\" alt=\"Schwarzwald Classic Days\" aria-describedby=\"gallery-1-2261\" \/><\/a>\n\t\t\t<\/div>\n\t\t\t\t<figcaption class='wp-caption-text gallery-caption' id='gallery-1-2261'>\n\t\t\t\tSchwarzwald Classic Days\n\t\t\t\t<\/figcaption><\/figure><figure class='gallery-item'>\n\t\t\t<div class='gallery-icon landscape'>\n\t\t\t\t<a href='https:\/\/oldtimer-veranstaltung.de\/kalender\/wp-content\/uploads\/2013\/11\/Swiss-Classic-British-Car-Meeting.jpg'><img loading=\"lazy\" decoding=\"async\" width=\"150\" height=\"150\" src=\"https:\/\/oldtimer-veranstaltung.de\/kalender\/wp-content\/uploads\/2013\/11\/Swiss-Classic-British-Car-Meeting-150x150.jpg\" class=\"attachment-thumbnail size-thumbnail\" alt=\"Swiss Classic British Car Meeting\" aria-describedby=\"gallery-1-2439\" \/><\/a>\n\t\t\t<\/div>\n\t\t\t\t<figcaption class='wp-caption-text gallery-caption' id='gallery-1-2439'>\n\t\t\t\tSwiss Classic British Car Meeting\n\t\t\t\t<\/figcaption><\/figure><figure class='gallery-item'>\n\t\t\t<div class='gallery-icon portrait'>\n\t\t\t\t<a href='https:\/\/oldtimer-veranstaltung.de\/kalender\/wp-content\/uploads\/2014\/04\/US-Car-Treffen-Pforzen.jpg'><img loading=\"lazy\" decoding=\"async\" width=\"150\" height=\"150\" src=\"https:\/\/oldtimer-veranstaltung.de\/kalender\/wp-content\/uploads\/2014\/04\/US-Car-Treffen-Pforzen-150x150.jpg\" class=\"attachment-thumbnail size-thumbnail\" alt=\"US-Car Treffen Pforzen\" aria-describedby=\"gallery-1-3750\" \/><\/a>\n\t\t\t<\/div>\n\t\t\t\t<figcaption class='wp-caption-text gallery-caption' id='gallery-1-3750'>\n\t\t\t\tUS-Car Treffen Pforzen\n\t\t\t\t<\/figcaption><\/figure><figure class='gallery-item'>\n\t\t\t<div class='gallery-icon portrait'>\n\t\t\t\t<a href='https:\/\/oldtimer-veranstaltung.de\/kalender\/wp-content\/uploads\/2013\/10\/Golden_Oldies_2014.jpg'><img loading=\"lazy\" decoding=\"async\" width=\"150\" height=\"150\" src=\"https:\/\/oldtimer-veranstaltung.de\/kalender\/wp-content\/uploads\/2013\/10\/Golden_Oldies_2014-150x150.jpg\" class=\"attachment-thumbnail size-thumbnail\" alt=\"Golden Oldies 2014\" aria-describedby=\"gallery-1-4484\" \/><\/a>\n\t\t\t<\/div>\n\t\t\t\t<figcaption class='wp-caption-text gallery-caption' id='gallery-1-4484'>\n\t\t\t\tGolden Oldies 2014\n\t\t\t\t<\/figcaption><\/figure><figure class='gallery-item'>\n\t\t\t<div class='gallery-icon portrait'>\n\t\t\t\t<a href='https:\/\/oldtimer-veranstaltung.de\/kalender\/wp-content\/uploads\/2014\/03\/Frielinger-Kaefertreffen.jpg'><img loading=\"lazy\" decoding=\"async\" width=\"150\" height=\"150\" src=\"https:\/\/oldtimer-veranstaltung.de\/kalender\/wp-content\/uploads\/2014\/03\/Frielinger-Kaefertreffen-150x150.jpg\" class=\"attachment-thumbnail size-thumbnail\" alt=\"Frielinger K\u00e4fertreffen\" aria-describedby=\"gallery-1-3428\" \/><\/a>\n\t\t\t<\/div>\n\t\t\t\t<figcaption class='wp-caption-text gallery-caption' id='gallery-1-3428'>\n\t\t\t\tFrielinger K\u00e4fertreffen\n\t\t\t\t<\/figcaption><\/figure><figure class='gallery-item'>\n\t\t\t<div class='gallery-icon portrait'>\n\t\t\t\t<a href='https:\/\/oldtimer-veranstaltung.de\/kalender\/wp-content\/uploads\/2014\/04\/FirebirdBBQ.jpg'><img loading=\"lazy\" decoding=\"async\" width=\"150\" height=\"150\" src=\"https:\/\/oldtimer-veranstaltung.de\/kalender\/wp-content\/uploads\/2014\/04\/FirebirdBBQ-150x150.jpg\" class=\"attachment-thumbnail size-thumbnail\" alt=\"FirebirdBBQ\" aria-describedby=\"gallery-1-3796\" \/><\/a>\n\t\t\t<\/div>\n\t\t\t\t<figcaption class='wp-caption-text gallery-caption' id='gallery-1-3796'>\n\t\t\t\tFirebirdBBQ\n\t\t\t\t<\/figcaption><\/figure><figure class='gallery-item'>\n\t\t\t<div class='gallery-icon portrait'>\n\t\t\t\t<a href='https:\/\/oldtimer-veranstaltung.de\/kalender\/wp-content\/uploads\/2014\/02\/Spa-Classic.jpg'><img loading=\"lazy\" decoding=\"async\" width=\"150\" height=\"150\" src=\"https:\/\/oldtimer-veranstaltung.de\/kalender\/wp-content\/uploads\/2014\/02\/Spa-Classic-150x150.jpg\" class=\"attachment-thumbnail size-thumbnail\" alt=\"Spa Classic 2014\" aria-describedby=\"gallery-1-3152\" \/><\/a>\n\t\t\t<\/div>\n\t\t\t\t<figcaption class='wp-caption-text gallery-caption' id='gallery-1-3152'>\n\t\t\t\tSpa Classic 2014\n\t\t\t\t<\/figcaption><\/figure><figure class='gallery-item'>\n\t\t\t<div class='gallery-icon portrait'>\n\t\t\t\t<a href='https:\/\/oldtimer-veranstaltung.de\/kalender\/wp-content\/uploads\/2013\/10\/Concorso-d\u2019Eleganza-Villa-d\u2019Este-2014.jpg'><img loading=\"lazy\" decoding=\"async\" width=\"150\" height=\"150\" src=\"https:\/\/oldtimer-veranstaltung.de\/kalender\/wp-content\/uploads\/2013\/10\/Concorso-d\u2019Eleganza-Villa-d\u2019Este-2014-150x150.jpg\" class=\"attachment-thumbnail size-thumbnail\" alt=\"Concorso d\u2019Eleganza Villa d\u2019Este 2014\" aria-describedby=\"gallery-1-3322\" \/><\/a>\n\t\t\t<\/div>\n\t\t\t\t<figcaption class='wp-caption-text gallery-caption' id='gallery-1-3322'>\n\t\t\t\tConcorso d\u2019Eleganza Villa d\u2019Este 2014\n\t\t\t\t<\/figcaption><\/figure><figure class='gallery-item'>\n\t\t\t<div class='gallery-icon portrait'>\n\t\t\t\t<a href='https:\/\/oldtimer-veranstaltung.de\/kalender\/wp-content\/uploads\/2014\/05\/Echinger-Volksfest-Oldtimertreffen-2014.jpg'><img loading=\"lazy\" decoding=\"async\" width=\"150\" height=\"150\" src=\"https:\/\/oldtimer-veranstaltung.de\/kalender\/wp-content\/uploads\/2014\/05\/Echinger-Volksfest-Oldtimertreffen-2014-150x150.jpg\" class=\"attachment-thumbnail size-thumbnail\" alt=\"Echinger Volksfest Oldtimertreffen 2014\" aria-describedby=\"gallery-1-3861\" \/><\/a>\n\t\t\t<\/div>\n\t\t\t\t<figcaption class='wp-caption-text gallery-caption' id='gallery-1-3861'>\n\t\t\t\tEchinger Volksfest Oldtimertreffen 2014\n\t\t\t\t<\/figcaption><\/figure><figure class='gallery-item'>\n\t\t\t<div class='gallery-icon portrait'>\n\t\t\t\t<a href='https:\/\/oldtimer-veranstaltung.de\/kalender\/wp-content\/uploads\/2014\/01\/Big-Bumper-Meet.jpg'><img loading=\"lazy\" decoding=\"async\" width=\"150\" height=\"150\" src=\"https:\/\/oldtimer-veranstaltung.de\/kalender\/wp-content\/uploads\/2014\/01\/Big-Bumper-Meet-150x150.jpg\" class=\"attachment-thumbnail size-thumbnail\" alt=\"Big Bumper Meet\" aria-describedby=\"gallery-1-3078\" \/><\/a>\n\t\t\t<\/div>\n\t\t\t\t<figcaption class='wp-caption-text gallery-caption' id='gallery-1-3078'>\n\t\t\t\tBig Bumper Meet\n\t\t\t\t<\/figcaption><\/figure><figure class='gallery-item'>\n\t\t\t<div class='gallery-icon portrait'>\n\t\t\t\t<a href='https:\/\/oldtimer-veranstaltung.de\/kalender\/wp-content\/uploads\/2014\/08\/Motorrad-Veteranenfahrt-2014.jpg'><img loading=\"lazy\" decoding=\"async\" width=\"150\" height=\"150\" src=\"https:\/\/oldtimer-veranstaltung.de\/kalender\/wp-content\/uploads\/2014\/08\/Motorrad-Veteranenfahrt-2014-150x150.jpg\" class=\"attachment-thumbnail size-thumbnail\" alt=\"Motorrad Veteranenfahrt 2014\" aria-describedby=\"gallery-1-4619\" \/><\/a>\n\t\t\t<\/div>\n\t\t\t\t<figcaption class='wp-caption-text gallery-caption' id='gallery-1-4619'>\n\t\t\t\tMotorrad Veteranenfahrt 2014\n\t\t\t\t<\/figcaption><\/figure><figure class='gallery-item'>\n\t\t\t<div class='gallery-icon portrait'>\n\t\t\t\t<a href='https:\/\/oldtimer-veranstaltung.de\/kalender\/wp-content\/uploads\/2014\/07\/Classic-Gala-Schwetzingen-2014.jpg'><img loading=\"lazy\" decoding=\"async\" width=\"150\" height=\"150\" src=\"https:\/\/oldtimer-veranstaltung.de\/kalender\/wp-content\/uploads\/2014\/07\/Classic-Gala-Schwetzingen-2014-150x150.jpg\" class=\"attachment-thumbnail size-thumbnail\" alt=\"Classic-Gala Schwetzingen 2014\" aria-describedby=\"gallery-1-4506\" \/><\/a>\n\t\t\t<\/div>\n\t\t\t\t<figcaption class='wp-caption-text gallery-caption' id='gallery-1-4506'>\n\t\t\t\tClassic-Gala Schwetzingen 2014\n\t\t\t\t<\/figcaption><\/figure><figure class='gallery-item'>\n\t\t\t<div class='gallery-icon portrait'>\n\t\t\t\t<a href='https:\/\/oldtimer-veranstaltung.de\/kalender\/wp-content\/uploads\/2014\/05\/Oldtimertreffen-Krefeld.jpg'><img loading=\"lazy\" decoding=\"async\" width=\"150\" height=\"150\" src=\"https:\/\/oldtimer-veranstaltung.de\/kalender\/wp-content\/uploads\/2014\/05\/Oldtimertreffen-Krefeld-150x150.jpg\" class=\"attachment-thumbnail size-thumbnail\" alt=\"Oldtimertreffen Krefeld\" aria-describedby=\"gallery-1-3903\" \/><\/a>\n\t\t\t<\/div>\n\t\t\t\t<figcaption class='wp-caption-text gallery-caption' id='gallery-1-3903'>\n\t\t\t\tOldtimertreffen Krefeld\n\t\t\t\t<\/figcaption><\/figure><figure class='gallery-item'>\n\t\t\t<div class='gallery-icon portrait'>\n\t\t\t\t<a href='https:\/\/oldtimer-veranstaltung.de\/kalender\/wp-content\/uploads\/2014\/03\/Ausstellung-12.13.-2014.jpg'><img loading=\"lazy\" decoding=\"async\" width=\"150\" height=\"150\" src=\"https:\/\/oldtimer-veranstaltung.de\/kalender\/wp-content\/uploads\/2014\/03\/Ausstellung-12.13.-2014-150x150.jpg\" class=\"attachment-thumbnail size-thumbnail\" alt=\"Ausstellung 12.-13.04.2014\" aria-describedby=\"gallery-1-3444\" \/><\/a>\n\t\t\t<\/div>\n\t\t\t\t<figcaption class='wp-caption-text gallery-caption' id='gallery-1-3444'>\n\t\t\t\tAusstellung 12.-13.04.2014\n\t\t\t\t<\/figcaption><\/figure><figure class='gallery-item'>\n\t\t\t<div class='gallery-icon portrait'>\n\t\t\t\t<a href='https:\/\/oldtimer-veranstaltung.de\/kalender\/wp-content\/uploads\/2013\/11\/Osterwiecker-Oldtimer-Treffen.jpg'><img loading=\"lazy\" decoding=\"async\" width=\"150\" height=\"150\" src=\"https:\/\/oldtimer-veranstaltung.de\/kalender\/wp-content\/uploads\/2013\/11\/Osterwiecker-Oldtimer-Treffen-150x150.jpg\" class=\"attachment-thumbnail size-thumbnail\" alt=\"Osterwiecker Oldtimer-Treffen\" aria-describedby=\"gallery-1-2313\" \/><\/a>\n\t\t\t<\/div>\n\t\t\t\t<figcaption class='wp-caption-text gallery-caption' id='gallery-1-2313'>\n\t\t\t\tOsterwiecker Oldtimer-Treffen\n\t\t\t\t<\/figcaption><\/figure><figure class='gallery-item'>\n\t\t\t<div class='gallery-icon portrait'>\n\t\t\t\t<a href='https:\/\/oldtimer-veranstaltung.de\/kalender\/wp-content\/uploads\/2014\/06\/Selbolder-Oldtimertreffen.jpg'><img loading=\"lazy\" decoding=\"async\" width=\"150\" height=\"150\" src=\"https:\/\/oldtimer-veranstaltung.de\/kalender\/wp-content\/uploads\/2014\/06\/Selbolder-Oldtimertreffen-150x150.jpg\" class=\"attachment-thumbnail size-thumbnail\" alt=\"Selbolder Oldtimertreffen\" aria-describedby=\"gallery-1-4319\" \/><\/a>\n\t\t\t<\/div>\n\t\t\t\t<figcaption class='wp-caption-text gallery-caption' id='gallery-1-4319'>\n\t\t\t\tSelbolder Oldtimertreffen\n\t\t\t\t<\/figcaption><\/figure><figure class='gallery-item'>\n\t\t\t<div class='gallery-icon landscape'>\n\t\t\t\t<a href='https:\/\/oldtimer-veranstaltung.de\/kalender\/wp-content\/uploads\/2014\/01\/Ostsee-Klassik.jpg'><img loading=\"lazy\" decoding=\"async\" width=\"150\" height=\"150\" src=\"https:\/\/oldtimer-veranstaltung.de\/kalender\/wp-content\/uploads\/2014\/01\/Ostsee-Klassik-150x150.jpg\" class=\"attachment-thumbnail size-thumbnail\" alt=\"Ostsee-Klassik\" aria-describedby=\"gallery-1-2988\" \/><\/a>\n\t\t\t<\/div>\n\t\t\t\t<figcaption class='wp-caption-text gallery-caption' id='gallery-1-2988'>\n\t\t\t\tOstsee-Klassik\n\t\t\t\t<\/figcaption><\/figure><figure class='gallery-item'>\n\t\t\t<div class='gallery-icon landscape'>\n\t\t\t\t<a href='https:\/\/oldtimer-veranstaltung.de\/kalender\/wp-content\/uploads\/2014\/04\/Cars-Rockn-Roll-Lebach.jpg'><img loading=\"lazy\" decoding=\"async\" width=\"150\" height=\"150\" src=\"https:\/\/oldtimer-veranstaltung.de\/kalender\/wp-content\/uploads\/2014\/04\/Cars-Rockn-Roll-Lebach-150x150.jpg\" class=\"attachment-thumbnail size-thumbnail\" alt=\"Cars Rock\u00b4n Roll Lebach\" aria-describedby=\"gallery-1-3719\" \/><\/a>\n\t\t\t<\/div>\n\t\t\t\t<figcaption class='wp-caption-text gallery-caption' id='gallery-1-3719'>\n\t\t\t\tCars Rock\u00b4n Roll Lebach\n\t\t\t\t<\/figcaption><\/figure><figure class='gallery-item'>\n\t\t\t<div class='gallery-icon portrait'>\n\t\t\t\t<a href='https:\/\/oldtimer-veranstaltung.de\/kalender\/wp-content\/uploads\/2014\/05\/Grossglockner-Oldtimer-Traktoren-Olympiade.jpg'><img loading=\"lazy\" decoding=\"async\" width=\"150\" height=\"150\" src=\"https:\/\/oldtimer-veranstaltung.de\/kalender\/wp-content\/uploads\/2014\/05\/Grossglockner-Oldtimer-Traktoren-Olympiade-150x150.jpg\" class=\"attachment-thumbnail size-thumbnail\" alt=\"Gro\u00dfglockner Oldtimer Traktoren Olympiade\" aria-describedby=\"gallery-1-4014\" \/><\/a>\n\t\t\t<\/div>\n\t\t\t\t<figcaption class='wp-caption-text gallery-caption' id='gallery-1-4014'>\n\t\t\t\tGro\u00dfglockner Oldtimer Traktoren Olympiade\n\t\t\t\t<\/figcaption><\/figure><figure class='gallery-item'>\n\t\t\t<div class='gallery-icon portrait'>\n\t\t\t\t<a href='https:\/\/oldtimer-veranstaltung.de\/kalender\/wp-content\/uploads\/2014\/02\/Oldtimer-Teilemarkt-Torgau.jpg'><img loading=\"lazy\" decoding=\"async\" width=\"150\" height=\"150\" src=\"https:\/\/oldtimer-veranstaltung.de\/kalender\/wp-content\/uploads\/2014\/02\/Oldtimer-Teilemarkt-Torgau-150x150.jpg\" class=\"attachment-thumbnail size-thumbnail\" alt=\"Oldtimer Teilemarkt Torgau\" aria-describedby=\"gallery-1-3157\" \/><\/a>\n\t\t\t<\/div>\n\t\t\t\t<figcaption class='wp-caption-text gallery-caption' id='gallery-1-3157'>\n\t\t\t\tOldtimer Teilemarkt Torgau\n\t\t\t\t<\/figcaption><\/figure><figure class='gallery-item'>\n\t\t\t<div class='gallery-icon portrait'>\n\t\t\t\t<a href='https:\/\/oldtimer-veranstaltung.de\/kalender\/wp-content\/uploads\/2014\/01\/BMW-02-Freunde-Alfstedt.jpg'><img loading=\"lazy\" decoding=\"async\" width=\"150\" height=\"150\" src=\"https:\/\/oldtimer-veranstaltung.de\/kalender\/wp-content\/uploads\/2014\/01\/BMW-02-Freunde-Alfstedt-150x150.jpg\" class=\"attachment-thumbnail size-thumbnail\" alt=\"BMW 02 Freunde Alfstedt\" aria-describedby=\"gallery-1-3062\" \/><\/a>\n\t\t\t<\/div>\n\t\t\t\t<figcaption class='wp-caption-text gallery-caption' id='gallery-1-3062'>\n\t\t\t\tBMW 02 Freunde Alfstedt\n\t\t\t\t<\/figcaption><\/figure><figure class='gallery-item'>\n\t\t\t<div class='gallery-icon portrait'>\n\t\t\t\t<a href='https:\/\/oldtimer-veranstaltung.de\/kalender\/wp-content\/uploads\/2014\/06\/Oldtimer-Classic-US-Cars-Treffen.jpg'><img loading=\"lazy\" decoding=\"async\" width=\"150\" height=\"150\" src=\"https:\/\/oldtimer-veranstaltung.de\/kalender\/wp-content\/uploads\/2014\/06\/Oldtimer-Classic-US-Cars-Treffen-150x150.jpg\" class=\"attachment-thumbnail size-thumbnail\" alt=\"Oldtimer Classic US-Cars Treffen\" aria-describedby=\"gallery-1-4340\" \/><\/a>\n\t\t\t<\/div>\n\t\t\t\t<figcaption class='wp-caption-text gallery-caption' id='gallery-1-4340'>\n\t\t\t\tOldtimer Classic US-Cars Treffen\n\t\t\t\t<\/figcaption><\/figure><figure class='gallery-item'>\n\t\t\t<div class='gallery-icon portrait'>\n\t\t\t\t<a href='https:\/\/oldtimer-veranstaltung.de\/kalender\/wp-content\/uploads\/2014\/05\/Europa-Klassik-Andernach.jpg'><img loading=\"lazy\" decoding=\"async\" width=\"150\" height=\"150\" src=\"https:\/\/oldtimer-veranstaltung.de\/kalender\/wp-content\/uploads\/2014\/05\/Europa-Klassik-Andernach-150x150.jpg\" class=\"attachment-thumbnail size-thumbnail\" alt=\"Europa-Klassik Andernach\" aria-describedby=\"gallery-1-4073\" \/><\/a>\n\t\t\t<\/div>\n\t\t\t\t<figcaption class='wp-caption-text gallery-caption' id='gallery-1-4073'>\n\t\t\t\tEuropa-Klassik Andernach\n\t\t\t\t<\/figcaption><\/figure><figure class='gallery-item'>\n\t\t\t<div class='gallery-icon portrait'>\n\t\t\t\t<a href='https:\/\/oldtimer-veranstaltung.de\/kalender\/wp-content\/uploads\/2014\/06\/Oldtimer-Meeting-Baden-Baden-2014.jpg'><img loading=\"lazy\" decoding=\"async\" width=\"150\" height=\"150\" src=\"https:\/\/oldtimer-veranstaltung.de\/kalender\/wp-content\/uploads\/2014\/06\/Oldtimer-Meeting-Baden-Baden-2014-150x150.jpg\" class=\"attachment-thumbnail size-thumbnail\" alt=\"Oldtimer-Meeting Baden-Baden 2014\" aria-describedby=\"gallery-1-4389\" \/><\/a>\n\t\t\t<\/div>\n\t\t\t\t<figcaption class='wp-caption-text gallery-caption' id='gallery-1-4389'>\n\t\t\t\tOldtimer-Meeting Baden-Baden 2014\n\t\t\t\t<\/figcaption><\/figure><figure class='gallery-item'>\n\t\t\t<div class='gallery-icon portrait'>\n\t\t\t\t<a href='https:\/\/oldtimer-veranstaltung.de\/kalender\/wp-content\/uploads\/2014\/04\/luener-oldtimertreffen-2014.png'><img loading=\"lazy\" decoding=\"async\" width=\"150\" height=\"150\" src=\"https:\/\/oldtimer-veranstaltung.de\/kalender\/wp-content\/uploads\/2014\/04\/luener-oldtimertreffen-2014-150x150.png\" class=\"attachment-thumbnail size-thumbnail\" alt=\"L\u00fcner Oldtimertreffen 2014\" aria-describedby=\"gallery-1-3788\" \/><\/a>\n\t\t\t<\/div>\n\t\t\t\t<figcaption class='wp-caption-text gallery-caption' id='gallery-1-3788'>\n\t\t\t\tL\u00fcner Oldtimertreffen 2014\n\t\t\t\t<\/figcaption><\/figure><figure class='gallery-item'>\n\t\t\t<div class='gallery-icon portrait'>\n\t\t\t\t<a href='https:\/\/oldtimer-veranstaltung.de\/kalender\/wp-content\/uploads\/2014\/03\/Oldtimer-Rallye_Flyer_2014.jpg'><img loading=\"lazy\" decoding=\"async\" width=\"150\" height=\"150\" src=\"https:\/\/oldtimer-veranstaltung.de\/kalender\/wp-content\/uploads\/2014\/03\/Oldtimer-Rallye_Flyer_2014-150x150.jpg\" class=\"attachment-thumbnail size-thumbnail\" alt=\"Oldtimer-Rallye\" aria-describedby=\"gallery-1-3442\" \/><\/a>\n\t\t\t<\/div>\n\t\t\t\t<figcaption class='wp-caption-text gallery-caption' id='gallery-1-3442'>\n\t\t\t\tOldtimer-Rallye\n\t\t\t\t<\/figcaption><\/figure><figure class='gallery-item'>\n\t\t\t<div class='gallery-icon portrait'>\n\t\t\t\t<a href='https:\/\/oldtimer-veranstaltung.de\/kalender\/wp-content\/uploads\/2014\/05\/fivaworldrally-flyer.jpg'><img loading=\"lazy\" decoding=\"async\" width=\"150\" height=\"150\" src=\"https:\/\/oldtimer-veranstaltung.de\/kalender\/wp-content\/uploads\/2014\/05\/fivaworldrally-flyer-150x150.jpg\" class=\"attachment-thumbnail size-thumbnail\" alt=\"FiVA World Rally Flyer\" aria-describedby=\"gallery-1-4086\" \/><\/a>\n\t\t\t<\/div>\n\t\t\t\t<figcaption class='wp-caption-text gallery-caption' id='gallery-1-4086'>\n\t\t\t\tFiVA World Rally Flyer\n\t\t\t\t<\/figcaption><\/figure><figure class='gallery-item'>\n\t\t\t<div class='gallery-icon portrait'>\n\t\t\t\t<a href='https:\/\/oldtimer-veranstaltung.de\/kalender\/wp-content\/uploads\/2014\/01\/Oelspur-Classic-Rallye.jpg'><img loading=\"lazy\" decoding=\"async\" width=\"150\" height=\"150\" src=\"https:\/\/oldtimer-veranstaltung.de\/kalender\/wp-content\/uploads\/2014\/01\/Oelspur-Classic-Rallye-150x150.jpg\" class=\"attachment-thumbnail size-thumbnail\" alt=\"Oelspur-Classic-Rallye\" aria-describedby=\"gallery-1-2945\" \/><\/a>\n\t\t\t<\/div>\n\t\t\t\t<figcaption class='wp-caption-text gallery-caption' id='gallery-1-2945'>\n\t\t\t\tOelspur-Classic-Rallye\n\t\t\t\t<\/figcaption><\/figure><figure class='gallery-item'>\n\t\t\t<div class='gallery-icon portrait'>\n\t\t\t\t<a href='https:\/\/oldtimer-veranstaltung.de\/kalender\/wp-content\/uploads\/2014\/03\/Opel-Treffen.jpg'><img loading=\"lazy\" decoding=\"async\" width=\"150\" height=\"150\" src=\"https:\/\/oldtimer-veranstaltung.de\/kalender\/wp-content\/uploads\/2014\/03\/Opel-Treffen-150x150.jpg\" class=\"attachment-thumbnail size-thumbnail\" alt=\"Opel Treffen\" aria-describedby=\"gallery-1-3357\" \/><\/a>\n\t\t\t<\/div>\n\t\t\t\t<figcaption class='wp-caption-text gallery-caption' id='gallery-1-3357'>\n\t\t\t\tOpel Treffen\n\t\t\t\t<\/figcaption><\/figure><figure class='gallery-item'>\n\t\t\t<div class='gallery-icon landscape'>\n\t\t\t\t<a href='https:\/\/oldtimer-veranstaltung.de\/kalender\/wp-content\/uploads\/2013\/10\/Alpenfahrt-Classic.jpg'><img loading=\"lazy\" decoding=\"async\" width=\"150\" height=\"150\" src=\"https:\/\/oldtimer-veranstaltung.de\/kalender\/wp-content\/uploads\/2013\/10\/Alpenfahrt-Classic-150x150.jpg\" class=\"attachment-thumbnail size-thumbnail\" alt=\"Alpenfahrt-Classic\" aria-describedby=\"gallery-1-2272\" srcset=\"https:\/\/oldtimer-veranstaltung.de\/kalender\/wp-content\/uploads\/2013\/10\/Alpenfahrt-Classic-150x150.jpg 150w, https:\/\/oldtimer-veranstaltung.de\/kalender\/wp-content\/uploads\/2013\/10\/Alpenfahrt-Classic-300x300.jpg 300w, https:\/\/oldtimer-veranstaltung.de\/kalender\/wp-content\/uploads\/2013\/10\/Alpenfahrt-Classic.jpg 709w\" sizes=\"auto, (max-width: 150px) 100vw, 150px\" \/><\/a>\n\t\t\t<\/div>\n\t\t\t\t<figcaption class='wp-caption-text gallery-caption' id='gallery-1-2272'>\n\t\t\t\tAlpenfahrt-Classic 2014\n\t\t\t\t<\/figcaption><\/figure><figure class='gallery-item'>\n\t\t\t<div class='gallery-icon landscape'>\n\t\t\t\t<a href='https:\/\/oldtimer-veranstaltung.de\/kalender\/wp-content\/uploads\/2013\/09\/Christophorus-Fahrt.jpg'><img loading=\"lazy\" decoding=\"async\" width=\"150\" height=\"150\" src=\"https:\/\/oldtimer-veranstaltung.de\/kalender\/wp-content\/uploads\/2013\/09\/Christophorus-Fahrt-150x150.jpg\" class=\"attachment-thumbnail size-thumbnail\" alt=\"Christophorus-Fahrt\" aria-describedby=\"gallery-1-1970\" \/><\/a>\n\t\t\t<\/div>\n\t\t\t\t<figcaption class='wp-caption-text gallery-caption' id='gallery-1-1970'>\n\t\t\t\tChristophorus-Fahrt\n\t\t\t\t<\/figcaption><\/figure><figure class='gallery-item'>\n\t\t\t<div class='gallery-icon portrait'>\n\t\t\t\t<a href='https:\/\/oldtimer-veranstaltung.de\/kalender\/wp-content\/uploads\/2014\/03\/Treffen-Oldtimer-Straubing.jpg'><img loading=\"lazy\" decoding=\"async\" width=\"150\" height=\"150\" src=\"https:\/\/oldtimer-veranstaltung.de\/kalender\/wp-content\/uploads\/2014\/03\/Treffen-Oldtimer-Straubing-150x150.jpg\" class=\"attachment-thumbnail size-thumbnail\" alt=\"Treffen Oldtimer Straubing\" aria-describedby=\"gallery-1-3469\" \/><\/a>\n\t\t\t<\/div>\n\t\t\t\t<figcaption class='wp-caption-text gallery-caption' id='gallery-1-3469'>\n\t\t\t\tTreffen Oldtimer Straubing\n\t\t\t\t<\/figcaption><\/figure><figure class='gallery-item'>\n\t\t\t<div class='gallery-icon portrait'>\n\t\t\t\t<a href='https:\/\/oldtimer-veranstaltung.de\/kalender\/wp-content\/uploads\/2014\/02\/Salon-Champenois-du-Vehicle-de-Collection.jpg'><img loading=\"lazy\" decoding=\"async\" width=\"150\" height=\"150\" src=\"https:\/\/oldtimer-veranstaltung.de\/kalender\/wp-content\/uploads\/2014\/02\/Salon-Champenois-du-Vehicle-de-Collection-150x150.jpg\" class=\"attachment-thumbnail size-thumbnail\" alt=\"Salon Champenois du Vehicle de Collection Reims\" aria-describedby=\"gallery-1-3111\" \/><\/a>\n\t\t\t<\/div>\n\t\t\t\t<figcaption class='wp-caption-text gallery-caption' id='gallery-1-3111'>\n\t\t\t\tSalon Champenois du Vehicle de Collection Reims\n\t\t\t\t<\/figcaption><\/figure><figure class='gallery-item'>\n\t\t\t<div class='gallery-icon portrait'>\n\t\t\t\t<a href='https:\/\/oldtimer-veranstaltung.de\/kalender\/wp-content\/uploads\/2014\/05\/Bad-Aibling-Oldie-Night-Days.jpg'><img loading=\"lazy\" decoding=\"async\" width=\"150\" height=\"150\" src=\"https:\/\/oldtimer-veranstaltung.de\/kalender\/wp-content\/uploads\/2014\/05\/Bad-Aibling-Oldie-Night-Days-150x150.jpg\" class=\"attachment-thumbnail size-thumbnail\" alt=\"Bad Aibling Oldie Night &amp; Days\" aria-describedby=\"gallery-1-4005\" \/><\/a>\n\t\t\t<\/div>\n\t\t\t\t<figcaption class='wp-caption-text gallery-caption' id='gallery-1-4005'>\n\t\t\t\tBad Aibling Oldie Night &#038; Days\n\t\t\t\t<\/figcaption><\/figure><figure class='gallery-item'>\n\t\t\t<div class='gallery-icon portrait'>\n\t\t\t\t<a href='https:\/\/oldtimer-veranstaltung.de\/kalender\/wp-content\/uploads\/2014\/05\/Compo_Remparts_2014.jpg'><img loading=\"lazy\" decoding=\"async\" width=\"150\" height=\"150\" src=\"https:\/\/oldtimer-veranstaltung.de\/kalender\/wp-content\/uploads\/2014\/05\/Compo_Remparts_2014-150x150.jpg\" class=\"attachment-thumbnail size-thumbnail\" alt=\"Compo Remparts 2014\" aria-describedby=\"gallery-1-4314\" \/><\/a>\n\t\t\t<\/div>\n\t\t\t\t<figcaption class='wp-caption-text gallery-caption' id='gallery-1-4314'>\n\t\t\t\tCompo Remparts 2014\n\t\t\t\t<\/figcaption><\/figure><figure class='gallery-item'>\n\t\t\t<div class='gallery-icon landscape'>\n\t\t\t\t<a href='https:\/\/oldtimer-veranstaltung.de\/kalender\/wp-content\/uploads\/2013\/08\/Hamburg-Stadtpark-Revival.jpg'><img loading=\"lazy\" decoding=\"async\" width=\"150\" height=\"150\" src=\"https:\/\/oldtimer-veranstaltung.de\/kalender\/wp-content\/uploads\/2013\/08\/Hamburg-Stadtpark-Revival-150x150.jpg\" class=\"attachment-thumbnail size-thumbnail\" alt=\"Hamburg Stadtpark-Revival\" aria-describedby=\"gallery-1-1960\" \/><\/a>\n\t\t\t<\/div>\n\t\t\t\t<figcaption class='wp-caption-text gallery-caption' id='gallery-1-1960'>\n\t\t\t\tHamburg Stadtpark-Revival\n\t\t\t\t<\/figcaption><\/figure><figure class='gallery-item'>\n\t\t\t<div class='gallery-icon portrait'>\n\t\t\t\t<a href='https:\/\/oldtimer-veranstaltung.de\/kalender\/wp-content\/uploads\/2014\/02\/Citroen\u2013die-Geschichte-einer-grossen-Marke.jpg'><img loading=\"lazy\" decoding=\"async\" width=\"150\" height=\"150\" src=\"https:\/\/oldtimer-veranstaltung.de\/kalender\/wp-content\/uploads\/2014\/02\/Citroen\u2013die-Geschichte-einer-grossen-Marke-150x150.jpg\" class=\"attachment-thumbnail size-thumbnail\" alt=\"Citro\u00ebn die Geschichte einer grossen Marke\" aria-describedby=\"gallery-1-3219\" \/><\/a>\n\t\t\t<\/div>\n\t\t\t\t<figcaption class='wp-caption-text gallery-caption' id='gallery-1-3219'>\n\t\t\t\tCitro\u00ebn die Geschichte einer grossen Marke\n\t\t\t\t<\/figcaption><\/figure><figure class='gallery-item'>\n\t\t\t<div class='gallery-icon landscape'>\n\t\t\t\t<a href='https:\/\/oldtimer-veranstaltung.de\/kalender\/wp-content\/uploads\/2013\/11\/NSU-Treffen-Waging.jpg'><img loading=\"lazy\" decoding=\"async\" width=\"150\" height=\"150\" src=\"https:\/\/oldtimer-veranstaltung.de\/kalender\/wp-content\/uploads\/2013\/11\/NSU-Treffen-Waging-150x150.jpg\" class=\"attachment-thumbnail size-thumbnail\" alt=\"NSU Treffen Waging am See\" aria-describedby=\"gallery-1-2470\" \/><\/a>\n\t\t\t<\/div>\n\t\t\t\t<figcaption class='wp-caption-text gallery-caption' id='gallery-1-2470'>\n\t\t\t\tNSU Treffen Waging am See\n\t\t\t\t<\/figcaption><\/figure><figure class='gallery-item'>\n\t\t\t<div class='gallery-icon landscape'>\n\t\t\t\t<a href='https:\/\/oldtimer-veranstaltung.de\/kalender\/wp-content\/uploads\/2013\/11\/25.-Alex-v.-Falkenhausen-Classics.jpg'><img loading=\"lazy\" decoding=\"async\" width=\"150\" height=\"150\" src=\"https:\/\/oldtimer-veranstaltung.de\/kalender\/wp-content\/uploads\/2013\/11\/25.-Alex-v.-Falkenhausen-Classics-150x150.jpg\" class=\"attachment-thumbnail size-thumbnail\" alt=\"25. Alex-v.-Falkenhausen-Classics\" aria-describedby=\"gallery-1-2351\" \/><\/a>\n\t\t\t<\/div>\n\t\t\t\t<figcaption class='wp-caption-text gallery-caption' id='gallery-1-2351'>\n\t\t\t\t25. Alex-v.-Falkenhausen-Classics\n\t\t\t\t<\/figcaption><\/figure><figure class='gallery-item'>\n\t\t\t<div class='gallery-icon landscape'>\n\t\t\t\t<a href='https:\/\/oldtimer-veranstaltung.de\/kalender\/wp-content\/uploads\/2014\/07\/Jazz-meets-Classics.jpg'><img loading=\"lazy\" decoding=\"async\" width=\"150\" height=\"150\" src=\"https:\/\/oldtimer-veranstaltung.de\/kalender\/wp-content\/uploads\/2014\/07\/Jazz-meets-Classics-150x150.jpg\" class=\"attachment-thumbnail size-thumbnail\" alt=\"Jazz meets Classics\" aria-describedby=\"gallery-1-4421\" \/><\/a>\n\t\t\t<\/div>\n\t\t\t\t<figcaption class='wp-caption-text gallery-caption' id='gallery-1-4421'>\n\t\t\t\tJazz meets Classics\n\t\t\t\t<\/figcaption><\/figure><figure class='gallery-item'>\n\t\t\t<div class='gallery-icon portrait'>\n\t\t\t\t<a href='https:\/\/oldtimer-veranstaltung.de\/kalender\/wp-content\/uploads\/2014\/06\/Olditreffen-Kult-Werkstatt-Schweiz.jpg'><img loading=\"lazy\" decoding=\"async\" width=\"150\" height=\"150\" src=\"https:\/\/oldtimer-veranstaltung.de\/kalender\/wp-content\/uploads\/2014\/06\/Olditreffen-Kult-Werkstatt-Schweiz-150x150.jpg\" class=\"attachment-thumbnail size-thumbnail\" alt=\"Olditreffen Kult-Werkstatt Schweiz\" aria-describedby=\"gallery-1-4346\" \/><\/a>\n\t\t\t<\/div>\n\t\t\t\t<figcaption class='wp-caption-text gallery-caption' id='gallery-1-4346'>\n\t\t\t\tOlditreffen Kult-Werkstatt Schweiz\n\t\t\t\t<\/figcaption><\/figure><figure class='gallery-item'>\n\t\t\t<div class='gallery-icon portrait'>\n\t\t\t\t<a href='https:\/\/oldtimer-veranstaltung.de\/kalender\/wp-content\/uploads\/2014\/06\/Oldtimer-Grand-Prix-2014.jpg'><img loading=\"lazy\" decoding=\"async\" width=\"150\" height=\"150\" src=\"https:\/\/oldtimer-veranstaltung.de\/kalender\/wp-content\/uploads\/2014\/06\/Oldtimer-Grand-Prix-2014-150x150.jpg\" class=\"attachment-thumbnail size-thumbnail\" alt=\"Oldtimer Grand-Prix 2014\" aria-describedby=\"gallery-1-4282\" \/><\/a>\n\t\t\t<\/div>\n\t\t\t\t<figcaption class='wp-caption-text gallery-caption' id='gallery-1-4282'>\n\t\t\t\tOldtimer Grand-Prix 2014\n\t\t\t\t<\/figcaption><\/figure><figure class='gallery-item'>\n\t\t\t<div class='gallery-icon portrait'>\n\t\t\t\t<a href='https:&#x2f;&#x2f;&#x6f;&#108;&#100;&#116;im&#x65;&#x72;&#x2d;&#x76;&#101;&#114;an&#x73;&#x74;&#x61;&#x6c;&#116;&#117;ng&#x2e;&#x64;&#x65;&#x2f;&#107;&#97;&#108;en&#x64;&#x65;&#x72;&#x2f;&#119;&#112;-c&#x6f;&#x6e;&#x74;&#x65;&#110;&#116;\/u&#x70;&#x6c;&#x6f;&#x61;&#100;&#115;&#47;20&#x31;&#x34;&#x2f;&#x30;&#53;&#47;Ol&#x64;&#x74;&#x69;&#x6d;&#101;&#114;-&#64;&#x2d;&#x42;\u00e4&#114;&#101;&#110;pa&#x72;&#x6b;&#x2d;&#x32;&#48;&#49;4&#46;&#x6a;&#x70;&#x67;'><img loading=\"lazy\" decoding=\"async\" width=\"150\" height=\"150\" src=\"https:&#x2f;&#x2f;&#x6f;&#x6c;&#x64;&#x74;&#x69;&#x6d;&#x65;&#x72;&#x2d;&#x76;&#x65;&#x72;&#x61;&#x6e;&#x73;&#x74;&#x61;&#x6c;&#x74;&#x75;&#x6e;&#x67;&#x2e;&#x64;&#x65;&#x2f;&#x6b;&#x61;&#x6c;&#x65;&#x6e;&#x64;&#x65;&#x72;&#x2f;&#x77;&#x70;&#x2d;&#x63;&#x6f;&#x6e;&#x74;&#101;&#110;&#116;&#47;&#117;&#112;&#108;&#111;&#97;&#100;&#115;&#47;&#50;&#48;&#49;&#52;&#47;&#48;&#53;&#47;&#79;&#108;&#100;&#116;&#105;&#109;&#101;&#114;&#45;&#64;&#45;B\u00e4renpark-2014-150x150&#46;&#x6a;&#x70;&#x67;\" class=\"attachment-thumbnail size-thumbnail\" alt=\"Oldtimer am B\u00e4renpark Worbis 2014\" aria-describedby=\"gallery-1-3853\" \/><\/a>\n\t\t\t<\/div>\n\t\t\t\t<figcaption class='wp-caption-text gallery-caption' id='gallery-1-3853'>\n\t\t\t\tOldtimer am B\u00e4renpark Worbis 2014\n\t\t\t\t<\/figcaption><\/figure><figure class='gallery-item'>\n\t\t\t<div class='gallery-icon portrait'>\n\t\t\t\t<a href='https:\/\/oldtimer-veranstaltung.de\/kalender\/wp-content\/uploads\/2013\/11\/Automuseum-Jahresprogramm-2014.jpg'><img loading=\"lazy\" decoding=\"async\" width=\"150\" height=\"150\" src=\"https:\/\/oldtimer-veranstaltung.de\/kalender\/wp-content\/uploads\/2013\/11\/Automuseum-Jahresprogramm-2014-150x150.jpg\" class=\"attachment-thumbnail size-thumbnail\" alt=\"Automuseum im Schloss Wolfegg von Fritz B. Busch\" aria-describedby=\"gallery-1-3553\" \/><\/a>\n\t\t\t<\/div>\n\t\t\t\t<figcaption class='wp-caption-text gallery-caption' id='gallery-1-3553'>\n\t\t\t\tAutomuseum im Schloss Wolfegg von Fritz B. Busch\n\t\t\t\t<\/figcaption><\/figure><figure class='gallery-item'>\n\t\t\t<div class='gallery-icon portrait'>\n\t\t\t\t<a href='https:\/\/oldtimer-veranstaltung.de\/kalender\/wp-content\/uploads\/2014\/05\/schoene-sterne-2014-Oldtimer-Treffen.jpg'><img loading=\"lazy\" decoding=\"async\" width=\"150\" height=\"150\" src=\"https:\/\/oldtimer-veranstaltung.de\/kalender\/wp-content\/uploads\/2014\/05\/schoene-sterne-2014-Oldtimer-Treffen-150x150.jpg\" class=\"attachment-thumbnail size-thumbnail\" alt=\"sch\u00f6ne Sterne 2014 Oldtimer-Treffen\" aria-describedby=\"gallery-1-4029\" \/><\/a>\n\t\t\t<\/div>\n\t\t\t\t<figcaption class='wp-caption-text gallery-caption' id='gallery-1-4029'>\n\t\t\t\tsch\u00f6ne Sterne 2014 Oldtimer-Treffen\n\t\t\t\t<\/figcaption><\/figure><figure class='gallery-item'>\n\t\t\t<div class='gallery-icon landscape'>\n\t\t\t\t<a href='https:\/\/oldtimer-veranstaltung.de\/kalender\/wp-content\/uploads\/2014\/06\/Flyer-Ciao-Italia_Oldtimerfabrik-Classic.jpg'><img loading=\"lazy\" decoding=\"async\" width=\"150\" height=\"150\" src=\"https:\/\/oldtimer-veranstaltung.de\/kalender\/wp-content\/uploads\/2014\/06\/Flyer-Ciao-Italia_Oldtimerfabrik-Classic-150x150.jpg\" class=\"attachment-thumbnail size-thumbnail\" alt=\"Flyer Ciao-Italia Oldtimerfabrik-Classic\" aria-describedby=\"gallery-1-4192\" \/><\/a>\n\t\t\t<\/div>\n\t\t\t\t<figcaption class='wp-caption-text gallery-caption' id='gallery-1-4192'>\n\t\t\t\tFlyer Ciao-Italia Oldtimerfabrik-Classic\n\t\t\t\t<\/figcaption><\/figure>\n\t\t<\/div>\n\n<p>&nbsp;<\/p>\n<p>\u00a9 Fotoquelle und Bildrechte: siehe zugeh\u00f6rige Veranstaltung im <a href=\"https:\/\/oldtimer-veranstaltung.de\/kalender\/\" title=\"Link zum Oldtimer Terminkalender\" target=\"_blank\">Terminkalender<\/a> unter dem jeweiligen Bild.<\/p>\n<p>Die vollst\u00e4ndigen Termine <a href=\"https:\/\/oldtimer-veranstaltung.de\/kalender\/oldtimer-termine-treffen-und-events-deutschland-2014\/\" target=\"_blank\">Oldtimer Events 2014<\/a> finden Sie mit diesem Link.<\/p>\n","protected":false},"excerpt":{"rendered":"<p>In diesem Beitrag pr\u00e4sentieren wir Ihnen zu mehr als 600 Oldtimer Terminen 2014 einige Plakate, die der jeweilige Veranstalter zur Verf\u00fcgung gestellt hat. Das Laden und anschlie\u00dfende Erscheinen der Plakate&#8230;<\/p>\n","protected":false},"author":1,"featured_media":0,"comment_status":"closed","ping_status":"closed","sticky":false,"template":"","format":"standard","meta":{"footnotes":""},"categories":[303],"tags":[310],"class_list":["post-2567","post","type-post","status-publish","format-standard","hentry","category-termine","tag-oldtimer-termine"],"_links":{"self":[{"href":"https:\/\/oldtimer-veranstaltung.de\/kalender\/wp-json\/wp\/v2\/posts\/2567","targetHints":{"allow":["GET"]}}],"collection":[{"href":"https:\/\/oldtimer-veranstaltung.de\/kalender\/wp-json\/wp\/v2\/posts"}],"about":[{"href":"https:\/\/oldtimer-veranstaltung.de\/kalender\/wp-json\/wp\/v2\/types\/post"}],"author":[{"embeddable":true,"href":"https:\/\/oldtimer-veranstaltung.de\/kalender\/wp-json\/wp\/v2\/users\/1"}],"replies":[{"embeddable":true,"href":"https:\/\/oldtimer-veranstaltung.de\/kalender\/wp-json\/wp\/v2\/comments?post=2567"}],"version-history":[{"count":0,"href":"https:\/\/oldtimer-veranstaltung.de\/kalender\/wp-json\/wp\/v2\/posts\/2567\/revisions"}],"wp:attachment":[{"href":"https:\/\/oldtimer-veranstaltung.de\/kalender\/wp-json\/wp\/v2\/media?parent=2567"}],"wp:term":[{"taxonomy":"category","embeddable":true,"href":"https:\/\/oldtimer-veranstaltung.de\/kalender\/wp-json\/wp\/v2\/categories?post=2567"},{"taxonomy":"post_tag","embeddable":true,"href":"https:\/\/oldtimer-veranstaltung.de\/kalender\/wp-json\/wp\/v2\/tags?post=2567"}],"curies":[{"name":"wp","href":"https:\/\/api.w.org\/{rel}","templated":true}]}}