{"id":195,"date":"2019-11-07T10:40:19","date_gmt":"2019-11-07T09:40:19","guid":{"rendered":"https:\/\/klassiker-und-motormagazin.de\/?p=195"},"modified":"2019-11-07T10:41:56","modified_gmt":"2019-11-07T09:41:56","slug":"classic-days-schloss-dyck-2017","status":"publish","type":"post","link":"https:\/\/oldtimer-veranstaltung.de\/inserat\/classic-days-schloss-dyck-2017\/","title":{"rendered":"Classic Days Schloss Dyck 2017"},"content":{"rendered":"<p>Bereits zum 12. Mal fand vom 4.-6. August 2017 die Classic Days auf Schloss Dyck (Rheinland) statt. Das Programm war wieder reich an Attraktionen im Bereich der diversen ausgestellten Fahrzeuge, \u00fcber die abwechslungsreichen Demonstrationsfahrtens auf dem Rundkurs, <a href=\"https:\/\/oldtimer-veranstaltung.de\/2016\/08\/camping-im-schlosspark\/\">historisches Camping<\/a> Charme &#038; Style, Jewels in the Park, Loveley Heroes, Nostalgic Journey, Stars &#038; Stripes und Legenden des Motorsports.<\/p>\n<p>Heute m\u00f6chte ich einen Veranstaltungsbericht in Form einer Fotogalerie von Fahrzeugen und Menschen zeigen, die bei dieser au\u00dfergew\u00f6hnlichen Veranstaltung \u00fcber drei Tage f\u00fcr Unterhaltung sorgten. Es gab viel zu sehen, so dass ein Besuchstag f\u00fcr diese grandiose Veranstaltung nicht ausreichend ist. Detaillierte Berichte \u00fcber einzelne Fahrzeuge und Videos folgen bei Gelegenheit.<\/p>\n<p>Einen besonderer Dank gilt dem Initator, Organisator Marcus Herfort, seinem gro\u00dfem Team und Helfern f\u00fcr diese Veranstaltung mit j\u00e4hrlich immer wieder neuen Attraktionen. Danke auch an Beho\u0308rden, Polizei und Rettungskra\u0308ften fu\u0308r ihre Unterst\u00fctzung.<\/p>\n<p>Am Sonntagabend hie\u00df es aufatmen f\u00fcr die \u00fcber dreihundert Mitglieder und freiwilligen Helfer des Classic Days e.V.<\/p>\n\n\t\t<!-- MasterSlider -->\n\t\t<div id=\"P_MS69e6661d568eb\" class=\"master-slider-parent msl ms-parent-id-4\" style=\"max-width:730px;\">\n\n\t\t\t\n\t\t\t<!-- MasterSlider Main -->\n\t\t\t<div id=\"MS69e6661d568eb\" class=\"master-slider ms-skin-default\" >\n\t\t\t\t \t\t\t\t \n\t\t\t\t<div  class=\"ms-slide\" data-delay=\"3\" data-fill-mode=\"fill\"  >\n\t\t\t\t\t<img decoding=\"async\" src=\"https:\/\/oldtimer-veranstaltung.de\/inserat\/wp-content\/plugins\/master-slider\/public\/assets\/css\/blank.gif\" alt=\"Willkommen bei den Classic-Days Schloss Dyck 2017\" title=\"\" data-src=\"https:\/\/oldtimer-veranstaltung.de\/inserat\/wp-content\/uploads\/2017\/08\/Willkommen-Classic-Days.jpg\" \/>\n\n\n\t<div class=\"ms-thumb\" ><div class=\"ms-tab-context\"><div class=\"&quot;ms-tab-context&quot;\"><\/div><\/div>\n<\/div>\n\t\t\t\t<\/div>\n\t\t\t\t<div  class=\"ms-slide\" data-delay=\"3\" data-fill-mode=\"fill\"  >\n\t\t\t\t\t<img decoding=\"async\" src=\"https:\/\/oldtimer-veranstaltung.de\/inserat\/wp-content\/plugins\/master-slider\/public\/assets\/css\/blank.gif\" alt=\"Talbot-Matra-Rancho\" title=\"\" data-src=\"https:\/\/oldtimer-veranstaltung.de\/inserat\/wp-content\/uploads\/2017\/08\/Talbot-Matra-Rancho_1a.jpg\" \/>\n\n\n\t<div class=\"ms-thumb\" ><div class=\"ms-tab-context\"><div class=\"&quot;ms-tab-context&quot;\"><\/div><\/div>\n<\/div>\n\t\t\t\t<\/div>\n\t\t\t\t<div  class=\"ms-slide\" data-delay=\"3\" data-fill-mode=\"fill\"  >\n\t\t\t\t\t<img decoding=\"async\" src=\"https:\/\/oldtimer-veranstaltung.de\/inserat\/wp-content\/plugins\/master-slider\/public\/assets\/css\/blank.gif\" alt=\"Stanley Steamer Typ K 1908\" title=\"\" data-src=\"https:\/\/oldtimer-veranstaltung.de\/inserat\/wp-content\/uploads\/2017\/08\/Stanley_NL_1.jpg\" \/>\n\n\n\t<div class=\"ms-thumb\" ><div class=\"ms-tab-context\"><div class=\"&quot;ms-tab-context&quot;\"><\/div><\/div>\n<\/div>\n\t\t\t\t<\/div>\n\t\t\t\t<div  class=\"ms-slide\" data-delay=\"3\" data-fill-mode=\"fill\"  >\n\t\t\t\t\t<img decoding=\"async\" src=\"https:\/\/oldtimer-veranstaltung.de\/inserat\/wp-content\/plugins\/master-slider\/public\/assets\/css\/blank.gif\" alt=\"Stanley Steam Car 1919 mit Baker-Dampferzeuger\" title=\"\" data-src=\"https:\/\/oldtimer-veranstaltung.de\/inserat\/wp-content\/uploads\/2017\/08\/Stanley-Steam-Car_1c.jpg\" \/>\n\n\n\t<div class=\"ms-thumb\" ><div class=\"ms-tab-context\"><div class=\"&quot;ms-tab-context&quot;\"><\/div><\/div>\n<\/div>\n\t\t\t\t<\/div>\n\t\t\t\t<div  class=\"ms-slide\" data-delay=\"3\" data-fill-mode=\"fill\"  >\n\t\t\t\t\t<img decoding=\"async\" src=\"https:\/\/oldtimer-veranstaltung.de\/inserat\/wp-content\/plugins\/master-slider\/public\/assets\/css\/blank.gif\" alt=\"Skoda 645 - 1931\" title=\"\" data-src=\"https:\/\/oldtimer-veranstaltung.de\/inserat\/wp-content\/uploads\/2017\/08\/Skoda-645_1a.jpg\" \/>\n\n\n\t<div class=\"ms-thumb\" ><div class=\"ms-tab-context\"><div class=\"&quot;ms-tab-context&quot;\"><\/div><\/div>\n<\/div>\n\t\t\t\t<\/div>\n\t\t\t\t<div  class=\"ms-slide\" data-delay=\"3\" data-fill-mode=\"fill\"  >\n\t\t\t\t\t<img decoding=\"async\" src=\"https:\/\/oldtimer-veranstaltung.de\/inserat\/wp-content\/plugins\/master-slider\/public\/assets\/css\/blank.gif\" alt=\"SIATA Cabrio und Dame mit passendem Kleid\" title=\"\" data-src=\"https:\/\/oldtimer-veranstaltung.de\/inserat\/wp-content\/uploads\/2017\/08\/SIATA-Dame.jpg\" \/>\n\n\n\t<div class=\"ms-thumb\" ><div class=\"ms-tab-context\"><div class=\"&quot;ms-tab-context&quot;\"><\/div><\/div>\n<\/div>\n\t\t\t\t<\/div>\n\t\t\t\t<div  class=\"ms-slide\" data-delay=\"3\" data-fill-mode=\"fill\"  >\n\t\t\t\t\t<img decoding=\"async\" src=\"https:\/\/oldtimer-veranstaltung.de\/inserat\/wp-content\/plugins\/master-slider\/public\/assets\/css\/blank.gif\" alt=\"Ruhepause\" title=\"\" data-src=\"https:\/\/oldtimer-veranstaltung.de\/inserat\/wp-content\/uploads\/2017\/08\/Ruhepause.jpg\" \/>\n\n\n\t<div class=\"ms-thumb\" ><div class=\"ms-tab-context\"><div class=\"&quot;ms-tab-context&quot;\"><\/div><\/div>\n<\/div>\n\t\t\t\t<\/div>\n\t\t\t\t<div  class=\"ms-slide\" data-delay=\"3\" data-fill-mode=\"fill\"  >\n\t\t\t\t\t<img decoding=\"async\" src=\"https:\/\/oldtimer-veranstaltung.de\/inserat\/wp-content\/plugins\/master-slider\/public\/assets\/css\/blank.gif\" alt=\"Rover P5B Coupe 1973\" title=\"\" data-src=\"https:\/\/oldtimer-veranstaltung.de\/inserat\/wp-content\/uploads\/2017\/08\/Rover-P5B-Coupe_1a.jpg\" \/>\n\n\n\t<div class=\"ms-thumb\" ><div class=\"ms-tab-context\"><div class=\"&quot;ms-tab-context&quot;\"><\/div><\/div>\n<\/div>\n\t\t\t\t<\/div>\n\t\t\t\t<div  class=\"ms-slide\" data-delay=\"3\" data-fill-mode=\"fill\"  >\n\t\t\t\t\t<img decoding=\"async\" src=\"https:\/\/oldtimer-veranstaltung.de\/inserat\/wp-content\/plugins\/master-slider\/public\/assets\/css\/blank.gif\" alt=\"Renault LKW\" title=\"\" data-src=\"https:\/\/oldtimer-veranstaltung.de\/inserat\/wp-content\/uploads\/2017\/08\/Renault-LKW_1.jpg\" \/>\n\n\n\t<div class=\"ms-thumb\" ><div class=\"ms-tab-context\"><div class=\"&quot;ms-tab-context&quot;\"><\/div><\/div>\n<\/div>\n\t\t\t\t<\/div>\n\t\t\t\t<div  class=\"ms-slide\" data-delay=\"3\" data-fill-mode=\"fill\"  >\n\t\t\t\t\t<img decoding=\"async\" src=\"https:\/\/oldtimer-veranstaltung.de\/inserat\/wp-content\/plugins\/master-slider\/public\/assets\/css\/blank.gif\" alt=\"Rally Special\" title=\"\" data-src=\"https:\/\/oldtimer-veranstaltung.de\/inserat\/wp-content\/uploads\/2017\/08\/Rally-Special_1.jpg\" \/>\n\n\n\t<div class=\"ms-thumb\" ><div class=\"ms-tab-context\"><div class=\"&quot;ms-tab-context&quot;\"><\/div><\/div>\n<\/div>\n\t\t\t\t<\/div>\n\t\t\t\t<div  class=\"ms-slide\" data-delay=\"3\" data-fill-mode=\"fill\"  >\n\t\t\t\t\t<img decoding=\"async\" src=\"https:\/\/oldtimer-veranstaltung.de\/inserat\/wp-content\/plugins\/master-slider\/public\/assets\/css\/blank.gif\" alt=\"Porsche 911T - \u00d6lklappenmodell\" title=\"\" data-src=\"https:\/\/oldtimer-veranstaltung.de\/inserat\/wp-content\/uploads\/2017\/08\/Porsche-911T_1.jpg\" \/>\n\n\n\t<div class=\"ms-thumb\" ><div class=\"ms-tab-context\"><div class=\"&quot;ms-tab-context&quot;\"><\/div><\/div>\n<\/div>\n\t\t\t\t<\/div>\n\t\t\t\t<div  class=\"ms-slide\" data-delay=\"3\" data-fill-mode=\"fill\"  >\n\t\t\t\t\t<img decoding=\"async\" src=\"https:\/\/oldtimer-veranstaltung.de\/inserat\/wp-content\/plugins\/master-slider\/public\/assets\/css\/blank.gif\" alt=\"Porsche 911 RS 2,7 - 1973\" title=\"\" data-src=\"https:\/\/oldtimer-veranstaltung.de\/inserat\/wp-content\/uploads\/2017\/08\/Porsche-911-RS.jpg\" \/>\n\n\n\t<div class=\"ms-thumb\" ><div class=\"ms-tab-context\"><div class=\"&quot;ms-tab-context&quot;\"><\/div><\/div>\n<\/div>\n\t\t\t\t<\/div>\n\t\t\t\t<div  class=\"ms-slide\" data-delay=\"3\" data-fill-mode=\"fill\"  >\n\t\t\t\t\t<img decoding=\"async\" src=\"https:\/\/oldtimer-veranstaltung.de\/inserat\/wp-content\/plugins\/master-slider\/public\/assets\/css\/blank.gif\" alt=\"Porsche 911 Motor nach \u00dcberholung\" title=\"\" data-src=\"https:\/\/oldtimer-veranstaltung.de\/inserat\/wp-content\/uploads\/2017\/08\/Porsche-911-Motor_1.jpg\" \/>\n\n\n\t<div class=\"ms-thumb\" ><div class=\"ms-tab-context\"><div class=\"&quot;ms-tab-context&quot;\"><\/div><\/div>\n<\/div>\n\t\t\t\t<\/div>\n\t\t\t\t<div  class=\"ms-slide\" data-delay=\"3\" data-fill-mode=\"fill\"  >\n\t\t\t\t\t<img decoding=\"async\" src=\"https:\/\/oldtimer-veranstaltung.de\/inserat\/wp-content\/plugins\/master-slider\/public\/assets\/css\/blank.gif\" alt=\"Pontiac 1950\" title=\"\" data-src=\"https:\/\/oldtimer-veranstaltung.de\/inserat\/wp-content\/uploads\/2017\/08\/Pontiac-1950_1.jpg\" \/>\n\n\n\t<div class=\"ms-thumb\" ><div class=\"ms-tab-context\"><div class=\"&quot;ms-tab-context&quot;\"><\/div><\/div>\n<\/div>\n\t\t\t\t<\/div>\n\t\t\t\t<div  class=\"ms-slide\" data-delay=\"3\" data-fill-mode=\"fill\"  >\n\t\t\t\t\t<img decoding=\"async\" src=\"https:\/\/oldtimer-veranstaltung.de\/inserat\/wp-content\/plugins\/master-slider\/public\/assets\/css\/blank.gif\" alt=\"Panhard Lavassor Type X81-140 - 1939\" title=\"\" data-src=\"https:\/\/oldtimer-veranstaltung.de\/inserat\/wp-content\/uploads\/2017\/08\/Panhard-Lavassor-TypeX81-140_1a.jpg\" \/>\n\n\n\t<div class=\"ms-thumb\" ><div class=\"ms-tab-context\"><div class=\"&quot;ms-tab-context&quot;\"><\/div><\/div>\n<\/div>\n\t\t\t\t<\/div>\n\t\t\t\t<div  class=\"ms-slide\" data-delay=\"3\" data-fill-mode=\"fill\"  >\n\t\t\t\t\t<img decoding=\"async\" src=\"https:\/\/oldtimer-veranstaltung.de\/inserat\/wp-content\/plugins\/master-slider\/public\/assets\/css\/blank.gif\" alt=\"Opel Klasssik-Radfahrer\" title=\"\" data-src=\"https:\/\/oldtimer-veranstaltung.de\/inserat\/wp-content\/uploads\/2017\/08\/Opel-Klasssik-Radfahrer.jpg\" \/>\n\n\n\t<div class=\"ms-thumb\" ><div class=\"ms-tab-context\"><div class=\"&quot;ms-tab-context&quot;\"><\/div><\/div>\n<\/div>\n\t\t\t\t<\/div>\n\t\t\t\t<div  class=\"ms-slide\" data-delay=\"3\" data-fill-mode=\"fill\"  >\n\t\t\t\t\t<img decoding=\"async\" src=\"https:\/\/oldtimer-veranstaltung.de\/inserat\/wp-content\/plugins\/master-slider\/public\/assets\/css\/blank.gif\" alt=\"Opel Diplomat V8\" title=\"\" data-src=\"https:\/\/oldtimer-veranstaltung.de\/inserat\/wp-content\/uploads\/2017\/08\/Opel-Diplomat-V8_1.jpg\" \/>\n\n\n\t<div class=\"ms-thumb\" ><div class=\"ms-tab-context\"><div class=\"&quot;ms-tab-context&quot;\"><\/div><\/div>\n<\/div>\n\t\t\t\t<\/div>\n\t\t\t\t<div  class=\"ms-slide\" data-delay=\"3\" data-fill-mode=\"fill\"  >\n\t\t\t\t\t<img decoding=\"async\" src=\"https:\/\/oldtimer-veranstaltung.de\/inserat\/wp-content\/plugins\/master-slider\/public\/assets\/css\/blank.gif\" alt=\"Opel-Blitz Feuerwehr\" title=\"\" data-src=\"https:\/\/oldtimer-veranstaltung.de\/inserat\/wp-content\/uploads\/2017\/08\/Opel-Blitz-Feuerwehr.jpg\" \/>\n\n\n\t<div class=\"ms-thumb\" ><div class=\"ms-tab-context\"><div class=\"&quot;ms-tab-context&quot;\"><\/div><\/div>\n<\/div>\n\t\t\t\t<\/div>\n\t\t\t\t<div  class=\"ms-slide\" data-delay=\"3\" data-fill-mode=\"fill\"  >\n\t\t\t\t\t<img decoding=\"async\" src=\"https:\/\/oldtimer-veranstaltung.de\/inserat\/wp-content\/plugins\/master-slider\/public\/assets\/css\/blank.gif\" alt=\"Ockelbo Sports-Racer - 1950\" title=\"\" data-src=\"https:\/\/oldtimer-veranstaltung.de\/inserat\/wp-content\/uploads\/2017\/08\/Ockelbo-sports-Racer_1a.jpg\" \/>\n\n\n\t<div class=\"ms-thumb\" ><div class=\"ms-tab-context\"><div class=\"&quot;ms-tab-context&quot;\"><\/div><\/div>\n<\/div>\n\t\t\t\t<\/div>\n\t\t\t\t<div  class=\"ms-slide\" data-delay=\"3\" data-fill-mode=\"fill\"  >\n\t\t\t\t\t<img decoding=\"async\" src=\"https:\/\/oldtimer-veranstaltung.de\/inserat\/wp-content\/plugins\/master-slider\/public\/assets\/css\/blank.gif\" alt=\"Nash-Healey - 1953\" title=\"\" data-src=\"https:\/\/oldtimer-veranstaltung.de\/inserat\/wp-content\/uploads\/2017\/08\/Nash-Healey-1953_2.jpg\" \/>\n\n\n\t<div class=\"ms-thumb\" ><div class=\"ms-tab-context\"><div class=\"&quot;ms-tab-context&quot;\"><\/div><\/div>\n<\/div>\n\t\t\t\t<\/div>\n\t\t\t\t<div  class=\"ms-slide\" data-delay=\"3\" data-fill-mode=\"fill\"  >\n\t\t\t\t\t<img decoding=\"async\" src=\"https:\/\/oldtimer-veranstaltung.de\/inserat\/wp-content\/plugins\/master-slider\/public\/assets\/css\/blank.gif\" alt=\"Mode der vergangene-Jahrzehnte\" title=\"\" data-src=\"https:\/\/oldtimer-veranstaltung.de\/inserat\/wp-content\/uploads\/2017\/08\/Mode-vergangene-Jahrzehnte_1.jpg\" \/>\n\n\n\t<div class=\"ms-thumb\" ><div class=\"ms-tab-context\"><div class=\"&quot;ms-tab-context&quot;\"><\/div><\/div>\n<\/div>\n\t\t\t\t<\/div>\n\t\t\t\t<div  class=\"ms-slide\" data-delay=\"3\" data-fill-mode=\"fill\"  >\n\t\t\t\t\t<img decoding=\"async\" src=\"https:\/\/oldtimer-veranstaltung.de\/inserat\/wp-content\/plugins\/master-slider\/public\/assets\/css\/blank.gif\" alt=\"Clubtreffen auf dem Miscanthusfeld\" title=\"\" data-src=\"https:\/\/oldtimer-veranstaltung.de\/inserat\/wp-content\/uploads\/2017\/08\/Miscanthusfeld_2.jpg\" \/>\n\n\n\t<div class=\"ms-thumb\" ><div class=\"ms-tab-context\"><div class=\"&quot;ms-tab-context&quot;\"><\/div><\/div>\n<\/div>\n\t\t\t\t<\/div>\n\t\t\t\t<div  class=\"ms-slide\" data-delay=\"3\" data-fill-mode=\"fill\"  >\n\t\t\t\t\t<img decoding=\"async\" src=\"https:\/\/oldtimer-veranstaltung.de\/inserat\/wp-content\/plugins\/master-slider\/public\/assets\/css\/blank.gif\" alt=\"Clubtreffen auf dem Miscanthusfeld\" title=\"\" data-src=\"https:\/\/oldtimer-veranstaltung.de\/inserat\/wp-content\/uploads\/2017\/08\/Miscanthusfeld_1.jpg\" \/>\n\n\n\t<div class=\"ms-thumb\" ><div class=\"ms-tab-context\"><div class=\"&quot;ms-tab-context&quot;\"><\/div><\/div>\n<\/div>\n\t\t\t\t<\/div>\n\t\t\t\t<div  class=\"ms-slide\" data-delay=\"3\" data-fill-mode=\"fill\"  >\n\t\t\t\t\t<img decoding=\"async\" src=\"https:\/\/oldtimer-veranstaltung.de\/inserat\/wp-content\/plugins\/master-slider\/public\/assets\/css\/blank.gif\" alt=\"MG Midget TA - 1938\" title=\"\" data-src=\"https:\/\/oldtimer-veranstaltung.de\/inserat\/wp-content\/uploads\/2017\/08\/MG-Midget-TA-1938_1a.jpg\" \/>\n\n\n\t<div class=\"ms-thumb\" ><div class=\"ms-tab-context\"><div class=\"&quot;ms-tab-context&quot;\"><\/div><\/div>\n<\/div>\n\t\t\t\t<\/div>\n\t\t\t\t<div  class=\"ms-slide\" data-delay=\"3\" data-fill-mode=\"fill\"  >\n\t\t\t\t\t<img decoding=\"async\" src=\"https:\/\/oldtimer-veranstaltung.de\/inserat\/wp-content\/plugins\/master-slider\/public\/assets\/css\/blank.gif\" alt=\"MG\" title=\"\" data-src=\"https:\/\/oldtimer-veranstaltung.de\/inserat\/wp-content\/uploads\/2017\/08\/MG-Flosse_1a.jpg\" \/>\n\n\n\t<div class=\"ms-thumb\" ><div class=\"ms-tab-context\"><div class=\"&quot;ms-tab-context&quot;\"><\/div><\/div>\n<\/div>\n\t\t\t\t<\/div>\n\t\t\t\t<div  class=\"ms-slide\" data-delay=\"3\" data-fill-mode=\"fill\"  >\n\t\t\t\t\t<img decoding=\"async\" src=\"https:\/\/oldtimer-veranstaltung.de\/inserat\/wp-content\/plugins\/master-slider\/public\/assets\/css\/blank.gif\" alt=\"Lovely Heroes im Messerschmitt\" title=\"\" data-src=\"https:\/\/oldtimer-veranstaltung.de\/inserat\/wp-content\/uploads\/2017\/08\/Messerschmitt-Baeren.jpg\" \/>\n\n\n\t<div class=\"ms-thumb\" ><div class=\"ms-tab-context\"><div class=\"&quot;ms-tab-context&quot;\"><\/div><\/div>\n<\/div>\n\t\t\t\t<\/div>\n\t\t\t\t<div  class=\"ms-slide\" data-delay=\"3\" data-fill-mode=\"fill\"  >\n\t\t\t\t\t<img decoding=\"async\" src=\"https:\/\/oldtimer-veranstaltung.de\/inserat\/wp-content\/plugins\/master-slider\/public\/assets\/css\/blank.gif\" alt=\"Es gibt immer etwas zu schrauben\" title=\"\" data-src=\"https:\/\/oldtimer-veranstaltung.de\/inserat\/wp-content\/uploads\/2017\/08\/Mechaniker.jpg\" \/>\n\n\n\t<div class=\"ms-thumb\" ><div class=\"ms-tab-context\"><div class=\"&quot;ms-tab-context&quot;\"><\/div><\/div>\n<\/div>\n\t\t\t\t<\/div>\n\t\t\t\t<div  class=\"ms-slide\" data-delay=\"3\" data-fill-mode=\"fill\"  >\n\t\t\t\t\t<img decoding=\"async\" src=\"https:\/\/oldtimer-veranstaltung.de\/inserat\/wp-content\/plugins\/master-slider\/public\/assets\/css\/blank.gif\" alt=\"MB Vorkriegs Roadster\" title=\"\" data-src=\"https:\/\/oldtimer-veranstaltung.de\/inserat\/wp-content\/uploads\/2017\/08\/MB-Vorkrieg-Roadster.jpg\" \/>\n\n\n\t<div class=\"ms-thumb\" ><div class=\"ms-tab-context\"><div class=\"&quot;ms-tab-context&quot;\"><\/div><\/div>\n<\/div>\n\t\t\t\t<\/div>\n\t\t\t\t<div  class=\"ms-slide\" data-delay=\"3\" data-fill-mode=\"fill\"  >\n\t\t\t\t\t<img decoding=\"async\" src=\"https:\/\/oldtimer-veranstaltung.de\/inserat\/wp-content\/plugins\/master-slider\/public\/assets\/css\/blank.gif\" alt=\"MB Vorkriegs Cabrio\" title=\"\" data-src=\"https:\/\/oldtimer-veranstaltung.de\/inserat\/wp-content\/uploads\/2017\/08\/MB-Vorkireg-Cabrio_1.jpg\" \/>\n\n\n\t<div class=\"ms-thumb\" ><div class=\"ms-tab-context\"><div class=\"&quot;ms-tab-context&quot;\"><\/div><\/div>\n<\/div>\n\t\t\t\t<\/div>\n\t\t\t\t<div  class=\"ms-slide\" data-delay=\"3\" data-fill-mode=\"fill\"  >\n\t\t\t\t\t<img decoding=\"async\" src=\"https:\/\/oldtimer-veranstaltung.de\/inserat\/wp-content\/plugins\/master-slider\/public\/assets\/css\/blank.gif\" alt=\"MB SS Typ W06\" title=\"\" data-src=\"https:\/\/oldtimer-veranstaltung.de\/inserat\/wp-content\/uploads\/2017\/08\/MB-SS-W06_1a.jpg\" \/>\n\n\n\t<div class=\"ms-thumb\" ><div class=\"ms-tab-context\"><div class=\"&quot;ms-tab-context&quot;\"><\/div><\/div>\n<\/div>\n\t\t\t\t<\/div>\n\t\t\t\t<div  class=\"ms-slide\" data-delay=\"3\" data-fill-mode=\"fill\"  >\n\t\t\t\t\t<img decoding=\"async\" src=\"https:\/\/oldtimer-veranstaltung.de\/inserat\/wp-content\/plugins\/master-slider\/public\/assets\/css\/blank.gif\" alt=\"MB SK\" title=\"\" data-src=\"https:\/\/oldtimer-veranstaltung.de\/inserat\/wp-content\/uploads\/2017\/08\/MB-SK_1.jpg\" \/>\n\n\n\t<div class=\"ms-thumb\" ><div class=\"ms-tab-context\"><div class=\"&quot;ms-tab-context&quot;\"><\/div><\/div>\n<\/div>\n\t\t\t\t<\/div>\n\t\t\t\t<div  class=\"ms-slide\" data-delay=\"3\" data-fill-mode=\"fill\"  >\n\t\t\t\t\t<img decoding=\"async\" src=\"https:\/\/oldtimer-veranstaltung.de\/inserat\/wp-content\/plugins\/master-slider\/public\/assets\/css\/blank.gif\" alt=\"Mercedes R107 und Pagode in rot\" title=\"\" data-src=\"https:\/\/oldtimer-veranstaltung.de\/inserat\/wp-content\/uploads\/2017\/08\/MB-R107-rot.jpg\" \/>\n\n\n\t<div class=\"ms-thumb\" ><div class=\"ms-tab-context\"><div class=\"&quot;ms-tab-context&quot;\"><\/div><\/div>\n<\/div>\n\t\t\t\t<\/div>\n\t\t\t\t<div  class=\"ms-slide\" data-delay=\"3\" data-fill-mode=\"fill\"  >\n\t\t\t\t\t<img decoding=\"async\" src=\"https:\/\/oldtimer-veranstaltung.de\/inserat\/wp-content\/plugins\/master-slider\/public\/assets\/css\/blank.gif\" alt=\"Lancia Flaminia Zagato\" title=\"\" data-src=\"https:\/\/oldtimer-veranstaltung.de\/inserat\/wp-content\/uploads\/2017\/08\/Lancia-Flaminia-Zagato_1a.jpg\" \/>\n\n\n\t<div class=\"ms-thumb\" ><div class=\"ms-tab-context\"><div class=\"&quot;ms-tab-context&quot;\"><\/div><\/div>\n<\/div>\n\t\t\t\t<\/div>\n\t\t\t\t<div  class=\"ms-slide\" data-delay=\"3\" data-fill-mode=\"fill\"  >\n\t\t\t\t\t<img decoding=\"async\" src=\"https:\/\/oldtimer-veranstaltung.de\/inserat\/wp-content\/plugins\/master-slider\/public\/assets\/css\/blank.gif\" alt=\"Lagonda V12 De-Ville - 1939\" title=\"\" data-src=\"https:\/\/oldtimer-veranstaltung.de\/inserat\/wp-content\/uploads\/2017\/08\/Lagonda-V12-De-Ville-1939_1a.jpg\" \/>\n\n\n\t<div class=\"ms-thumb\" ><div class=\"ms-tab-context\"><div class=\"&quot;ms-tab-context&quot;\"><\/div><\/div>\n<\/div>\n\t\t\t\t<\/div>\n\t\t\t\t<div  class=\"ms-slide\" data-delay=\"3\" data-fill-mode=\"fill\"  >\n\t\t\t\t\t<img decoding=\"async\" src=\"https:\/\/oldtimer-veranstaltung.de\/inserat\/wp-content\/plugins\/master-slider\/public\/assets\/css\/blank.gif\" alt=\"Krupp 801 Tanksattelzug\" title=\"\" data-src=\"https:\/\/oldtimer-veranstaltung.de\/inserat\/wp-content\/uploads\/2017\/08\/Krupp-801-Sattelzug.jpg\" \/>\n\n\n\t<div class=\"ms-thumb\" ><div class=\"ms-tab-context\"><div class=\"&quot;ms-tab-context&quot;\"><\/div><\/div>\n<\/div>\n\t\t\t\t<\/div>\n\t\t\t\t<div  class=\"ms-slide\" data-delay=\"3\" data-fill-mode=\"fill\"  >\n\t\t\t\t\t<img decoding=\"async\" src=\"https:\/\/oldtimer-veranstaltung.de\/inserat\/wp-content\/plugins\/master-slider\/public\/assets\/css\/blank.gif\" alt=\"Jaguar Rennwagen\" title=\"\" data-src=\"https:\/\/oldtimer-veranstaltung.de\/inserat\/wp-content\/uploads\/2017\/08\/Jaguar-Rennwagen.jpg\" \/>\n\n\n\t<div class=\"ms-thumb\" ><div class=\"ms-tab-context\"><div class=\"&quot;ms-tab-context&quot;\"><\/div><\/div>\n<\/div>\n\t\t\t\t<\/div>\n\t\t\t\t<div  class=\"ms-slide\" data-delay=\"3\" data-fill-mode=\"fill\"  >\n\t\t\t\t\t<img decoding=\"async\" src=\"https:\/\/oldtimer-veranstaltung.de\/inserat\/wp-content\/plugins\/master-slider\/public\/assets\/css\/blank.gif\" alt=\"Jaguar E-Type Rennwagen\" title=\"\" data-src=\"https:\/\/oldtimer-veranstaltung.de\/inserat\/wp-content\/uploads\/2017\/08\/Jaguar-E-Type-Rennwagen_1.jpg\" \/>\n\n\n\t<div class=\"ms-thumb\" ><div class=\"ms-tab-context\"><div class=\"&quot;ms-tab-context&quot;\"><\/div><\/div>\n<\/div>\n\t\t\t\t<\/div>\n\t\t\t\t<div  class=\"ms-slide\" data-delay=\"3\" data-fill-mode=\"fill\"  >\n\t\t\t\t\t<img decoding=\"async\" src=\"https:\/\/oldtimer-veranstaltung.de\/inserat\/wp-content\/plugins\/master-slider\/public\/assets\/css\/blank.gif\" alt=\"Jaguar E-Type Lightwight\" title=\"\" data-src=\"https:\/\/oldtimer-veranstaltung.de\/inserat\/wp-content\/uploads\/2017\/08\/Jaguar-E-Type-Lightwight_1.jpg\" \/>\n\n\n\t<div class=\"ms-thumb\" ><div class=\"ms-tab-context\"><div class=\"&quot;ms-tab-context&quot;\"><\/div><\/div>\n<\/div>\n\t\t\t\t<\/div>\n\t\t\t\t<div  class=\"ms-slide\" data-delay=\"3\" data-fill-mode=\"fill\"  >\n\t\t\t\t\t<img decoding=\"async\" src=\"https:\/\/oldtimer-veranstaltung.de\/inserat\/wp-content\/plugins\/master-slider\/public\/assets\/css\/blank.gif\" alt=\"Jaguar 420\" title=\"\" data-src=\"https:\/\/oldtimer-veranstaltung.de\/inserat\/wp-content\/uploads\/2017\/08\/Jaguar-420.jpg\" \/>\n\n\n\t<div class=\"ms-thumb\" ><div class=\"ms-tab-context\"><div class=\"&quot;ms-tab-context&quot;\"><\/div><\/div>\n<\/div>\n\t\t\t\t<\/div>\n\t\t\t\t<div  class=\"ms-slide\" data-delay=\"3\" data-fill-mode=\"fill\"  >\n\t\t\t\t\t<img decoding=\"async\" src=\"https:\/\/oldtimer-veranstaltung.de\/inserat\/wp-content\/plugins\/master-slider\/public\/assets\/css\/blank.gif\" alt=\"ISO-Rivolta Fidia\" title=\"\" data-src=\"https:\/\/oldtimer-veranstaltung.de\/inserat\/wp-content\/uploads\/2017\/08\/ISO-Rivolta-Fidia_1d.jpg\" \/>\n\n\n\t<div class=\"ms-thumb\" ><div class=\"ms-tab-context\"><div class=\"&quot;ms-tab-context&quot;\"><\/div><\/div>\n<\/div>\n\t\t\t\t<\/div>\n\t\t\t\t<div  class=\"ms-slide\" data-delay=\"3\" data-fill-mode=\"fill\"  >\n\t\t\t\t\t<img decoding=\"async\" src=\"https:\/\/oldtimer-veranstaltung.de\/inserat\/wp-content\/plugins\/master-slider\/public\/assets\/css\/blank.gif\" alt=\"Horch 853\" title=\"\" data-src=\"https:\/\/oldtimer-veranstaltung.de\/inserat\/wp-content\/uploads\/2017\/08\/Horch-853-Frau_1a.jpg\" \/>\n\n\n\t<div class=\"ms-thumb\" ><div class=\"ms-tab-context\"><div class=\"&quot;ms-tab-context&quot;\"><\/div><\/div>\n<\/div>\n\t\t\t\t<\/div>\n\t\t\t\t<div  class=\"ms-slide\" data-delay=\"3\" data-fill-mode=\"fill\"  >\n\t\t\t\t\t<img decoding=\"async\" src=\"https:\/\/oldtimer-veranstaltung.de\/inserat\/wp-content\/plugins\/master-slider\/public\/assets\/css\/blank.gif\" alt=\"Honda S600 - 1967\" title=\"\" data-src=\"https:\/\/oldtimer-veranstaltung.de\/inserat\/wp-content\/uploads\/2017\/08\/Honda-S600-1967.jpg\" \/>\n\n\n\t<div class=\"ms-thumb\" ><div class=\"ms-tab-context\"><div class=\"&quot;ms-tab-context&quot;\"><\/div><\/div>\n<\/div>\n\t\t\t\t<\/div>\n\t\t\t\t<div  class=\"ms-slide\" data-delay=\"3\" data-fill-mode=\"fill\"  >\n\t\t\t\t\t<img decoding=\"async\" src=\"https:\/\/oldtimer-veranstaltung.de\/inserat\/wp-content\/plugins\/master-slider\/public\/assets\/css\/blank.gif\" alt=\"Honda Monkey mit Fahrern\" title=\"\" data-src=\"https:\/\/oldtimer-veranstaltung.de\/inserat\/wp-content\/uploads\/2017\/08\/Honda-Monkey_1.jpg\" \/>\n\n\n\t<div class=\"ms-thumb\" ><div class=\"ms-tab-context\"><div class=\"&quot;ms-tab-context&quot;\"><\/div><\/div>\n<\/div>\n\t\t\t\t<\/div>\n\t\t\t\t<div  class=\"ms-slide\" data-delay=\"3\" data-fill-mode=\"fill\"  >\n\t\t\t\t\t<img decoding=\"async\" src=\"https:\/\/oldtimer-veranstaltung.de\/inserat\/wp-content\/plugins\/master-slider\/public\/assets\/css\/blank.gif\" alt=\"Honda Civic MKI\" title=\"\" data-src=\"https:\/\/oldtimer-veranstaltung.de\/inserat\/wp-content\/uploads\/2017\/08\/Honda-Civic-MKI.jpg\" \/>\n\n\n\t<div class=\"ms-thumb\" ><div class=\"ms-tab-context\"><div class=\"&quot;ms-tab-context&quot;\"><\/div><\/div>\n<\/div>\n\t\t\t\t<\/div>\n\t\t\t\t<div  class=\"ms-slide\" data-delay=\"3\" data-fill-mode=\"fill\"  >\n\t\t\t\t\t<img decoding=\"async\" src=\"https:\/\/oldtimer-veranstaltung.de\/inserat\/wp-content\/plugins\/master-slider\/public\/assets\/css\/blank.gif\" alt=\"Henschel LKW\" title=\"\" data-src=\"https:\/\/oldtimer-veranstaltung.de\/inserat\/wp-content\/uploads\/2017\/08\/Henschel-LKW.jpg\" \/>\n\n\n\t<div class=\"ms-thumb\" ><div class=\"ms-tab-context\"><div class=\"&quot;ms-tab-context&quot;\"><\/div><\/div>\n<\/div>\n\t\t\t\t<\/div>\n\t\t\t\t<div  class=\"ms-slide\" data-delay=\"3\" data-fill-mode=\"fill\"  >\n\t\t\t\t\t<img decoding=\"async\" src=\"https:\/\/oldtimer-veranstaltung.de\/inserat\/wp-content\/plugins\/master-slider\/public\/assets\/css\/blank.gif\" alt=\"Goli Dreirad\" title=\"\" data-src=\"https:\/\/oldtimer-veranstaltung.de\/inserat\/wp-content\/uploads\/2017\/08\/Goli-Dreirad_1.jpg\" \/>\n\n\n\t<div class=\"ms-thumb\" ><div class=\"ms-tab-context\"><div class=\"&quot;ms-tab-context&quot;\"><\/div><\/div>\n<\/div>\n\t\t\t\t<\/div>\n\t\t\t\t<div  class=\"ms-slide\" data-delay=\"3\" data-fill-mode=\"fill\"  >\n\t\t\t\t\t<img decoding=\"async\" src=\"https:\/\/oldtimer-veranstaltung.de\/inserat\/wp-content\/plugins\/master-slider\/public\/assets\/css\/blank.gif\" alt=\"Golf II Country\" title=\"\" data-src=\"https:\/\/oldtimer-veranstaltung.de\/inserat\/wp-content\/uploads\/2017\/08\/Golf-II-Country.jpg\" \/>\n\n\n\t<div class=\"ms-thumb\" ><div class=\"ms-tab-context\"><div class=\"&quot;ms-tab-context&quot;\"><\/div><\/div>\n<\/div>\n\t\t\t\t<\/div>\n\t\t\t\t<div  class=\"ms-slide\" data-delay=\"3\" data-fill-mode=\"fill\"  >\n\t\t\t\t\t<img decoding=\"async\" src=\"https:\/\/oldtimer-veranstaltung.de\/inserat\/wp-content\/plugins\/master-slider\/public\/assets\/css\/blank.gif\" alt=\"Ford V8 - 1937\" title=\"\" data-src=\"https:\/\/oldtimer-veranstaltung.de\/inserat\/wp-content\/uploads\/2017\/08\/Ford-V8-1937.jpg\" \/>\n\n\n\t<div class=\"ms-thumb\" ><div class=\"ms-tab-context\"><div class=\"&quot;ms-tab-context&quot;\"><\/div><\/div>\n<\/div>\n\t\t\t\t<\/div>\n\t\t\t\t<div  class=\"ms-slide\" data-delay=\"3\" data-fill-mode=\"fill\"  >\n\t\t\t\t\t<img decoding=\"async\" src=\"https:\/\/oldtimer-veranstaltung.de\/inserat\/wp-content\/plugins\/master-slider\/public\/assets\/css\/blank.gif\" alt=\"Ford und Opel LKWs\" title=\"\" data-src=\"https:\/\/oldtimer-veranstaltung.de\/inserat\/wp-content\/uploads\/2017\/08\/Ford-Opel-LKWs.jpg\" \/>\n\n\n\t<div class=\"ms-thumb\" ><div class=\"ms-tab-context\"><div class=\"&quot;ms-tab-context&quot;\"><\/div><\/div>\n<\/div>\n\t\t\t\t<\/div>\n\t\t\t\t<div  class=\"ms-slide\" data-delay=\"3\" data-fill-mode=\"fill\"  >\n\t\t\t\t\t<img decoding=\"async\" src=\"https:\/\/oldtimer-veranstaltung.de\/inserat\/wp-content\/plugins\/master-slider\/public\/assets\/css\/blank.gif\" alt=\"Ford France Comete\" title=\"\" data-src=\"https:\/\/oldtimer-veranstaltung.de\/inserat\/wp-content\/uploads\/2017\/08\/Ford-France-Comete_1a.jpg\" \/>\n\n\n\t<div class=\"ms-thumb\" ><div class=\"ms-tab-context\"><div class=\"&quot;ms-tab-context&quot;\"><\/div><\/div>\n<\/div>\n\t\t\t\t<\/div>\n\t\t\t\t<div  class=\"ms-slide\" data-delay=\"3\" data-fill-mode=\"fill\"  >\n\t\t\t\t\t<img decoding=\"async\" src=\"https:\/\/oldtimer-veranstaltung.de\/inserat\/wp-content\/plugins\/master-slider\/public\/assets\/css\/blank.gif\" alt=\"Ford Capri RS\" title=\"\" data-src=\"https:\/\/oldtimer-veranstaltung.de\/inserat\/wp-content\/uploads\/2017\/08\/Ford-Capri-RS.jpg\" \/>\n\n\n\t<div class=\"ms-thumb\" ><div class=\"ms-tab-context\"><div class=\"&quot;ms-tab-context&quot;\"><\/div><\/div>\n<\/div>\n\t\t\t\t<\/div>\n\t\t\t\t<div  class=\"ms-slide\" data-delay=\"3\" data-fill-mode=\"fill\"  >\n\t\t\t\t\t<img decoding=\"async\" src=\"https:\/\/oldtimer-veranstaltung.de\/inserat\/wp-content\/plugins\/master-slider\/public\/assets\/css\/blank.gif\" alt=\"Ford Bronco V8\" title=\"\" data-src=\"https:\/\/oldtimer-veranstaltung.de\/inserat\/wp-content\/uploads\/2017\/08\/Ford-Bronco-V8_1.jpg\" \/>\n\n\n\t<div class=\"ms-thumb\" ><div class=\"ms-tab-context\"><div class=\"&quot;ms-tab-context&quot;\"><\/div><\/div>\n<\/div>\n\t\t\t\t<\/div>\n\t\t\t\t<div  class=\"ms-slide\" data-delay=\"3\" data-fill-mode=\"fill\"  >\n\t\t\t\t\t<img decoding=\"async\" src=\"https:\/\/oldtimer-veranstaltung.de\/inserat\/wp-content\/plugins\/master-slider\/public\/assets\/css\/blank.gif\" alt=\"FIAT Multipla Taxi\" title=\"\" data-src=\"https:\/\/oldtimer-veranstaltung.de\/inserat\/wp-content\/uploads\/2017\/08\/FIAT-Taxi.jpg\" \/>\n\n\n\t<div class=\"ms-thumb\" ><div class=\"ms-tab-context\"><div class=\"&quot;ms-tab-context&quot;\"><\/div><\/div>\n<\/div>\n\t\t\t\t<\/div>\n\t\t\t\t<div  class=\"ms-slide\" data-delay=\"3\" data-fill-mode=\"fill\"  >\n\t\t\t\t\t<img decoding=\"async\" src=\"https:\/\/oldtimer-veranstaltung.de\/inserat\/wp-content\/plugins\/master-slider\/public\/assets\/css\/blank.gif\" alt=\"FIAT 124 Coupe\" title=\"\" data-src=\"https:\/\/oldtimer-veranstaltung.de\/inserat\/wp-content\/uploads\/2017\/08\/FIAT-124-Coupe-gruen.jpg\" \/>\n\n\n\t<div class=\"ms-thumb\" ><div class=\"ms-tab-context\"><div class=\"&quot;ms-tab-context&quot;\"><\/div><\/div>\n<\/div>\n\t\t\t\t<\/div>\n\t\t\t\t<div  class=\"ms-slide\" data-delay=\"3\" data-fill-mode=\"fill\"  >\n\t\t\t\t\t<img decoding=\"async\" src=\"https:\/\/oldtimer-veranstaltung.de\/inserat\/wp-content\/plugins\/master-slider\/public\/assets\/css\/blank.gif\" alt=\"Ferrari GTO Pininfarina\" title=\"\" data-src=\"https:\/\/oldtimer-veranstaltung.de\/inserat\/wp-content\/uploads\/2017\/08\/Ferrari-GTO-Pininfarina_1.jpg\" \/>\n\n\n\t<div class=\"ms-thumb\" ><div class=\"ms-tab-context\"><div class=\"&quot;ms-tab-context&quot;\"><\/div><\/div>\n<\/div>\n\t\t\t\t<\/div>\n\t\t\t\t<div  class=\"ms-slide\" data-delay=\"3\" data-fill-mode=\"fill\"  >\n\t\t\t\t\t<img decoding=\"async\" src=\"https:\/\/oldtimer-veranstaltung.de\/inserat\/wp-content\/plugins\/master-slider\/public\/assets\/css\/blank.gif\" alt=\"Ferrari 250GT Cabrio\" title=\"\" data-src=\"https:\/\/oldtimer-veranstaltung.de\/inserat\/wp-content\/uploads\/2017\/08\/Ferrari-250GT-Cabrio_1a.jpg\" \/>\n\n\n\t<div class=\"ms-thumb\" ><div class=\"ms-tab-context\"><div class=\"&quot;ms-tab-context&quot;\"><\/div><\/div>\n<\/div>\n\t\t\t\t<\/div>\n\t\t\t\t<div  class=\"ms-slide\" data-delay=\"3\" data-fill-mode=\"fill\"  >\n\t\t\t\t\t<img decoding=\"async\" src=\"https:\/\/oldtimer-veranstaltung.de\/inserat\/wp-content\/plugins\/master-slider\/public\/assets\/css\/blank.gif\" alt=\"Ferrari Coupe\" title=\"\" data-src=\"https:\/\/oldtimer-veranstaltung.de\/inserat\/wp-content\/uploads\/2017\/08\/Ferrari-Coupe.jpg\" \/>\n\n\n\t<div class=\"ms-thumb\" ><div class=\"ms-tab-context\"><div class=\"&quot;ms-tab-context&quot;\"><\/div><\/div>\n<\/div>\n\t\t\t\t<\/div>\n\t\t\t\t<div  class=\"ms-slide\" data-delay=\"3\" data-fill-mode=\"fill\"  >\n\t\t\t\t\t<img decoding=\"async\" src=\"https:\/\/oldtimer-veranstaltung.de\/inserat\/wp-content\/plugins\/master-slider\/public\/assets\/css\/blank.gif\" alt=\"Ferrari 195 - 1963\" title=\"\" data-src=\"https:\/\/oldtimer-veranstaltung.de\/inserat\/wp-content\/uploads\/2017\/08\/Ferrari-195-1963_1a.jpg\" \/>\n\n\n\t<div class=\"ms-thumb\" ><div class=\"ms-tab-context\"><div class=\"&quot;ms-tab-context&quot;\"><\/div><\/div>\n<\/div>\n\t\t\t\t<\/div>\n\t\t\t\t<div  class=\"ms-slide\" data-delay=\"3\" data-fill-mode=\"fill\"  >\n\t\t\t\t\t<img decoding=\"async\" src=\"https:\/\/oldtimer-veranstaltung.de\/inserat\/wp-content\/plugins\/master-slider\/public\/assets\/css\/blank.gif\" alt=\"Faun L8 Zugmaschine - 1961\" title=\"\" data-src=\"https:\/\/oldtimer-veranstaltung.de\/inserat\/wp-content\/uploads\/2017\/08\/Faun-L8_1a.jpg\" \/>\n\n\n\t<div class=\"ms-thumb\" ><div class=\"ms-tab-context\"><div class=\"&quot;ms-tab-context&quot;\"><\/div><\/div>\n<\/div>\n\t\t\t\t<\/div>\n\t\t\t\t<div  class=\"ms-slide\" data-delay=\"3\" data-fill-mode=\"fill\"  >\n\t\t\t\t\t<img decoding=\"async\" src=\"https:\/\/oldtimer-veranstaltung.de\/inserat\/wp-content\/plugins\/master-slider\/public\/assets\/css\/blank.gif\" alt=\"Delahaye 135M Cabrio\" title=\"\" data-src=\"https:\/\/oldtimer-veranstaltung.de\/inserat\/wp-content\/uploads\/2017\/08\/Delahaye-135M-Cabrio_1a.jpg\" \/>\n\n\n\t<div class=\"ms-thumb\" ><div class=\"ms-tab-context\"><div class=\"&quot;ms-tab-context&quot;\"><\/div><\/div>\n<\/div>\n\t\t\t\t<\/div>\n\t\t\t\t<div  class=\"ms-slide\" data-delay=\"3\" data-fill-mode=\"fill\"  >\n\t\t\t\t\t<img decoding=\"async\" src=\"https:\/\/oldtimer-veranstaltung.de\/inserat\/wp-content\/plugins\/master-slider\/public\/assets\/css\/blank.gif\" alt=\"Delage D8 SS - 1931\" title=\"\" data-src=\"https:\/\/oldtimer-veranstaltung.de\/inserat\/wp-content\/uploads\/2017\/08\/Delage-D8-SS-1931_1a.jpg\" \/>\n\n\n\t<div class=\"ms-thumb\" ><div class=\"ms-tab-context\"><div class=\"&quot;ms-tab-context&quot;\"><\/div><\/div>\n<\/div>\n\t\t\t\t<\/div>\n\t\t\t\t<div  class=\"ms-slide\" data-delay=\"3\" data-fill-mode=\"fill\"  >\n\t\t\t\t\t<img decoding=\"async\" src=\"https:\/\/oldtimer-veranstaltung.de\/inserat\/wp-content\/plugins\/master-slider\/public\/assets\/css\/blank.gif\" alt=\"Delage D8\" title=\"\" data-src=\"https:\/\/oldtimer-veranstaltung.de\/inserat\/wp-content\/uploads\/2017\/08\/Delage-D8_1a.jpg\" \/>\n\n\n\t<div class=\"ms-thumb\" ><div class=\"ms-tab-context\"><div class=\"&quot;ms-tab-context&quot;\"><\/div><\/div>\n<\/div>\n\t\t\t\t<\/div>\n\t\t\t\t<div  class=\"ms-slide\" data-delay=\"3\" data-fill-mode=\"fill\"  >\n\t\t\t\t\t<img decoding=\"async\" src=\"https:\/\/oldtimer-veranstaltung.de\/inserat\/wp-content\/plugins\/master-slider\/public\/assets\/css\/blank.gif\" alt=\"Cyclecar\" title=\"\" data-src=\"https:\/\/oldtimer-veranstaltung.de\/inserat\/wp-content\/uploads\/2017\/08\/Cyclecar_1.jpg\" \/>\n\n\n\t<div class=\"ms-thumb\" ><div class=\"ms-tab-context\"><div class=\"&quot;ms-tab-context&quot;\"><\/div><\/div>\n<\/div>\n\t\t\t\t<\/div>\n\t\t\t\t<div  class=\"ms-slide\" data-delay=\"3\" data-fill-mode=\"fill\"  >\n\t\t\t\t\t<img decoding=\"async\" src=\"https:\/\/oldtimer-veranstaltung.de\/inserat\/wp-content\/plugins\/master-slider\/public\/assets\/css\/blank.gif\" alt=\"Chevron Rennwagen\" title=\"\" data-src=\"https:\/\/oldtimer-veranstaltung.de\/inserat\/wp-content\/uploads\/2017\/08\/Chevron-1a.jpg\" \/>\n\n\n\t<div class=\"ms-thumb\" ><div class=\"ms-tab-context\"><div class=\"&quot;ms-tab-context&quot;\"><\/div><\/div>\n<\/div>\n\t\t\t\t<\/div>\n\t\t\t\t<div  class=\"ms-slide\" data-delay=\"3\" data-fill-mode=\"fill\"  >\n\t\t\t\t\t<img decoding=\"async\" src=\"https:\/\/oldtimer-veranstaltung.de\/inserat\/wp-content\/plugins\/master-slider\/public\/assets\/css\/blank.gif\" alt=\"Chevrolet International 6 Tourer\" title=\"\" data-src=\"https:\/\/oldtimer-veranstaltung.de\/inserat\/wp-content\/uploads\/2017\/08\/Chevrolet-Int-6-Tourer_1a.jpg\" \/>\n\n\n\t<div class=\"ms-thumb\" ><div class=\"ms-tab-context\"><div class=\"&quot;ms-tab-context&quot;\"><\/div><\/div>\n<\/div>\n\t\t\t\t<\/div>\n\t\t\t\t<div  class=\"ms-slide\" data-delay=\"3\" data-fill-mode=\"fill\"  >\n\t\t\t\t\t<img decoding=\"async\" src=\"https:\/\/oldtimer-veranstaltung.de\/inserat\/wp-content\/plugins\/master-slider\/public\/assets\/css\/blank.gif\" alt=\"Buick Special 8 Sedan\" title=\"\" data-src=\"https:\/\/oldtimer-veranstaltung.de\/inserat\/wp-content\/uploads\/2017\/08\/Buick-Special-8-Sedan_1b.jpg\" \/>\n\n\n\t<div class=\"ms-thumb\" ><div class=\"ms-tab-context\"><div class=\"&quot;ms-tab-context&quot;\"><\/div><\/div>\n<\/div>\n\t\t\t\t<\/div>\n\t\t\t\t<div  class=\"ms-slide\" data-delay=\"3\" data-fill-mode=\"fill\"  >\n\t\t\t\t\t<img decoding=\"async\" src=\"https:\/\/oldtimer-veranstaltung.de\/inserat\/wp-content\/plugins\/master-slider\/public\/assets\/css\/blank.gif\" alt=\"Bristol Coachwork\" title=\"\" data-src=\"https:\/\/oldtimer-veranstaltung.de\/inserat\/wp-content\/uploads\/2017\/08\/Bristol-Coachwork_1a.jpg\" \/>\n\n\n\t<div class=\"ms-thumb\" ><div class=\"ms-tab-context\"><div class=\"&quot;ms-tab-context&quot;\"><\/div><\/div>\n<\/div>\n\t\t\t\t<\/div>\n\t\t\t\t<div  class=\"ms-slide\" data-delay=\"3\" data-fill-mode=\"fill\"  >\n\t\t\t\t\t<img decoding=\"async\" src=\"https:\/\/oldtimer-veranstaltung.de\/inserat\/wp-content\/plugins\/master-slider\/public\/assets\/css\/blank.gif\" alt=\"Bristol\" title=\"\" data-src=\"https:\/\/oldtimer-veranstaltung.de\/inserat\/wp-content\/uploads\/2017\/08\/Bristol_1.jpg\" \/>\n\n\n\t<div class=\"ms-thumb\" ><div class=\"ms-tab-context\"><div class=\"&quot;ms-tab-context&quot;\"><\/div><\/div>\n<\/div>\n\t\t\t\t<\/div>\n\t\t\t\t<div  class=\"ms-slide\" data-delay=\"3\" data-fill-mode=\"fill\"  >\n\t\t\t\t\t<img decoding=\"async\" src=\"https:\/\/oldtimer-veranstaltung.de\/inserat\/wp-content\/plugins\/master-slider\/public\/assets\/css\/blank.gif\" alt=\"Borgward LKW\" title=\"\" data-src=\"https:\/\/oldtimer-veranstaltung.de\/inserat\/wp-content\/uploads\/2017\/08\/Borgward-LKW.jpg\" \/>\n\n\n\t<div class=\"ms-thumb\" ><div class=\"ms-tab-context\"><div class=\"&quot;ms-tab-context&quot;\"><\/div><\/div>\n<\/div>\n\t\t\t\t<\/div>\n\t\t\t\t<div  class=\"ms-slide\" data-delay=\"3\" data-fill-mode=\"fill\"  >\n\t\t\t\t\t<img decoding=\"async\" src=\"https:\/\/oldtimer-veranstaltung.de\/inserat\/wp-content\/plugins\/master-slider\/public\/assets\/css\/blank.gif\" alt=\"\" title=\"\" data-src=\"https:\/\/oldtimer-veranstaltung.de\/inserat\/wp-content\/uploads\/2017\/08\/Boneschi-Cabrio-1100A_1a-1.jpg\" \/>\n\n\n\t<div class=\"ms-thumb\" ><div class=\"ms-tab-context\"><div class=\"&quot;ms-tab-context&quot;\"><\/div><\/div>\n<\/div>\n\t\t\t\t<\/div>\n\t\t\t\t<div  class=\"ms-slide\" data-delay=\"3\" data-fill-mode=\"fill\"  >\n\t\t\t\t\t<img decoding=\"async\" src=\"https:\/\/oldtimer-veranstaltung.de\/inserat\/wp-content\/plugins\/master-slider\/public\/assets\/css\/blank.gif\" alt=\"BMW 327\/328 Cabrio - 1938\" title=\"\" data-src=\"https:\/\/oldtimer-veranstaltung.de\/inserat\/wp-content\/uploads\/2017\/08\/BMW-327328-Cabrio-1938_1a.jpg\" \/>\n\n\n\t<div class=\"ms-thumb\" ><div class=\"ms-tab-context\"><div class=\"&quot;ms-tab-context&quot;\"><\/div><\/div>\n<\/div>\n\t\t\t\t<\/div>\n\t\t\t\t<div  class=\"ms-slide\" data-delay=\"3\" data-fill-mode=\"fill\"  >\n\t\t\t\t\t<img decoding=\"async\" src=\"https:\/\/oldtimer-veranstaltung.de\/inserat\/wp-content\/plugins\/master-slider\/public\/assets\/css\/blank.gif\" alt=\"Bentley Special\" title=\"\" data-src=\"https:\/\/oldtimer-veranstaltung.de\/inserat\/wp-content\/uploads\/2017\/08\/Bentley-Silber.jpg\" \/>\n\n\n\t<div class=\"ms-thumb\" ><div class=\"ms-tab-context\"><div class=\"&quot;ms-tab-context&quot;\"><\/div><\/div>\n<\/div>\n\t\t\t\t<\/div>\n\t\t\t\t<div  class=\"ms-slide\" data-delay=\"3\" data-fill-mode=\"fill\"  >\n\t\t\t\t\t<img decoding=\"async\" src=\"https:\/\/oldtimer-veranstaltung.de\/inserat\/wp-content\/plugins\/master-slider\/public\/assets\/css\/blank.gif\" alt=\"Bentley Sports Karosserie Park-Ward\" title=\"\" data-src=\"https:\/\/oldtimer-veranstaltung.de\/inserat\/wp-content\/uploads\/2017\/08\/Bentley-Park-Ward-Sports_1a.jpg\" \/>\n\n\n\t<div class=\"ms-thumb\" ><div class=\"ms-tab-context\"><div class=\"&quot;ms-tab-context&quot;\"><\/div><\/div>\n<\/div>\n\t\t\t\t<\/div>\n\t\t\t\t<div  class=\"ms-slide\" data-delay=\"3\" data-fill-mode=\"fill\"  >\n\t\t\t\t\t<img decoding=\"async\" src=\"https:\/\/oldtimer-veranstaltung.de\/inserat\/wp-content\/plugins\/master-slider\/public\/assets\/css\/blank.gif\" alt=\"Bentley Roots Gebl\u00e4se\" title=\"\" data-src=\"https:\/\/oldtimer-veranstaltung.de\/inserat\/wp-content\/uploads\/2017\/08\/Bentley-Kompressor_1.jpg\" \/>\n\n\n\t<div class=\"ms-thumb\" ><div class=\"ms-tab-context\"><div class=\"&quot;ms-tab-context&quot;\"><\/div><\/div>\n<\/div>\n\t\t\t\t<\/div>\n\t\t\t\t<div  class=\"ms-slide\" data-delay=\"3\" data-fill-mode=\"fill\"  >\n\t\t\t\t\t<img decoding=\"async\" src=\"https:\/\/oldtimer-veranstaltung.de\/inserat\/wp-content\/plugins\/master-slider\/public\/assets\/css\/blank.gif\" alt=\"Bentley Team\" title=\"\" data-src=\"https:\/\/oldtimer-veranstaltung.de\/inserat\/wp-content\/uploads\/2017\/08\/Bentley-Fahrer_1.jpg\" \/>\n\n\n\t<div class=\"ms-thumb\" ><div class=\"ms-tab-context\"><div class=\"&quot;ms-tab-context&quot;\"><\/div><\/div>\n<\/div>\n\t\t\t\t<\/div>\n\t\t\t\t<div  class=\"ms-slide\" data-delay=\"3\" data-fill-mode=\"fill\"  >\n\t\t\t\t\t<img decoding=\"async\" src=\"https:\/\/oldtimer-veranstaltung.de\/inserat\/wp-content\/plugins\/master-slider\/public\/assets\/css\/blank.gif\" alt=\"Cyclecars: Benjamin und Amilcar\" title=\"\" data-src=\"https:\/\/oldtimer-veranstaltung.de\/inserat\/wp-content\/uploads\/2017\/08\/Benjamin-Amilcar_.jpg\" \/>\n\n\n\t<div class=\"ms-thumb\" ><div class=\"ms-tab-context\"><div class=\"&quot;ms-tab-context&quot;\"><\/div><\/div>\n<\/div>\n\t\t\t\t<\/div>\n\t\t\t\t<div  class=\"ms-slide\" data-delay=\"3\" data-fill-mode=\"fill\"  >\n\t\t\t\t\t<img decoding=\"async\" src=\"https:\/\/oldtimer-veranstaltung.de\/inserat\/wp-content\/plugins\/master-slider\/public\/assets\/css\/blank.gif\" alt=\"Skoda Popular\" title=\"\" data-src=\"https:\/\/oldtimer-veranstaltung.de\/inserat\/wp-content\/uploads\/2017\/08\/Barou-Jaguar-XK-120_1b.jpg\" \/>\n\n\n\t<div class=\"ms-thumb\" ><div class=\"ms-tab-context\"><div class=\"&quot;ms-tab-context&quot;\"><\/div><\/div>\n<\/div>\n\t\t\t\t<\/div>\n\t\t\t\t<div  class=\"ms-slide\" data-delay=\"3\" data-fill-mode=\"fill\"  >\n\t\t\t\t\t<img decoding=\"async\" src=\"https:\/\/oldtimer-veranstaltung.de\/inserat\/wp-content\/plugins\/master-slider\/public\/assets\/css\/blank.gif\" alt=\"Barou Basis Jaguar XK-120\" title=\"\" data-src=\"https:\/\/oldtimer-veranstaltung.de\/inserat\/wp-content\/uploads\/2017\/08\/Barou-Jaguar-XK-120_1a.jpg\" \/>\n\n\n\t<div class=\"ms-thumb\" ><div class=\"ms-tab-context\"><div class=\"&quot;ms-tab-context&quot;\"><\/div><\/div>\n<\/div>\n\t\t\t\t<\/div>\n\t\t\t\t<div  class=\"ms-slide\" data-delay=\"3\" data-fill-mode=\"fill\"  >\n\t\t\t\t\t<img decoding=\"async\" src=\"https:\/\/oldtimer-veranstaltung.de\/inserat\/wp-content\/plugins\/master-slider\/public\/assets\/css\/blank.gif\" alt=\"Auburn\" title=\"\" data-src=\"https:\/\/oldtimer-veranstaltung.de\/inserat\/wp-content\/uploads\/2017\/08\/Auburn_1.jpg\" \/>\n\n\n\t<div class=\"ms-thumb\" ><div class=\"ms-tab-context\"><div class=\"&quot;ms-tab-context&quot;\"><\/div><\/div>\n<\/div>\n\t\t\t\t<\/div>\n\t\t\t\t<div  class=\"ms-slide\" data-delay=\"3\" data-fill-mode=\"fill\"  >\n\t\t\t\t\t<img decoding=\"async\" src=\"https:\/\/oldtimer-veranstaltung.de\/inserat\/wp-content\/plugins\/master-slider\/public\/assets\/css\/blank.gif\" alt=\"Fabrikat Atalante\" title=\"\" data-src=\"https:\/\/oldtimer-veranstaltung.de\/inserat\/wp-content\/uploads\/2017\/08\/Atalante_1.jpg\" \/>\n\n\n\t<div class=\"ms-thumb\" ><div class=\"ms-tab-context\"><div class=\"&quot;ms-tab-context&quot;\"><\/div><\/div>\n<\/div>\n\t\t\t\t<\/div>\n\t\t\t\t<div  class=\"ms-slide\" data-delay=\"3\" data-fill-mode=\"fill\"  >\n\t\t\t\t\t<img decoding=\"async\" src=\"https:\/\/oldtimer-veranstaltung.de\/inserat\/wp-content\/plugins\/master-slider\/public\/assets\/css\/blank.gif\" alt=\"Alvis Cabrio\" title=\"\" data-src=\"https:\/\/oldtimer-veranstaltung.de\/inserat\/wp-content\/uploads\/2017\/08\/Alvis-Cabrio_1a.jpg\" \/>\n\n\n\t<div class=\"ms-thumb\" ><div class=\"ms-tab-context\"><div class=\"&quot;ms-tab-context&quot;\"><\/div><\/div>\n<\/div>\n\t\t\t\t<\/div>\n\t\t\t\t<div  class=\"ms-slide\" data-delay=\"3\" data-fill-mode=\"fill\"  >\n\t\t\t\t\t<img decoding=\"async\" src=\"https:\/\/oldtimer-veranstaltung.de\/inserat\/wp-content\/plugins\/master-slider\/public\/assets\/css\/blank.gif\" alt=\"Alfa Rennwagen\" title=\"\" data-src=\"https:\/\/oldtimer-veranstaltung.de\/inserat\/wp-content\/uploads\/2017\/08\/Alfa-Rennwagen-Baeumler_1.jpg\" \/>\n\n\n\t<div class=\"ms-thumb\" ><div class=\"ms-tab-context\"><div class=\"&quot;ms-tab-context&quot;\"><\/div><\/div>\n<\/div>\n\t\t\t\t<\/div>\n\t\t\t\t<div  class=\"ms-slide\" data-delay=\"3\" data-fill-mode=\"fill\"  >\n\t\t\t\t\t<img decoding=\"async\" src=\"https:\/\/oldtimer-veranstaltung.de\/inserat\/wp-content\/plugins\/master-slider\/public\/assets\/css\/blank.gif\" alt=\"Alfa Guilia Carabinieri\" title=\"\" data-src=\"https:\/\/oldtimer-veranstaltung.de\/inserat\/wp-content\/uploads\/2017\/08\/Alfa-Polizei.jpg\" \/>\n\n\n\t<div class=\"ms-thumb\" ><div class=\"ms-tab-context\"><div class=\"&quot;ms-tab-context&quot;\"><\/div><\/div>\n<\/div>\n\t\t\t\t<\/div>\n\t\t\t\t<div  class=\"ms-slide\" data-delay=\"3\" data-fill-mode=\"fill\"  >\n\t\t\t\t\t<img decoding=\"async\" src=\"https:\/\/oldtimer-veranstaltung.de\/inserat\/wp-content\/plugins\/master-slider\/public\/assets\/css\/blank.gif\" alt=\"AFM Armaturen\" title=\"\" data-src=\"https:\/\/oldtimer-veranstaltung.de\/inserat\/wp-content\/uploads\/2017\/08\/AFM_1b.jpg\" \/>\n\n\n\t<div class=\"ms-thumb\" ><div class=\"ms-tab-context\"><div class=\"&quot;ms-tab-context&quot;\"><\/div><\/div>\n<\/div>\n\t\t\t\t<\/div>\n\t\t\t\t<div  class=\"ms-slide\" data-delay=\"3\" data-fill-mode=\"fill\"  >\n\t\t\t\t\t<img decoding=\"async\" src=\"https:\/\/oldtimer-veranstaltung.de\/inserat\/wp-content\/plugins\/master-slider\/public\/assets\/css\/blank.gif\" alt=\"Team mit Adler Motorrad\" title=\"\" data-src=\"https:\/\/oldtimer-veranstaltung.de\/inserat\/wp-content\/uploads\/2017\/08\/Adler-Motorrad.jpg\" \/>\n\n\n\t<div class=\"ms-thumb\" ><div class=\"ms-tab-context\"><div class=\"&quot;ms-tab-context&quot;\"><\/div><\/div>\n<\/div>\n\t\t\t\t<\/div>\n\t\t\t\t<div  class=\"ms-slide\" data-delay=\"3\" data-fill-mode=\"fill\"  >\n\t\t\t\t\t<img decoding=\"async\" src=\"https:\/\/oldtimer-veranstaltung.de\/inserat\/wp-content\/plugins\/master-slider\/public\/assets\/css\/blank.gif\" alt=\"AC-Bristol\" title=\"\" data-src=\"https:\/\/oldtimer-veranstaltung.de\/inserat\/wp-content\/uploads\/2017\/08\/AC-Bristol_1b.jpg\" \/>\n\n\n\t<div class=\"ms-thumb\" ><div class=\"ms-tab-context\"><div class=\"&quot;ms-tab-context&quot;\"><\/div><\/div>\n<\/div>\n\t\t\t\t<\/div>\n\t\t\t\t<div  class=\"ms-slide\" data-delay=\"3\" data-fill-mode=\"fill\"  >\n\t\t\t\t\t<img decoding=\"async\" src=\"https:\/\/oldtimer-veranstaltung.de\/inserat\/wp-content\/plugins\/master-slider\/public\/assets\/css\/blank.gif\" alt=\"Abarth Mono 1000\" title=\"\" data-src=\"https:\/\/oldtimer-veranstaltung.de\/inserat\/wp-content\/uploads\/2017\/08\/Abarth-Mono-1000_1a.jpg\" \/>\n\n\n\t<div class=\"ms-thumb\" ><div class=\"ms-tab-context\"><div class=\"&quot;ms-tab-context&quot;\"><\/div><\/div>\n<\/div>\n\t\t\t\t<\/div>\n\t\t\t\t<div  class=\"ms-slide\" data-delay=\"3\" data-fill-mode=\"fill\"  >\n\t\t\t\t\t<img decoding=\"async\" src=\"https:\/\/oldtimer-veranstaltung.de\/inserat\/wp-content\/plugins\/master-slider\/public\/assets\/css\/blank.gif\" alt=\"Abarth 1000GT\" title=\"\" data-src=\"https:\/\/oldtimer-veranstaltung.de\/inserat\/wp-content\/uploads\/2017\/08\/Abarth-1000GT_1a.jpg\" \/>\n\n\n\t<div class=\"ms-thumb\" ><div class=\"ms-tab-context\"><div class=\"&quot;ms-tab-context&quot;\"><\/div><\/div>\n<\/div>\n\t\t\t\t<\/div>\n\n\t\t\t<\/div>\n\t\t\t<!-- END MasterSlider Main -->\n\n\t\t\t \n\t\t<\/div>\n\t\t<!-- END MasterSlider -->\n\n\t\t<script>\n\t\t(function ( $ ) {\n\t\t\t\"use strict\";\n\n\t\t\t$(function () {\n\t\t\t\tvar masterslider_68eb = new MasterSlider();\n\n\t\t\t\t\/\/ slider controls\n\n\t\t\t\t\/\/ slider setup\n\t\t\t\tmasterslider_68eb.setup(\"MS69e6661d568eb\", {\n\t\t\t\t\t\twidth           : 730,\n\t\t\t\t\t\theight          : 500,\n\t\t\t\t\t\tminHeight       : 0,\n\t\t\t\t\t\tspace           : 2,\n\t\t\t\t\t\tstart           : 1,\n\t\t\t\t\t\tgrabCursor      : true,\n\t\t\t\t\t\tswipe           : true,\n\t\t\t\t\t\tmouse           : true,\n\t\t\t\t\t\tlayout          : \"boxed\",\n\t\t\t\t\t\twheel           : false,\n\t\t\t\t\t\tautoplay        : true,\n\t\t\t\t\t\tinstantStartLayers:false,\n\t\t\t\t\t\tloop            : true,\n\t\t\t\t\t\tshuffle         : false,\n\t\t\t\t\t\tpreload         : 2,\n\t\t\t\t\t\theightLimit     : true,\n\t\t\t\t\t\tautoHeight      : true,\n\t\t\t\t\t\tsmoothHeight    : true,\n\t\t\t\t\t\tendPause        : false,\n\t\t\t\t\t\toverPause       : true,\n\t\t\t\t\t\tfillMode        : \"fill\",\n\t\t\t\t\t\tcenterControls  : false,\n\t\t\t\t\t\tstartOnAppear   : true,\n\t\t\t\t\t\tlayersMode      : \"center\",\n\t\t\t\t\t\thideLayers      : false,\n\t\t\t\t\t\tfullscreenMargin: 0,\n\t\t\t\t\t\tspeed           : 10,\n\t\t\t\t\t\tdir             : \"h\",\n\t\t\t\t\t\tparallaxMode    : 'swipe',\n\t\t\t\t\t\tview            : \"fade\"\n\t\t\t\t});\n\n\t\t\t\t\n\t\t\t\twindow.masterslider_instances = window.masterslider_instances || [];\n\t\t\t\twindow.masterslider_instances.push( masterslider_68eb );\n\t\t\t });\n\n\t\t})(jQuery);\n\t\t<\/script>\n\n\n<p><strong>Hinweis<\/strong>: Bei Ber\u00fchrung eines Fotos mit dem Mauszeiger (PC) oder Finger (Smartphone, Tablet) wird der automatische Wechsel zum n\u00e4chsten Foto unterbrochen und die Beschreibung (Text) angezeigt.<\/p>\n<h3>Fahrzeuge im Schlamm<\/h3>\n<p><figure id=\"attachment_323\" aria-describedby=\"caption-attachment-323\" style=\"width: 250px\" class=\"wp-caption alignleft\"><img loading=\"lazy\" decoding=\"async\" src=\"https:\/\/oldtimer-veranstaltung.de\/inserat\/wp-content\/uploads\/2017\/08\/Im-Shuttle-Bus.jpg\" alt=\"Im Shuttle-Bus am Samstag Vormittag\" width=\"250\" height=\"173\" class=\"size-full wp-image-323\" \/><figcaption id=\"caption-attachment-323\" class=\"wp-caption-text\">Im Shuttle-Bus am Samstag Vormittag<\/figcaption><\/figure>Am Samstag erlebten die Besucher eine besondere Premiere des Open Air Festivals. Der Himmel \u00fcber Schloss Dyck \u00f6ffnete sich und es regnete in Str\u00f6men. In den Vorjahren hatte sich geradezu magisch eine sch\u00fctzende Hand u\u0308ber das Festival gelegt. Schlosspark, Dycker Feld und umliegende Feldparkpl\u00e4tze blieben regelm\u00e4\u00dfig von Regen und anderer Unbill verschont. Am ersten Augustwochenende zeigte sich zuerst das genaue Gegenteil. Ergiebiger Regen verwandelte das Gel\u00e4nde und besonders die Parkpla\u0308tze auf den Feldern in rutschige Schlammpisten. Eine Herausforderung, die das Classic Days Team mit Bravour meisterte. Strohballen wurden mit eigenen Fahrzeugen aus der Parkdekoration geholt, aufgel\u00f6st und das Stroh mit blo\u00dfen Ha\u0308nden auf den Wegen verstreut, um den zahlreichen Besuchern den Zugang zum Festival zu erm\u00f6glichen. Kn\u00f6cheltief im Schlamm steckend, wurden Besucher- und Teilnehmerfahrzeuge mit Muskelkraft auf ihre Position geschoben. Die herbeigerufenen Landwirte halfen mit ihren Treckern, die Liebhaberst\u00fccke mit ihren hilflos durchdrehenden R\u00e4dern auf festen Untergrund zu ziehen.<\/p>\n<h3>Britische Gelassenheit stand auf der Tagesordnung<\/h3>\n<p>Der \u00fcberwiegende Teil der Besucher reagierte mit Verst\u00e4ndnis, viele sogar mit gro\u00dfem Lob. \u201eEin Open Air bei Sonnenschein \u2013 dass kann jeder. Ihr schafft das auch bei Mistwetter\u201c. Das umfangreiche Programm entsch\u00e4digte die Zuschauer f\u00fcr Gummistiefel und Regenschirm. Manch einer hatte sich wohl bei den Mitgliedern des <a href=\"https:\/\/oldtimer-veranstaltung.de\/2015\/09\/der-unterschied-zwischen-bentley-und-bentley\/\">Benjafield Racing Club<\/a> abgeschaut, wie man charmant mit den Wetterverha\u0308ltnissen umgeht. Die <a href=\"https:\/\/oldtimer-veranstaltung.de\/inserat\/kennen-sie-die-bentley-boys\/\">Bentley Boys<\/a> reisten traditionell offen und auf eigener Achse mit ihren Rennwagen aus der Cricklewood-A\u0308ra an. \u201eWe have some rain between showers\u201c war ihr einziger Kommentar, bevor es auf die regennasse Rundstrecke ging.<\/p>\n<p>Die Classic Days waren wieder ein Fest f\u00fcr die Sinne. Es knallte, r\u00f6hrte und knatterte. Es roch nach \u00d6l, Benzin und hei\u00dfen Motoren. An jeder Ecke, in jedem Winkel gab es was zu entdecken: seltene Autos, sch\u00f6ne Kleider, liebevolle Dekorationen. Es war am Samstag erst nass und frisch, am Sonntag angenehm sommerlich warm. Alte und neue Freunde lagen sich lachend in den Armen und genossen gemeinsames Lunch am Picknicktisch oder ein Gl\u00e4schen an einer der zahlreichen Zeltterrassen. <\/p>\n<p>Weitere illustrierte Berichte findet der Leser im Beitrag <a href=\"https:\/\/oldtimer-veranstaltung.de\/2015\/08\/impressionen-classic-days-schloss-dyck\/\">Impressionen Classic Days Schloss Dyck<\/a>.<\/p>\n","protected":false},"excerpt":{"rendered":"<p>Bereits zum 12. Mal fand vom 4.-6. August 2017 die Classic Days auf Schloss Dyck (Rheinland) statt. Das Programm war wieder reich an Attraktionen im Bereich der diversen ausgestellten Fahrzeuge,&#8230;<\/p>\n","protected":false},"author":1,"featured_media":197,"comment_status":"closed","ping_status":"closed","sticky":false,"template":"","format":"standard","meta":{"footnotes":""},"categories":[738],"tags":[],"class_list":["post-195","post","type-post","status-publish","format-standard","has-post-thumbnail","hentry","category-bilder"],"_links":{"self":[{"href":"https:\/\/oldtimer-veranstaltung.de\/inserat\/wp-json\/wp\/v2\/posts\/195","targetHints":{"allow":["GET"]}}],"collection":[{"href":"https:\/\/oldtimer-veranstaltung.de\/inserat\/wp-json\/wp\/v2\/posts"}],"about":[{"href":"https:\/\/oldtimer-veranstaltung.de\/inserat\/wp-json\/wp\/v2\/types\/post"}],"author":[{"embeddable":true,"href":"https:\/\/oldtimer-veranstaltung.de\/inserat\/wp-json\/wp\/v2\/users\/1"}],"replies":[{"embeddable":true,"href":"https:\/\/oldtimer-veranstaltung.de\/inserat\/wp-json\/wp\/v2\/comments?post=195"}],"version-history":[{"count":0,"href":"https:\/\/oldtimer-veranstaltung.de\/inserat\/wp-json\/wp\/v2\/posts\/195\/revisions"}],"wp:featuredmedia":[{"embeddable":true,"href":"https:\/\/oldtimer-veranstaltung.de\/inserat\/wp-json\/wp\/v2\/media\/197"}],"wp:attachment":[{"href":"https:\/\/oldtimer-veranstaltung.de\/inserat\/wp-json\/wp\/v2\/media?parent=195"}],"wp:term":[{"taxonomy":"category","embeddable":true,"href":"https:\/\/oldtimer-veranstaltung.de\/inserat\/wp-json\/wp\/v2\/categories?post=195"},{"taxonomy":"post_tag","embeddable":true,"href":"https:\/\/oldtimer-veranstaltung.de\/inserat\/wp-json\/wp\/v2\/tags?post=195"}],"curies":[{"name":"wp","href":"https:\/\/api.w.org\/{rel}","templated":true}]}}