{"id":14103,"date":"2018-03-24T18:45:13","date_gmt":"2018-03-24T17:45:13","guid":{"rendered":"https:\/\/oldtimer-veranstaltung.de\/inserat\/?p=14103"},"modified":"2022-01-19T10:32:29","modified_gmt":"2022-01-19T09:32:29","slug":"impressionen-von-der-techno-classica-2018","status":"publish","type":"post","link":"https:\/\/oldtimer-veranstaltung.de\/inserat\/impressionen-von-der-techno-classica-2018\/","title":{"rendered":"Impressionen von der Techno Classica 2018"},"content":{"rendered":"<p>Die Veranstaltung in Essen war in diesem Jahr sehenswert, denn eine <a href=\"https:\/\/oldtimer-veranstaltung.de\/2018\/03\/vielfalt-der-oldtimer-szene-in-essen-2018\/\" title=\"Vielfalt der Automobilgeschichte\">Vielfalt der Automobilgeschichte<\/a> wurde dem Besucher angeboten. Es war f\u00fcr jeden Geschmack etwas zu sehen. <\/p>\n<figure id=\"attachment_14105\" aria-describedby=\"caption-attachment-14105\" style=\"width: 730px\" class=\"wp-caption aligncenter\"><a href=\"https:\/\/oldtimer-veranstaltung.de\/inserat\/wp-content\/uploads\/2018\/03\/Techno-Classica-2018_000.jpg\"><img loading=\"lazy\" decoding=\"async\" src=\"https:\/\/oldtimer-veranstaltung.de\/inserat\/wp-content\/uploads\/2018\/03\/Techno-Classica-2018_000.jpg\" alt=\"Techno-Classica-2018 - FIAT 600\" width=\"730\" height=\"548\" class=\"size-full wp-image-14105\" srcset=\"https:\/\/oldtimer-veranstaltung.de\/inserat\/wp-content\/uploads\/2018\/03\/Techno-Classica-2018_000.jpg 730w, https:\/\/oldtimer-veranstaltung.de\/inserat\/wp-content\/uploads\/2018\/03\/Techno-Classica-2018_000-300x225.jpg 300w\" sizes=\"auto, (max-width: 730px) 100vw, 730px\" \/><\/a><figcaption id=\"caption-attachment-14105\" class=\"wp-caption-text\">Techno-Classica-2018 &#8211; Original FIAT 600 und Modell<\/figcaption><\/figure>\n<p>Unser Gastautor Dr. Georg W.Pollak, sc. hat viele Eindr\u00fccke digital festgehalten:<\/p>\n<p>Hinweis: Mit Klick auf ein Foto mit dem Mauszeiger (PC) oder Ber\u00fchrung mit dem Finger (Smartphone, Tablet) wird der Wechsel zum n\u00e4chsten Foto durchgef\u00fchrt.<\/p>\n","protected":false},"excerpt":{"rendered":"<p>Die Veranstaltung in Essen war in diesem Jahr sehenswert, denn eine Vielfalt der Automobilgeschichte wurde dem Besucher angeboten. Es war f\u00fcr jeden Geschmack etwas zu sehen. Unser Gastautor Dr. Georg&#8230;<\/p>\n","protected":false},"author":1,"featured_media":0,"comment_status":"closed","ping_status":"closed","sticky":false,"template":"","format":"standard","meta":{"footnotes":""},"categories":[673,457,106],"tags":[182,174,185],"class_list":["post-14103","post","type-post","status-publish","format-standard","hentry","category-dr-georg-w-pollak-sc","category-gastautoren","category-reiseberichte","tag-fahrzeugtypen","tag-fotos","tag-veranstaltungsorte"],"_links":{"self":[{"href":"https:\/\/oldtimer-veranstaltung.de\/inserat\/wp-json\/wp\/v2\/posts\/14103","targetHints":{"allow":["GET"]}}],"collection":[{"href":"https:\/\/oldtimer-veranstaltung.de\/inserat\/wp-json\/wp\/v2\/posts"}],"about":[{"href":"https:\/\/oldtimer-veranstaltung.de\/inserat\/wp-json\/wp\/v2\/types\/post"}],"author":[{"embeddable":true,"href":"https:\/\/oldtimer-veranstaltung.de\/inserat\/wp-json\/wp\/v2\/users\/1"}],"replies":[{"embeddable":true,"href":"https:\/\/oldtimer-veranstaltung.de\/inserat\/wp-json\/wp\/v2\/comments?post=14103"}],"version-history":[{"count":0,"href":"https:\/\/oldtimer-veranstaltung.de\/inserat\/wp-json\/wp\/v2\/posts\/14103\/revisions"}],"wp:attachment":[{"href":"https:\/\/oldtimer-veranstaltung.de\/inserat\/wp-json\/wp\/v2\/media?parent=14103"}],"wp:term":[{"taxonomy":"category","embeddable":true,"href":"https:\/\/oldtimer-veranstaltung.de\/inserat\/wp-json\/wp\/v2\/categories?post=14103"},{"taxonomy":"post_tag","embeddable":true,"href":"https:\/\/oldtimer-veranstaltung.de\/inserat\/wp-json\/wp\/v2\/tags?post=14103"}],"curies":[{"name":"wp","href":"https:\/\/api.w.org\/{rel}","templated":true}]}}