{"id":1220,"date":"2013-08-07T19:29:45","date_gmt":"2013-08-07T17:29:45","guid":{"rendered":"https:\/\/oldtimer-veranstaltung.de\/inserat\/?p=1220"},"modified":"2022-01-19T11:16:33","modified_gmt":"2022-01-19T10:16:33","slug":"historische-werbemobile-nicht-nur-made-in-germany","status":"publish","type":"post","link":"https:\/\/oldtimer-veranstaltung.de\/inserat\/historische-werbemobile-nicht-nur-made-in-germany\/","title":{"rendered":"Historische Werbemobile nicht nur Made in Germany"},"content":{"rendered":"<p>Bei Temperaturen von teilweise mehr als 32 Grad gingen vom 2. bis 4. August die achten Schloss Dyck Classic Days in J\u00fcchen bei Neuss als der \u201ehei\u00dfeste\u201c Klassiker Event des Jahres an den Start.<\/p>\n<p>Das ist im doppelten Wortsinn gemeint, denn das zu den gr\u00f6\u00dften Oldtimer-Events seiner Art geh\u00f6rende Klassiker- und Motorsportfestival bot erneut eine einzigartige Mischung aus Clubtreffen, Top-Concours d\u00b4Elegance der FIVA \u2013 Kategorie A und vielf\u00e4ltigen H\u00f6hepunkte. <\/p>\n<p>Rund 27.000 Besucher erlebten Anfang August mehrere tausend klassische Fahrzeuge in der einzigartigen Atmosph\u00e4re des rheinischen Wasserschlosses Dyck. <\/p>\n<p><a href=\"https:\/\/oldtimer-veranstaltung.de\/inserat\/wp-content\/uploads\/2013\/08\/Historische-Werbemobile.jpg\"><img loading=\"lazy\" decoding=\"async\" src=\"https:\/\/oldtimer-veranstaltung.de\/inserat\/wp-content\/uploads\/2013\/08\/Historische-Werbemobile.jpg\" alt=\"Historische Werbemobile\" width=\"730\" height=\"548\" class=\"aligncenter size-full wp-image-1223\" srcset=\"https:\/\/oldtimer-veranstaltung.de\/inserat\/wp-content\/uploads\/2013\/08\/Historische-Werbemobile.jpg 730w, https:\/\/oldtimer-veranstaltung.de\/inserat\/wp-content\/uploads\/2013\/08\/Historische-Werbemobile-300x225.jpg 300w\" sizes=\"auto, (max-width: 730px) 100vw, 730px\" \/><\/a><\/p>\n<p>Die Organisatoren hatte eine gro\u00dfe Anzahl historischer Werbemobile unter dem Titel &#8222;Made in Germany&#8220; in die Parkanlagen eingeladen. Nat\u00fcrlich gab es auch Ausnahmen wie Citro\u00ebn,  Chevrolet und Plymouth, die nicht &#8222;Made in Germany&#8220; vorweisen konnten.<\/p>\n<p>Ich denke, dass eine so gro\u00dfe Anzahl Lieferwagen der 50er, 60er  und 70er Jahre noch nirgends vorher bisher zu sehen war.<\/p>\n<p>Es wurde ein breite Palette historischer Werbemobile gezeigt, die private Sammler und Firmen f\u00fcr das Wochenende zur Verf\u00fcgung gestellt haben. An Marken wurden pr\u00e4sentiert: <\/p>\n<p>BMW Isetta, Citro\u00ebn Typ H, Chevrolet, Ford FK 1250, Ford 17M  Kombi, Lloyd LT500, Manderbach, Mercedes Typ 319, Mercedes 170 Kombi, Opel Kadett Caravan, Opel Blitz, Peugeot 403, Plymouth PA Coach 1931, Tempo Dreir\u00e4der mit Pritsche und als Kastenwagen, VW Typ 147 \u201eFridolin\u201c, Volkswagen T1 in diversen Ausf\u00fchrungen u.a. Doppelkabine (Doka), VW T2 und VW Brezelk\u00e4fer mit Westfalia Anh\u00e4nger.<\/p>\n<p>Hinweis: Mit Klick auf ein Foto mit dem Mauszeiger (PC) oder Ber\u00fchrung mit dem Finger (Smartphone, Tablet) wird der Wechsel zum n\u00e4chsten Foto durchgef\u00fchrt.<\/p>\n<p>Alle gezeigten Lieferwagen und Nutzfahrzeuge befanden sich in betriebsf\u00e4higen Zustand und die Besucher zeigten gro\u00dfes Interesse. Damals wurde die Fahrzeuge und die Werbebeschriftung lackiert und noch nicht aufgeklebt. Die Fotogalerie zeigt die meisten Ausstellungsst\u00fccke im Park.<\/p>\n<p>Seit dem Jahr 2010 werden die Classic Days am Schloss Dyck von einer Veranstalter-Kooperation organisiert, vorbereitet und durchgef\u00fchrt. Diese Veranstaltergemeinschaft besteht aus der Classic Days Oldtimer- und Motorsport GmbH und der Stiftung Schloss Dyck. Ideeller Tr\u00e4ger und Initiator der Veranstaltung ist der Classic Days e.V. &#8211; ein ehrenamtlich und gemeinn\u00fctzig t\u00e4tiger Verein mit aktuell 89 Mitgliedern.<\/p>\n<p>Weitere Oldtimer mit zeitgen\u00f6ssischer Werbung finden Sie mit diesem <a href=\"https:\/\/oldtimer-veranstaltung.de\/inserat\/oldtimer-mit-werbung-im-einsatz\/\" title=\"Link zur Fotogalerie\" target=\"_blank\" rel=\"noopener\">Link<\/a>.<\/p>\n","protected":false},"excerpt":{"rendered":"<p>Bei Temperaturen von teilweise mehr als 32 Grad gingen vom 2. bis 4. August die achten Schloss Dyck Classic Days in J\u00fcchen bei Neuss als der \u201ehei\u00dfeste\u201c Klassiker Event des&#8230;<\/p>\n","protected":false},"author":1,"featured_media":0,"comment_status":"closed","ping_status":"closed","sticky":false,"template":"","format":"standard","meta":{"footnotes":""},"categories":[34],"tags":[184,185],"class_list":["post-1220","post","type-post","status-publish","format-standard","hentry","category-oldtimer-schaufenster","tag-dienstleistungen","tag-veranstaltungsorte"],"_links":{"self":[{"href":"https:\/\/oldtimer-veranstaltung.de\/inserat\/wp-json\/wp\/v2\/posts\/1220","targetHints":{"allow":["GET"]}}],"collection":[{"href":"https:\/\/oldtimer-veranstaltung.de\/inserat\/wp-json\/wp\/v2\/posts"}],"about":[{"href":"https:\/\/oldtimer-veranstaltung.de\/inserat\/wp-json\/wp\/v2\/types\/post"}],"author":[{"embeddable":true,"href":"https:\/\/oldtimer-veranstaltung.de\/inserat\/wp-json\/wp\/v2\/users\/1"}],"replies":[{"embeddable":true,"href":"https:\/\/oldtimer-veranstaltung.de\/inserat\/wp-json\/wp\/v2\/comments?post=1220"}],"version-history":[{"count":0,"href":"https:\/\/oldtimer-veranstaltung.de\/inserat\/wp-json\/wp\/v2\/posts\/1220\/revisions"}],"wp:attachment":[{"href":"https:\/\/oldtimer-veranstaltung.de\/inserat\/wp-json\/wp\/v2\/media?parent=1220"}],"wp:term":[{"taxonomy":"category","embeddable":true,"href":"https:\/\/oldtimer-veranstaltung.de\/inserat\/wp-json\/wp\/v2\/categories?post=1220"},{"taxonomy":"post_tag","embeddable":true,"href":"https:\/\/oldtimer-veranstaltung.de\/inserat\/wp-json\/wp\/v2\/tags?post=1220"}],"curies":[{"name":"wp","href":"https:\/\/api.w.org\/{rel}","templated":true}]}}